{"id":143399,"date":"2026-03-13T14:46:35","date_gmt":"2026-03-13T17:46:35","guid":{"rendered":"https:\/\/www.elsindical.com.ar\/notas\/?p=143399"},"modified":"2026-03-13T14:46:41","modified_gmt":"2026-03-13T17:46:41","slug":"diputados-de-la-oposicion-reciben-a-trabajadores-de-fate","status":"publish","type":"post","link":"https:\/\/www.elsindical.com.ar\/notas\/diputados-de-la-oposicion-reciben-a-trabajadores-de-fate\/","title":{"rendered":"Diputados de la oposici\u00f3n reciben a trabajadores de FATE"},"content":{"rendered":"<div class=\"wp-block-image\">\n<figure class=\"aligncenter size-full\"><a href=\"https:\/\/www.elsindical.com.ar\/notas\/var\/www\/html\/notas\/wp-content\/uploads\/2026\/03\/No-al-cierre-de-FATE.jpg\"><img loading=\"lazy\" decoding=\"async\" width=\"700\" height=\"394\" src=\"https:\/\/www.elsindical.com.ar\/notas\/var\/www\/html\/notas\/wp-content\/uploads\/2026\/03\/No-al-cierre-de-FATE.jpg\" alt=\"\" class=\"wp-image-143295\" srcset=\"https:\/\/www.elsindical.com.ar\/notas\/var\/www\/html\/notas\/wp-content\/uploads\/2026\/03\/No-al-cierre-de-FATE.jpg 700w, https:\/\/www.elsindical.com.ar\/notas\/var\/www\/html\/notas\/wp-content\/uploads\/2026\/03\/No-al-cierre-de-FATE-300x169.jpg 300w, https:\/\/www.elsindical.com.ar\/notas\/var\/www\/html\/notas\/wp-content\/uploads\/2026\/03\/No-al-cierre-de-FATE-460x260.jpg 460w\" sizes=\"auto, (max-width: 700px) 100vw, 700px\" \/><\/a><\/figure>\n<\/div>\n\n\n<p>Trabajadores de FATE se reunir\u00e1n esta tarde con diputados del FIT y Uni\u00f3n por la Patria.<\/p>\n\n\n\n<p>Diputados del <strong>Frente de Izquierda (FIT) y de Uni\u00f3n por la Patria (UxP), junto a trabajadores de FATE del Sindicato \u00danico de Trabajadores del Neum\u00e1tico (SUTNA)<\/strong>, convocaron para este viernes a una audiencia p\u00fablica a las 16 en la Sala 1 del Anexo A de la C\u00e1mara de Diputados.<\/p>\n\n\n\n<p>El encuentro se realizar\u00e1 para manifestar respaldo a los m\u00e1s de 900 trabajadores que se quedaron sin sus empleos por el cierre de la f\u00e1brica de neum\u00e1ticos argentina.<\/p>\n\n\n\n<p>Participar\u00e1 Alejandro Crespo, secretario general del SUTNA, junto a una delegaci\u00f3n de dirigentes seccionales, delegados y obreros de esa y otras f\u00e1bricas del neum\u00e1tico, se inform\u00f3 en un comunicado.<\/p>\n\n\n\n<p>Los referentes del FIT <strong>Romina Del Pl\u00e1 y N\u00e9stor Pitrola, organizadores de la instancia, insistieron en su \u201capoyo incondicional a la lucha de los trabajadores por la defensa de todos los puestos de trabajo\u201d<\/strong>.<\/p>\n\n\n\n<p>Y anticiparon su respaldo a la iniciativa votada por los trabajadores en asamblea de plantear la <strong>ocupaci\u00f3n tempor\u00e1nea de la planta por parte del Estado provincial o nacional.<\/strong><\/p>\n","protected":false},"excerpt":{"rendered":"<p>Trabajadores de FATE se reunir\u00e1n esta tarde con diputados del FIT y Uni\u00f3n por la Patria. Diputados del Frente de Izquierda (FIT) y de Uni\u00f3n por la Patria (UxP), junto a trabajadores de FATE del Sindicato \u00danico de Trabajadores del Neum\u00e1tico (SUTNA), convocaron para este viernes a una audiencia p\u00fablica a las 16 en la&hellip;<\/p>\n","protected":false},"author":1,"featured_media":143295,"comment_status":"open","ping_status":"open","sticky":false,"template":"","format":"standard","meta":{"footnotes":""},"categories":[13],"tags":[2450,1377,7592,19759,3787,125],"class_list":["post-143399","post","type-post","status-publish","format-standard","has-post-thumbnail","hentry","category-politica","tag-diario-el-sindical","tag-diputados","tag-fate","tag-fit","tag-sutna","tag-trabajadores"],"_links":{"self":[{"href":"https:\/\/www.elsindical.com.ar\/notas\/wp-json\/wp\/v2\/posts\/143399","targetHints":{"allow":["GET"]}}],"collection":[{"href":"https:\/\/www.elsindical.com.ar\/notas\/wp-json\/wp\/v2\/posts"}],"about":[{"href":"https:\/\/www.elsindical.com.ar\/notas\/wp-json\/wp\/v2\/types\/post"}],"author":[{"embeddable":true,"href":"https:\/\/www.elsindical.com.ar\/notas\/wp-json\/wp\/v2\/users\/1"}],"replies":[{"embeddable":true,"href":"https:\/\/www.elsindical.com.ar\/notas\/wp-json\/wp\/v2\/comments?post=143399"}],"version-history":[{"count":1,"href":"https:\/\/www.elsindical.com.ar\/notas\/wp-json\/wp\/v2\/posts\/143399\/revisions"}],"predecessor-version":[{"id":143400,"href":"https:\/\/www.elsindical.com.ar\/notas\/wp-json\/wp\/v2\/posts\/143399\/revisions\/143400"}],"wp:featuredmedia":[{"embeddable":true,"href":"https:\/\/www.elsindical.com.ar\/notas\/wp-json\/wp\/v2\/media\/143295"}],"wp:attachment":[{"href":"https:\/\/www.elsindical.com.ar\/notas\/wp-json\/wp\/v2\/media?parent=143399"}],"wp:term":[{"taxonomy":"category","embeddable":true,"href":"https:\/\/www.elsindical.com.ar\/notas\/wp-json\/wp\/v2\/categories?post=143399"},{"taxonomy":"post_tag","embeddable":true,"href":"https:\/\/www.elsindical.com.ar\/notas\/wp-json\/wp\/v2\/tags?post=143399"}],"curies":[{"name":"wp","href":"https:\/\/api.w.org\/{rel}","templated":true}]}}