{"id":143394,"date":"2026-03-12T19:51:01","date_gmt":"2026-03-12T22:51:01","guid":{"rendered":"https:\/\/www.elsindical.com.ar\/notas\/?p=143394"},"modified":"2026-03-12T19:51:07","modified_gmt":"2026-03-12T22:51:07","slug":"dia-internacional-del-sueno-uno-de-cada-tres-adultos-no-duerme-lo-suficiente-y-alertan-por-el-impacto-en-la-salud","status":"publish","type":"post","link":"https:\/\/www.elsindical.com.ar\/notas\/dia-internacional-del-sueno-uno-de-cada-tres-adultos-no-duerme-lo-suficiente-y-alertan-por-el-impacto-en-la-salud\/","title":{"rendered":"D\u00eda internacional del sue\u00f1o: Uno de cada tres adultos no duerme lo suficiente y alertan por el impacto en la salud"},"content":{"rendered":"<div class=\"wp-block-image\">\n<figure class=\"aligncenter size-full\"><a href=\"https:\/\/www.elsindical.com.ar\/notas\/var\/www\/html\/notas\/wp-content\/uploads\/2026\/03\/mal-dormir.jpg\"><img loading=\"lazy\" decoding=\"async\" width=\"700\" height=\"394\" src=\"https:\/\/www.elsindical.com.ar\/notas\/var\/www\/html\/notas\/wp-content\/uploads\/2026\/03\/mal-dormir.jpg\" alt=\"\" class=\"wp-image-143395\" srcset=\"https:\/\/www.elsindical.com.ar\/notas\/var\/www\/html\/notas\/wp-content\/uploads\/2026\/03\/mal-dormir.jpg 700w, https:\/\/www.elsindical.com.ar\/notas\/var\/www\/html\/notas\/wp-content\/uploads\/2026\/03\/mal-dormir-300x169.jpg 300w, https:\/\/www.elsindical.com.ar\/notas\/var\/www\/html\/notas\/wp-content\/uploads\/2026\/03\/mal-dormir-460x260.jpg 460w\" sizes=\"auto, (max-width: 700px) 100vw, 700px\" \/><\/a><\/figure>\n<\/div>\n\n\n<p>El <strong>32,8% de los adultos<\/strong> no duerme lo suficiente, seg\u00fan un estudio realizado a nivel mundial, un dato que vuelve a poner el foco sobre un problema cada vez m\u00e1s extendido y con impacto directo en la salud. Especialistas del <strong>Hospital de Cl\u00ednicas Jos\u00e9 de San Mart\u00edn de la UBA<\/strong> advirtieron que dormir mal o pocas horas afecta la concentraci\u00f3n, el estado de \u00e1nimo y puede aumentar el riesgo de enfermedades cardiovasculares y metab\u00f3licas.<\/p>\n\n\n\n<p>\u201c<strong>La calidad del sue\u00f1o es tan importante como la alimentaci\u00f3n o la actividad f\u00edsica. Dormir bien permite que el cuerpo recupere energ\u00eda, regula m\u00faltiples funciones del organismo y mantiene un adecuado equilibrio f\u00edsico y mental<\/strong>\u201d, explic\u00f3 la <strong>Dra. Roxana Berenguer<\/strong>, jefa de Neumonolog\u00eda del hospital.<\/p>\n\n\n\n<p>Los especialistas recomiendan que los adultos duerman entre <strong>7 y 9 horas por noche<\/strong> para lograr un descanso reparador. Cuando eso no ocurre, pueden aparecer s\u00edntomas como cansancio durante el d\u00eda, irritabilidad, falta de concentraci\u00f3n, somnolencia y menor rendimiento intelectual. Adem\u00e1s, se estima que alrededor del <strong>10%<\/strong> de la poblaci\u00f3n padece <strong>trastorno de insomnio cr\u00f3nico<\/strong>.<\/p>\n\n\n\n<h2 class=\"wp-block-heading\"><strong>Los trastornos m\u00e1s frecuentes y sus consecuencias<\/strong><\/h2>\n\n\n\n<p>Entre los motivos de consulta m\u00e1s habituales vinculados al sue\u00f1o aparecen el <strong>insomnio<\/strong> y los <strong>trastornos respiratorios<\/strong>, como los ronquidos y la <strong>apnea del sue\u00f1o<\/strong>. En el caso del insomnio, suele manifestarse con dificultad para conciliar el sue\u00f1o, despertares frecuentes durante la noche o la sensaci\u00f3n de que el descanso no fue reparador. Cuando esos s\u00edntomas se sostienen durante semanas, pueden afectar de manera significativa la calidad de vida.<\/p>\n\n\n\n<p>Por otro lado, la apnea del sue\u00f1o se caracteriza por pausas en la respiraci\u00f3n durante el descanso, generalmente acompa\u00f1adas por ronquidos intensos y somnolencia diurna. \u201c<strong>Muchas veces las personas no lo perciben y es quien duerme con ellas quien advierte los episodios de interrupci\u00f3n de la respiraci\u00f3n<\/strong>\u201d, se\u00f1al\u00f3 <strong>Berenguer<\/strong>.<\/p>\n\n\n\n<p>\u201c<strong>Dormir mal o de manera insuficiente se relaciona con un mayor riesgo de hipertensi\u00f3n arterial, enfermedades cardiovasculares, alteraciones metab\u00f3licas, obesidad y diabetes<\/strong>\u201d, advirti\u00f3 la especialista. La falta de descanso sostenida en el tiempo, remarcaron desde el hospital, puede convertirse as\u00ed en un factor de riesgo para distintos problemas de salud.<\/p>\n\n\n\n<h2 class=\"wp-block-heading\"><strong>Pantallas, estr\u00e9s y h\u00e1bitos que deterioran el descanso<\/strong><\/h2>\n\n\n\n<p>Entre las causas m\u00e1s frecuentes de la p\u00e9rdida de horas de sue\u00f1o aparecen el ritmo de vida actual, el estr\u00e9s cotidiano y el uso excesivo de dispositivos electr\u00f3nicos. La exposici\u00f3n a pantallas antes de dormir resulta especialmente problem\u00e1tica porque la luz artificial estimula el cerebro e interfiere con el ritmo biol\u00f3gico que regula los ciclos de sue\u00f1o y vigilia.<\/p>\n\n\n\n<p>\u201c<strong>Es fundamental que el organismo pueda reconocer cu\u00e1ndo llega el momento de descansar. Reducir los est\u00edmulos y generar un ambiente adecuado facilita la conciliaci\u00f3n del sue\u00f1o<\/strong>\u201d, explic\u00f3 <strong>Berenguer<\/strong>. Tambi\u00e9n inciden negativamente las comidas abundantes por la noche y el consumo excesivo de estimulantes como la cafe\u00edna.<\/p>\n\n\n\n<p>Para mejorar la calidad del descanso, los especialistas recomiendan sostener horarios regulares para acostarse y levantarse, evitar el uso de celulares, tablets o computadoras al menos una hora antes de dormir, procurar un ambiente oscuro y silencioso, reducir las cenas pesadas, moderar la cafe\u00edna por la tarde y realizar actividad f\u00edsica en horarios diurnos. En caso de dormir siesta, aconsejan que no supere los <strong>20 o 30 minutos<\/strong>.<\/p>\n\n\n\n<h2 class=\"wp-block-heading\"><strong>Una jornada abierta para detectar apnea del sue\u00f1o<\/strong><\/h2>\n\n\n\n<p>En el marco de la <strong>Jornada Mundial del Sue\u00f1o<\/strong>, la Divisi\u00f3n de Neumolog\u00eda del <strong>Hospital de Cl\u00ednicas \u201cJos\u00e9 de San Mart\u00edn\u201d<\/strong> realizar\u00e1 una <strong>\u201cJornada de detecci\u00f3n de apnea del sue\u00f1o\u201d<\/strong> abierta a toda la comunidad. La actividad apuntar\u00e1 a identificar s\u00edntomas y factores de riesgo asociados al <strong>s\u00edndrome de apnea obstructiva del sue\u00f1o<\/strong>.<\/p>\n\n\n\n<p>La campa\u00f1a se llevar\u00e1 a cabo el <strong>13 de marzo de 2026<\/strong>, de <strong>9 a 12 horas<\/strong>, en el hall central de la planta baja del hospital, con ingreso por <strong>Avenida C\u00f3rdoba 2351<\/strong>. La convocatoria busca promover la detecci\u00f3n temprana de uno de los trastornos respiratorios del sue\u00f1o m\u00e1s frecuentes, en un contexto en el que cada vez m\u00e1s personas reportan dormir menos y peor.<\/p>\n\n\n\n<p><\/p>\n","protected":false},"excerpt":{"rendered":"<p>El 32,8% de los adultos no duerme lo suficiente, seg\u00fan un estudio realizado a nivel mundial, un dato que vuelve a poner el foco sobre un problema cada vez m\u00e1s extendido y con impacto directo en la salud. Especialistas del Hospital de Cl\u00ednicas Jos\u00e9 de San Mart\u00edn de la UBA advirtieron que dormir mal o&hellip;<\/p>\n","protected":false},"author":1,"featured_media":143395,"comment_status":"open","ping_status":"open","sticky":false,"template":"","format":"standard","meta":{"footnotes":""},"categories":[23],"tags":[46936,2450,20253,22031],"class_list":["post-143394","post","type-post","status-publish","format-standard","has-post-thumbnail","hentry","category-salud","tag-dia-internacional-del-sueno","tag-diario-el-sindical","tag-hospital-de-clinicas-jose-de-san-martin","tag-salud"],"_links":{"self":[{"href":"https:\/\/www.elsindical.com.ar\/notas\/wp-json\/wp\/v2\/posts\/143394","targetHints":{"allow":["GET"]}}],"collection":[{"href":"https:\/\/www.elsindical.com.ar\/notas\/wp-json\/wp\/v2\/posts"}],"about":[{"href":"https:\/\/www.elsindical.com.ar\/notas\/wp-json\/wp\/v2\/types\/post"}],"author":[{"embeddable":true,"href":"https:\/\/www.elsindical.com.ar\/notas\/wp-json\/wp\/v2\/users\/1"}],"replies":[{"embeddable":true,"href":"https:\/\/www.elsindical.com.ar\/notas\/wp-json\/wp\/v2\/comments?post=143394"}],"version-history":[{"count":1,"href":"https:\/\/www.elsindical.com.ar\/notas\/wp-json\/wp\/v2\/posts\/143394\/revisions"}],"predecessor-version":[{"id":143396,"href":"https:\/\/www.elsindical.com.ar\/notas\/wp-json\/wp\/v2\/posts\/143394\/revisions\/143396"}],"wp:featuredmedia":[{"embeddable":true,"href":"https:\/\/www.elsindical.com.ar\/notas\/wp-json\/wp\/v2\/media\/143395"}],"wp:attachment":[{"href":"https:\/\/www.elsindical.com.ar\/notas\/wp-json\/wp\/v2\/media?parent=143394"}],"wp:term":[{"taxonomy":"category","embeddable":true,"href":"https:\/\/www.elsindical.com.ar\/notas\/wp-json\/wp\/v2\/categories?post=143394"},{"taxonomy":"post_tag","embeddable":true,"href":"https:\/\/www.elsindical.com.ar\/notas\/wp-json\/wp\/v2\/tags?post=143394"}],"curies":[{"name":"wp","href":"https:\/\/api.w.org\/{rel}","templated":true}]}}