{"id":143375,"date":"2026-03-12T00:28:35","date_gmt":"2026-03-12T03:28:35","guid":{"rendered":"https:\/\/www.elsindical.com.ar\/notas\/?p=143375"},"modified":"2026-03-12T00:40:17","modified_gmt":"2026-03-12T03:40:17","slug":"san-miguel-denuncian-que-el-intendente-usa-la-policia-municipal-como-patota-politica","status":"publish","type":"post","link":"https:\/\/www.elsindical.com.ar\/notas\/san-miguel-denuncian-que-el-intendente-usa-la-policia-municipal-como-patota-politica\/","title":{"rendered":"San Miguel: Denuncian que el intendente usa la Polic\u00eda Municipal como patota pol\u00edtica"},"content":{"rendered":"<div class=\"wp-block-image\">\n<figure class=\"aligncenter size-full\"><a href=\"https:\/\/www.elsindical.com.ar\/notas\/var\/www\/html\/notas\/wp-content\/uploads\/2026\/03\/San-Miguel-agresion-de-Policia-Municipal-1.jpg\"><img loading=\"lazy\" decoding=\"async\" width=\"750\" height=\"422\" src=\"https:\/\/www.elsindical.com.ar\/notas\/var\/www\/html\/notas\/wp-content\/uploads\/2026\/03\/San-Miguel-agresion-de-Policia-Municipal-1.jpg\" alt=\"\" class=\"wp-image-143376\" srcset=\"https:\/\/www.elsindical.com.ar\/notas\/var\/www\/html\/notas\/wp-content\/uploads\/2026\/03\/San-Miguel-agresion-de-Policia-Municipal-1.jpg 750w, https:\/\/www.elsindical.com.ar\/notas\/var\/www\/html\/notas\/wp-content\/uploads\/2026\/03\/San-Miguel-agresion-de-Policia-Municipal-1-300x169.jpg 300w, https:\/\/www.elsindical.com.ar\/notas\/var\/www\/html\/notas\/wp-content\/uploads\/2026\/03\/San-Miguel-agresion-de-Policia-Municipal-1-460x260.jpg 460w\" sizes=\"auto, (max-width: 750px) 100vw, 750px\" \/><\/a><\/figure>\n<\/div>\n\n\n<p>La polic\u00eda de Jaime M\u00e9ndez y Joaqu\u00edn de la Torre golpe\u00f3 y detuvo a Gustavo Curr\u00e1, jefe de campa\u00f1a de la Lista 4 del Partido Justicialista de San Miguel, encabezada por Santiago Fidanza.<\/p>\n\n\n\n<p>El hecho se produjo en el marco de un violento operativo de la polic\u00eda municipal contra un menor de edad, a quien efectivos policiales dispararon balas de goma dentro de su propio domicilio, identificado visiblemente con carteler\u00eda del espacio pol\u00edtico que encabezan Santiago Fidanza y Bernarda Meglia.<\/p>\n\n\n\n<p>El episodio termin\u00f3 con Curr\u00e1 reducido por los efectivos y trasladado detenido, en un hecho que genera una profunda preocupaci\u00f3n por el uso de las fuerzas de seguridad en medio del proceso electoral partidario.<\/p>\n\n\n\n<p>Este grave episodio traspasa los l\u00edmites de la convivencia democr\u00e1tica y se suma a una serie de hechos de persecuci\u00f3n e intimidaci\u00f3n que, seg\u00fan denuncian desde el espacio de la Lista 4, vienen ocurriendo en los \u00faltimos d\u00edas contra militantes y dirigentes peronistas.<\/p>\n\n\n\n<figure class=\"wp-block-embed is-type-video is-provider-youtube wp-block-embed-youtube wp-embed-aspect-16-9 wp-has-aspect-ratio\"><div class=\"wp-block-embed__wrapper\">\n<iframe loading=\"lazy\" title=\"San Miguel denuncian que el intendente usa la Polic\u00eda Municipal como patota pol\u00edtica\" width=\"700\" height=\"394\" src=\"https:\/\/www.youtube.com\/embed\/Mm7hz-I226w?feature=oembed\" frameborder=\"0\" allow=\"accelerometer; autoplay; clipboard-write; encrypted-media; gyroscope; picture-in-picture; web-share\" referrerpolicy=\"strict-origin-when-cross-origin\" allowfullscreen><\/iframe>\n<\/div><\/figure>\n","protected":false},"excerpt":{"rendered":"<p>La polic\u00eda de Jaime M\u00e9ndez y Joaqu\u00edn de la Torre golpe\u00f3 y detuvo a Gustavo Curr\u00e1, jefe de campa\u00f1a de la Lista 4 del Partido Justicialista de San Miguel, encabezada por Santiago Fidanza. El hecho se produjo en el marco de un violento operativo de la polic\u00eda municipal contra un menor de edad, a quien&hellip;<\/p>\n","protected":false},"author":1,"featured_media":143376,"comment_status":"open","ping_status":"open","sticky":false,"template":"","format":"standard","meta":{"footnotes":""},"categories":[6,13],"tags":[1117,46928,2450,46925,46927,19639,1067,21771,994,46926],"class_list":["post-143375","post","type-post","status-publish","format-standard","has-post-thumbnail","hentry","category-denuncias","category-politica","tag-agresiones","tag-bernarda-meglia","tag-diario-el-sindical","tag-gustavo-curra","tag-jaime-mendez","tag-joaquin-de-la-torre","tag-pj","tag-policia-municipal","tag-san-miguel","tag-santiago-fidanza"],"_links":{"self":[{"href":"https:\/\/www.elsindical.com.ar\/notas\/wp-json\/wp\/v2\/posts\/143375","targetHints":{"allow":["GET"]}}],"collection":[{"href":"https:\/\/www.elsindical.com.ar\/notas\/wp-json\/wp\/v2\/posts"}],"about":[{"href":"https:\/\/www.elsindical.com.ar\/notas\/wp-json\/wp\/v2\/types\/post"}],"author":[{"embeddable":true,"href":"https:\/\/www.elsindical.com.ar\/notas\/wp-json\/wp\/v2\/users\/1"}],"replies":[{"embeddable":true,"href":"https:\/\/www.elsindical.com.ar\/notas\/wp-json\/wp\/v2\/comments?post=143375"}],"version-history":[{"count":2,"href":"https:\/\/www.elsindical.com.ar\/notas\/wp-json\/wp\/v2\/posts\/143375\/revisions"}],"predecessor-version":[{"id":143378,"href":"https:\/\/www.elsindical.com.ar\/notas\/wp-json\/wp\/v2\/posts\/143375\/revisions\/143378"}],"wp:featuredmedia":[{"embeddable":true,"href":"https:\/\/www.elsindical.com.ar\/notas\/wp-json\/wp\/v2\/media\/143376"}],"wp:attachment":[{"href":"https:\/\/www.elsindical.com.ar\/notas\/wp-json\/wp\/v2\/media?parent=143375"}],"wp:term":[{"taxonomy":"category","embeddable":true,"href":"https:\/\/www.elsindical.com.ar\/notas\/wp-json\/wp\/v2\/categories?post=143375"},{"taxonomy":"post_tag","embeddable":true,"href":"https:\/\/www.elsindical.com.ar\/notas\/wp-json\/wp\/v2\/tags?post=143375"}],"curies":[{"name":"wp","href":"https:\/\/api.w.org\/{rel}","templated":true}]}}