{"id":143369,"date":"2026-03-11T20:51:13","date_gmt":"2026-03-11T23:51:13","guid":{"rendered":"https:\/\/www.elsindical.com.ar\/notas\/?p=143369"},"modified":"2026-03-11T20:51:19","modified_gmt":"2026-03-11T23:51:19","slug":"la-fabrica-de-termos-lumilagro-apago-sus-hornos-tras-83-anos-y-ahora-importa-todo-desde-china","status":"publish","type":"post","link":"https:\/\/www.elsindical.com.ar\/notas\/la-fabrica-de-termos-lumilagro-apago-sus-hornos-tras-83-anos-y-ahora-importa-todo-desde-china\/","title":{"rendered":"La f\u00e1brica de termos Lumilagro apag\u00f3 sus hornos tras 83 a\u00f1os y ahora importa todo desde China"},"content":{"rendered":"<div class=\"wp-block-image\">\n<figure class=\"aligncenter size-full\"><a href=\"https:\/\/www.elsindical.com.ar\/notas\/var\/www\/html\/notas\/wp-content\/uploads\/2026\/03\/fabrica-Lumilagro.jpg\"><img loading=\"lazy\" decoding=\"async\" width=\"700\" height=\"398\" src=\"https:\/\/www.elsindical.com.ar\/notas\/var\/www\/html\/notas\/wp-content\/uploads\/2026\/03\/fabrica-Lumilagro.jpg\" alt=\"\" class=\"wp-image-143371\" srcset=\"https:\/\/www.elsindical.com.ar\/notas\/var\/www\/html\/notas\/wp-content\/uploads\/2026\/03\/fabrica-Lumilagro.jpg 700w, https:\/\/www.elsindical.com.ar\/notas\/var\/www\/html\/notas\/wp-content\/uploads\/2026\/03\/fabrica-Lumilagro-300x171.jpg 300w, https:\/\/www.elsindical.com.ar\/notas\/var\/www\/html\/notas\/wp-content\/uploads\/2026\/03\/fabrica-Lumilagro-220x126.jpg 220w\" sizes=\"auto, (max-width: 700px) 100vw, 700px\" \/><\/a><\/figure>\n<\/div>\n\n\n<p>En los \u00faltimos 2 a\u00f1os, y tras una ca\u00edda de ventas del 50%, dio un giro en su negocio. Despidi\u00f3 a 170 trabajadores y comenz\u00f3 a fabricar en China.<\/p>\n\n\n\n<p>Desde 1941, la empresa <strong>Lumilagro se dedic\u00f3 a fabricar termos con sello argentino<\/strong>. En los \u00faltimos dos a\u00f1os, todo cambi\u00f3 y tras una ca\u00edda de <strong>ventas<\/strong> del 50% dieron un giro en su negocio. En los \u00faltimos dos a\u00f1os, desvincularon a 170 trabajadores. Comenz\u00f3 a fabricar en China, se reinvent\u00f3.<\/p>\n\n\n\n<p>Lumilagro es una empresa creada por cuatro familias, hoy conducida por la cuarta generaci\u00f3n de los Nadler y los Suranyi. El fundador fue Eugenio Suranyi, t\u00edo bisabuelo de Mart\u00edn Nadler, quien conduce los destinos como director ejecutivo y due\u00f1o. Supo ser la \u00fanica f\u00e1brica de termos de vidrio de Am\u00e9rica.<\/p>\n\n\n\n<p>Las pasaron todas, pero nunca imaginaron que en 2024 iban a tener que <strong>apagar los hornos donde hac\u00edan los termos de vidrio<\/strong>, ahora traen las ampollas de vidrio de India y Vietnam y los termos de acero los fabrican en China.<\/p>\n\n\n\n<p>Mart\u00edn Nadler, director ejecutivo y due\u00f1o de Lumilagro, cont\u00f3 a <strong>iProfesional:<\/strong> \u00abHemos pasado malos momentos, en 1999 fue muy grave, nos salv\u00f3 la crisis del 2001 que devalu\u00f3 y el tipo de cambio hizo que todas las industrias sean muy competitivas. Desde el 2002 hasta el 2013 fue una muy buena \u00e9poca, <strong>en 2012 batimos r\u00e9cord de ventas de termos de vidrio<\/strong>, que era nuestro producto estrella. En 2005 aparecieron los termos de acero trucho de China con t\u00f3xicos prohibidos. En 2015 lleg\u00f3 el termo extranjero, hasta ese momento el termo de acero era 4 veces m\u00e1s caro que el de vidrio y la gente no lo aceptaba. Al llegar como aspiracional, nos ayud\u00f3 a que la gente aceptara los precios\u00bb.<\/p>\n\n\n\n<h2 class=\"wp-block-heading\">De 300 empleados a 50: el doloroso ajuste de Lumilagro<\/h2>\n\n\n\n<p>En 2013, Lumilagro supo tener 300 empleados directos m\u00e1s 50 indirectos. \u00abEn 2022 ten\u00edamos 220 trabajadores, pero <strong>en los \u00faltimos dos a\u00f1os tuvimos que reducir el plantel y 170 personas se fueron con retiro voluntario<\/strong>, fue un proceso doloros\u00edsimo. Hoy nos quedamos con 50 personas directas y 50 indirectos. Todos ve\u00edan la situaci\u00f3n, hab\u00eda bajado mucho el volumen demandado. Llor\u00e9 al despedir a algunos trabajadores que me conoc\u00edan desde los 5 a\u00f1os, pero entendieron que era por el futuro de la empresa\u00bb, explic\u00f3 Nadler.<\/p>\n\n\n\n<p>La ca\u00edda en las ventas y la avalancha de termos que entran sin control hicieron que Lumilagro tomara medidas urgentes. \u00abSe consumen 4 millones de termos anuales en Argentina y s\u00f3lo de Paraguay ingresaron 4 millones, m\u00e1s lo que ingresa por el norte. Son termos t\u00f3xicos y truchos, cuando est\u00e1n en contacto con agua caliente desprenden metales cancer\u00edgenos\u00bb. \u00abNos preocupa la salud de la gente, el Estado no dedica ni el m\u00ednimo esfuerzo para protegernos del contrabando, si bien sabemos que es una pol\u00edtica de Estado para bajar el precio de las cosas sea como sea\u00bb.<\/p>\n\n\n\n<p>La avalancha de termos que ingresan al pa\u00eds golpearon fuertemente al termo de vidrio, el m\u00e1s vendido por Lumilagro. \u00abEn ventas estamos 50 y 50 entre acero y vidrio, cuando el vidrio siempre fue tres veces m\u00e1s que el acero. Nos golpe\u00f3 mucho el contrabando. <strong>La ca\u00edda de ventas es del 50%<\/strong>, pese a que cuando hay recesi\u00f3n aumenta la venta de termos porque el mate es de primera necesidad, no importa la situaci\u00f3n econ\u00f3mica. Por todo esto, <strong>en nuestra planta de Tortuguitas ya no fabricamos termos de vidrio<\/strong> y bajamos a la mitad la fabricaci\u00f3n de termos de acero que hacemos desde hace 20 a\u00f1os\u00bb, explic\u00f3 Mart\u00edn Nadler.<\/p>\n\n\n\n<h2 class=\"wp-block-heading\">La apuesta por China y el termo argentino que compite con el mundo<\/h2>\n\n\n\n<p>Al principio, Mart\u00edn no quer\u00eda meterse en los negocios familiares, pero luego se obsesion\u00f3 pensando que un termo yankee no pod\u00eda ganarle a Lumilagro, el mejor termo argentino. Empez\u00f3 a hacer grupos de 50 personas y comparaba Lumilagro vs la competencia, hasta que entendi\u00f3 qu\u00e9 buscaban a la hora de comprar un termo y empez\u00f3 a cranear lo que hoy es&nbsp;<strong>Luminox Pampa<\/strong>. De no querer entrar a la empresa, hoy es un influencer de la marca que en redes no para.<\/p>\n\n\n\n<p>\u00abHace 4 a\u00f1os decidimos fabricar en China, nos quisimos prevenir. Quer\u00edamos tener el mejor termo para mate del mundo. Tardamos un a\u00f1o en elegir la f\u00e1brica en China, en el medio la competencia fue y compr\u00f3 la f\u00e1brica y les prohibi\u00f3 que trabajen para nosotros. En China el 90% de las f\u00e1bricas no son buenas, por eso tardamos 6 meses m\u00e1s en encontrar la nueva planta. Mandarlas a fabricar afuera es un salto en calidad por la econom\u00eda de escala y <strong>el ahorro en el costo es de un 15%<\/strong>. En nuestro caso tuvimos que cerrar nuestra f\u00e1brica pero el argentino puede tener un termo m\u00e1s barato y de mejor calidad. M\u00e1s all\u00e1 del dolor y la relaci\u00f3n afectiva que ten\u00edamos con los empleados. Si vuelve a ser conveniente fabricar en Argentina, lo volveremos a hacer. Si sube el d\u00f3lar me puede convenir volver a fabricar\u00bb, explic\u00f3 Nadler.<\/p>\n\n\n\n<p>Los planes de Lumilagro son muy ambiciosos, van a comenzar a abrir locales propios. Entusiasmado cont\u00f3: \u00abEl primer local lo abriremos en el shopping OH Buenos Aires, seguramente ser\u00e1 para el segundo semestre. <strong>Tenemos un plan para abrir locales en todo el pa\u00eds<\/strong> y que el consumidor tenga contacto con nuestro producto, en 2030 queremos tener 15 locales, uno en cada una de las principales ciudades del pa\u00eds. Otro plan es seguir exportando, nuestro termo Luminox Pampa es mejor que el extranjero que cuesta tres veces m\u00e1s. Con pico cebador y vertido celestial, liviano, resistente a los golpes y mantiene el agua a muy buena temperatura, por eso <strong>ya duplicamos la venta con este lanzamiento<\/strong>. Adem\u00e1s ya lo vendemos al mercado latino de Estados Unidos en Florida, exportamos a Chile, Espa\u00f1a, Francia y Australia. Este a\u00f1o esperamos exportar el doble\u00bb.<\/p>\n\n\n<div class=\"wp-block-image\">\n<figure class=\"aligncenter size-full\"><a href=\"https:\/\/www.elsindical.com.ar\/notas\/var\/www\/html\/notas\/wp-content\/uploads\/2026\/03\/mercaderia-Lumilagro.jpg\"><img loading=\"lazy\" decoding=\"async\" width=\"725\" height=\"405\" src=\"https:\/\/www.elsindical.com.ar\/notas\/var\/www\/html\/notas\/wp-content\/uploads\/2026\/03\/mercaderia-Lumilagro.jpg\" alt=\"\" class=\"wp-image-143370\" srcset=\"https:\/\/www.elsindical.com.ar\/notas\/var\/www\/html\/notas\/wp-content\/uploads\/2026\/03\/mercaderia-Lumilagro.jpg 725w, https:\/\/www.elsindical.com.ar\/notas\/var\/www\/html\/notas\/wp-content\/uploads\/2026\/03\/mercaderia-Lumilagro-300x168.jpg 300w\" sizes=\"auto, (max-width: 725px) 100vw, 725px\" \/><\/a><\/figure>\n<\/div>\n\n\n<p>En la planta de Tortuguitas, fabrican algunos termos de acero y se dedican a personalizar termos y botellas t\u00e9rmicas con serigraf\u00edas de cuadros de f\u00fatbol y con personajes de <strong>Disney,<\/strong> se asociaron hace un mes. Est\u00e1n analizando si las botellas t\u00e9rmicas las fabrican ac\u00e1 o las siguen importando.<\/p>\n\n\n\n<p>Una planta que supo ser modelo, tuvo que cambiar su modelo de negocios.<\/p>\n\n\n\n<p><strong>Fuente: IProfesional<\/strong><\/p>\n\n\n\n<p><\/p>\n","protected":false},"excerpt":{"rendered":"<p>En los \u00faltimos 2 a\u00f1os, y tras una ca\u00edda de ventas del 50%, dio un giro en su negocio. Despidi\u00f3 a 170 trabajadores y comenz\u00f3 a fabricar en China. Desde 1941, la empresa Lumilagro se dedic\u00f3 a fabricar termos con sello argentino. En los \u00faltimos dos a\u00f1os, todo cambi\u00f3 y tras una ca\u00edda de ventas&hellip;<\/p>\n","protected":false},"author":1,"featured_media":143371,"comment_status":"open","ping_status":"open","sticky":false,"template":"","format":"standard","meta":{"footnotes":""},"categories":[28],"tags":[1884,2450,46923,46924],"class_list":["post-143369","post","type-post","status-publish","format-standard","has-post-thumbnail","hentry","category-empresariales","tag-china","tag-diario-el-sindical","tag-lumilagro","tag-termos"],"_links":{"self":[{"href":"https:\/\/www.elsindical.com.ar\/notas\/wp-json\/wp\/v2\/posts\/143369","targetHints":{"allow":["GET"]}}],"collection":[{"href":"https:\/\/www.elsindical.com.ar\/notas\/wp-json\/wp\/v2\/posts"}],"about":[{"href":"https:\/\/www.elsindical.com.ar\/notas\/wp-json\/wp\/v2\/types\/post"}],"author":[{"embeddable":true,"href":"https:\/\/www.elsindical.com.ar\/notas\/wp-json\/wp\/v2\/users\/1"}],"replies":[{"embeddable":true,"href":"https:\/\/www.elsindical.com.ar\/notas\/wp-json\/wp\/v2\/comments?post=143369"}],"version-history":[{"count":1,"href":"https:\/\/www.elsindical.com.ar\/notas\/wp-json\/wp\/v2\/posts\/143369\/revisions"}],"predecessor-version":[{"id":143372,"href":"https:\/\/www.elsindical.com.ar\/notas\/wp-json\/wp\/v2\/posts\/143369\/revisions\/143372"}],"wp:featuredmedia":[{"embeddable":true,"href":"https:\/\/www.elsindical.com.ar\/notas\/wp-json\/wp\/v2\/media\/143371"}],"wp:attachment":[{"href":"https:\/\/www.elsindical.com.ar\/notas\/wp-json\/wp\/v2\/media?parent=143369"}],"wp:term":[{"taxonomy":"category","embeddable":true,"href":"https:\/\/www.elsindical.com.ar\/notas\/wp-json\/wp\/v2\/categories?post=143369"},{"taxonomy":"post_tag","embeddable":true,"href":"https:\/\/www.elsindical.com.ar\/notas\/wp-json\/wp\/v2\/tags?post=143369"}],"curies":[{"name":"wp","href":"https:\/\/api.w.org\/{rel}","templated":true}]}}