{"id":143338,"date":"2026-03-11T00:04:59","date_gmt":"2026-03-11T03:04:59","guid":{"rendered":"https:\/\/www.elsindical.com.ar\/notas\/?p=143338"},"modified":"2026-03-11T00:05:04","modified_gmt":"2026-03-11T03:05:04","slug":"avellaneda-homenajeara-a-gilda-con-un-concierto-sinfonico-gratuito","status":"publish","type":"post","link":"https:\/\/www.elsindical.com.ar\/notas\/avellaneda-homenajeara-a-gilda-con-un-concierto-sinfonico-gratuito\/","title":{"rendered":"Avellaneda homenajear\u00e1 a Gilda con un concierto sinf\u00f3nico gratuito"},"content":{"rendered":"\n<figure class=\"wp-block-image size-large\"><a href=\"https:\/\/www.elsindical.com.ar\/notas\/var\/www\/html\/notas\/wp-content\/uploads\/2023\/09\/Gilda-flores.jpeg\"><img loading=\"lazy\" decoding=\"async\" width=\"1024\" height=\"1016\" src=\"https:\/\/www.elsindical.com.ar\/notas\/var\/www\/html\/notas\/wp-content\/uploads\/2023\/09\/Gilda-flores-1024x1016.jpeg\" alt=\"\" class=\"wp-image-125102\" srcset=\"https:\/\/www.elsindical.com.ar\/notas\/var\/www\/html\/notas\/wp-content\/uploads\/2023\/09\/Gilda-flores-1024x1016.jpeg 1024w, https:\/\/www.elsindical.com.ar\/notas\/var\/www\/html\/notas\/wp-content\/uploads\/2023\/09\/Gilda-flores-300x298.jpeg 300w, https:\/\/www.elsindical.com.ar\/notas\/var\/www\/html\/notas\/wp-content\/uploads\/2023\/09\/Gilda-flores-150x150.jpeg 150w, https:\/\/www.elsindical.com.ar\/notas\/var\/www\/html\/notas\/wp-content\/uploads\/2023\/09\/Gilda-flores-768x762.jpeg 768w, https:\/\/www.elsindical.com.ar\/notas\/var\/www\/html\/notas\/wp-content\/uploads\/2023\/09\/Gilda-flores-302x300.jpeg 302w, https:\/\/www.elsindical.com.ar\/notas\/var\/www\/html\/notas\/wp-content\/uploads\/2023\/09\/Gilda-flores-50x50.jpeg 50w, https:\/\/www.elsindical.com.ar\/notas\/var\/www\/html\/notas\/wp-content\/uploads\/2023\/09\/Gilda-flores.jpeg 1200w\" sizes=\"auto, (max-width: 1024px) 100vw, 1024px\" \/><\/a><\/figure>\n\n\n\n<p>El concierto \u201cVolverte a ver\u201d se realizar\u00e1 el domingo 15 de marzo, a las 19:30 horas, con la participaci\u00f3n de la Orquesta Sinf\u00f3nica Municipal, el Coro del IMMA y artistas invitadas.<\/p>\n\n\n\n<p>El Parque La Estaci\u00f3n ser\u00e1 escenario de un homenaje especial a la cantante <strong>Gilda<\/strong> al cumplirse 30 a\u00f1os de su legado musical. El concierto titulado <strong>\u201cVolverte a ver\u201d<\/strong> se realizar\u00e1 el domingo 15 de marzo a las 19.30 en el predio ubicado en G\u00fcemes 700, con entrada libre y gratuita.<\/p>\n\n\n\n<p>La propuesta del <strong>Municipio de Avellaned<\/strong>a ser\u00e1 un tributo sinf\u00f3nico que reunir\u00e1 a la <strong>Orquesta Sinf\u00f3nica Municipal<\/strong>, dirigida por Clara Balduzzi, junto con el <strong>Coro del IMMA<\/strong>, bajo la direcci\u00f3n de Pablo Manzzanelli. Los arreglos musicales estar\u00e1n a cargo de Pablo Marino y Juli\u00e1n Caeiro.<\/p>\n\n\n\n<p>El espect\u00e1culo contar\u00e1 adem\u00e1s con la participaci\u00f3n de artistas invitadas como \u00c1mbar Mica, Luna Molina y Cami Mart\u00ednez, quienes interpretar\u00e1n algunas de las canciones m\u00e1s emblem\u00e1ticas del repertorio de la recordada cantante.<\/p>\n\n\n\n<p>La jornada comenzar\u00e1 previamente, desde las 18:00, con la presentaci\u00f3n de artistas locales que abrir\u00e1n el escenario antes del concierto principal.<\/p>\n\n\n\n<p>De esta manera, el encuentro propone celebrar la obra y la influencia de Gilda en la m\u00fasica popular argentina a trav\u00e9s de un espect\u00e1culo que combinar\u00e1 voces, coros y arreglos sinf\u00f3nicos en un concierto pensado para toda la comunidad.<\/p>\n\n\n\n<p><\/p>\n","protected":false},"excerpt":{"rendered":"<p>El concierto \u201cVolverte a ver\u201d se realizar\u00e1 el domingo 15 de marzo, a las 19:30 horas, con la participaci\u00f3n de la Orquesta Sinf\u00f3nica Municipal, el Coro del IMMA y artistas invitadas. El Parque La Estaci\u00f3n ser\u00e1 escenario de un homenaje especial a la cantante Gilda al cumplirse 30 a\u00f1os de su legado musical. El concierto&hellip;<\/p>\n","protected":false},"author":1,"featured_media":125102,"comment_status":"open","ping_status":"open","sticky":false,"template":"","format":"standard","meta":{"footnotes":""},"categories":[15],"tags":[461,46911,2450,8138,29782,46912,35375],"class_list":["post-143338","post","type-post","status-publish","format-standard","has-post-thumbnail","hentry","category-espectaculos","tag-avellaneda","tag-coro-del-imma","tag-diario-el-sindical","tag-gilda","tag-imma","tag-orquesta-sinfonica-municipal","tag-parque-la-estacion"],"_links":{"self":[{"href":"https:\/\/www.elsindical.com.ar\/notas\/wp-json\/wp\/v2\/posts\/143338","targetHints":{"allow":["GET"]}}],"collection":[{"href":"https:\/\/www.elsindical.com.ar\/notas\/wp-json\/wp\/v2\/posts"}],"about":[{"href":"https:\/\/www.elsindical.com.ar\/notas\/wp-json\/wp\/v2\/types\/post"}],"author":[{"embeddable":true,"href":"https:\/\/www.elsindical.com.ar\/notas\/wp-json\/wp\/v2\/users\/1"}],"replies":[{"embeddable":true,"href":"https:\/\/www.elsindical.com.ar\/notas\/wp-json\/wp\/v2\/comments?post=143338"}],"version-history":[{"count":1,"href":"https:\/\/www.elsindical.com.ar\/notas\/wp-json\/wp\/v2\/posts\/143338\/revisions"}],"predecessor-version":[{"id":143339,"href":"https:\/\/www.elsindical.com.ar\/notas\/wp-json\/wp\/v2\/posts\/143338\/revisions\/143339"}],"wp:featuredmedia":[{"embeddable":true,"href":"https:\/\/www.elsindical.com.ar\/notas\/wp-json\/wp\/v2\/media\/125102"}],"wp:attachment":[{"href":"https:\/\/www.elsindical.com.ar\/notas\/wp-json\/wp\/v2\/media?parent=143338"}],"wp:term":[{"taxonomy":"category","embeddable":true,"href":"https:\/\/www.elsindical.com.ar\/notas\/wp-json\/wp\/v2\/categories?post=143338"},{"taxonomy":"post_tag","embeddable":true,"href":"https:\/\/www.elsindical.com.ar\/notas\/wp-json\/wp\/v2\/tags?post=143338"}],"curies":[{"name":"wp","href":"https:\/\/api.w.org\/{rel}","templated":true}]}}