{"id":143326,"date":"2026-03-10T14:18:26","date_gmt":"2026-03-10T17:18:26","guid":{"rendered":"https:\/\/www.elsindical.com.ar\/notas\/?p=143326"},"modified":"2026-03-10T14:18:31","modified_gmt":"2026-03-10T17:18:31","slug":"ajuste-silencioso-en-bancos-mas-de-5000-despidos-en-el-gobierno-de-javier-milei","status":"publish","type":"post","link":"https:\/\/www.elsindical.com.ar\/notas\/ajuste-silencioso-en-bancos-mas-de-5000-despidos-en-el-gobierno-de-javier-milei\/","title":{"rendered":"Ajuste silencioso en bancos, m\u00e1s de 5000 despidos en el gobierno de Javier Milei"},"content":{"rendered":"<div class=\"wp-block-image\">\n<figure class=\"aligncenter size-full is-resized\"><a href=\"https:\/\/www.elsindical.com.ar\/notas\/var\/www\/html\/notas\/wp-content\/uploads\/2026\/03\/Banco-de-la-Nacion-Argentina-logo.jpg\"><img loading=\"lazy\" decoding=\"async\" width=\"450\" height=\"336\" src=\"https:\/\/www.elsindical.com.ar\/notas\/var\/www\/html\/notas\/wp-content\/uploads\/2026\/03\/Banco-de-la-Nacion-Argentina-logo.jpg\" alt=\"\" class=\"wp-image-143327\" style=\"width:520px;height:auto\" srcset=\"https:\/\/www.elsindical.com.ar\/notas\/var\/www\/html\/notas\/wp-content\/uploads\/2026\/03\/Banco-de-la-Nacion-Argentina-logo.jpg 450w, https:\/\/www.elsindical.com.ar\/notas\/var\/www\/html\/notas\/wp-content\/uploads\/2026\/03\/Banco-de-la-Nacion-Argentina-logo-300x224.jpg 300w\" sizes=\"auto, (max-width: 450px) 100vw, 450px\" \/><\/a><\/figure>\n<\/div>\n\n\n<p>El sector bancario, hist\u00f3ricamente uno de los m\u00e1s estables de la econom\u00eda argentina, est\u00e1 atravesando una transformaci\u00f3n dr\u00e1stica traducida en la p\u00e9rdida de miles de puestos de trabajo. Seg\u00fan los \u00faltimos relevamientos gremiales, desde la asunci\u00f3n de la actual gesti\u00f3n nacional se perdieron aproximadamente 5.000 empleos en el sistema financiero, un dato que pone en alerta a uno de los gremios m\u00e1s potentes del pa\u00eds.<\/p>\n\n\n\n<p>No se trata de una ola de despidos masivos tradicionales, sino de una combinaci\u00f3n de factores que achicaron la dotaci\u00f3n de personal:<\/p>\n\n\n\n<p>1) Achique en la banca p\u00fablica: Solo el Banco Naci\u00f3n redujo su planta en 2.000 personas mediante retiros voluntarios y jubilaciones anticipadas para \u00abeficientizar\u00bb su estructura.<\/p>\n\n\n\n<p>2) Fusi\u00f3n de entidades: El proceso de salida de bancos internacionales (como el HSBC) y su absorci\u00f3n por entidades locales gener\u00f3 solapamiento de funciones, derivando en planes de salida de personal.<\/p>\n\n\n\n<p>3) Cierre de sucursales: La digitalizaci\u00f3n acelerada y la pol\u00edtica de reducci\u00f3n de costos operativos llevaron al cierre de dependencias f\u00edsicas, especialmente en el interior del pa\u00eds.<\/p>\n\n\n\n<p>Desde la Asociaci\u00f3n Bancaria se\u00f1alan que este escenario es consecuencia directa de la pol\u00edtica de desregulaci\u00f3n y la ca\u00edda del consumo interno, que disminuy\u00f3 la actividad crediticia tradicional. A esto se suma la tensi\u00f3n pol\u00edtica, con despidos puntuales de delegados y referentes gremiales que el sindicato denuncia como persecuci\u00f3n para facilitar el camino hacia una eventual privatizaci\u00f3n de la banca p\u00fablica.<\/p>\n\n\n\n<p>\u00abLa cifra de 5.000 empleos perdidos es el reflejo de un sistema financiero que se est\u00e1 achicando por voluntad pol\u00edtica y necesidad operativa. Lo que el Gobierno presenta como \u00abeficiencia\u00bb y \u00abmodernizaci\u00f3n\u00bb, los trabajadores lo viven como un ajuste que erosiona la carrera bancaria y debilita la presencia del Estado en el financiamiento productivo.\u00bb<\/p>\n","protected":false},"excerpt":{"rendered":"<p>El sector bancario, hist\u00f3ricamente uno de los m\u00e1s estables de la econom\u00eda argentina, est\u00e1 atravesando una transformaci\u00f3n dr\u00e1stica traducida en la p\u00e9rdida de miles de puestos de trabajo. Seg\u00fan los \u00faltimos relevamientos gremiales, desde la asunci\u00f3n de la actual gesti\u00f3n nacional se perdieron aproximadamente 5.000 empleos en el sistema financiero, un dato que pone en&hellip;<\/p>\n","protected":false},"author":1,"featured_media":143327,"comment_status":"open","ping_status":"open","sticky":false,"template":"","format":"standard","meta":{"footnotes":""},"categories":[9],"tags":[1598,53,2450,28812,524,46910],"class_list":["post-143326","post","type-post","status-publish","format-standard","has-post-thumbnail","hentry","category-economia","tag-banco-nacion","tag-despidos","tag-diario-el-sindical","tag-javier-milei","tag-la-bancaria","tag-sector-bancario"],"_links":{"self":[{"href":"https:\/\/www.elsindical.com.ar\/notas\/wp-json\/wp\/v2\/posts\/143326","targetHints":{"allow":["GET"]}}],"collection":[{"href":"https:\/\/www.elsindical.com.ar\/notas\/wp-json\/wp\/v2\/posts"}],"about":[{"href":"https:\/\/www.elsindical.com.ar\/notas\/wp-json\/wp\/v2\/types\/post"}],"author":[{"embeddable":true,"href":"https:\/\/www.elsindical.com.ar\/notas\/wp-json\/wp\/v2\/users\/1"}],"replies":[{"embeddable":true,"href":"https:\/\/www.elsindical.com.ar\/notas\/wp-json\/wp\/v2\/comments?post=143326"}],"version-history":[{"count":1,"href":"https:\/\/www.elsindical.com.ar\/notas\/wp-json\/wp\/v2\/posts\/143326\/revisions"}],"predecessor-version":[{"id":143328,"href":"https:\/\/www.elsindical.com.ar\/notas\/wp-json\/wp\/v2\/posts\/143326\/revisions\/143328"}],"wp:featuredmedia":[{"embeddable":true,"href":"https:\/\/www.elsindical.com.ar\/notas\/wp-json\/wp\/v2\/media\/143327"}],"wp:attachment":[{"href":"https:\/\/www.elsindical.com.ar\/notas\/wp-json\/wp\/v2\/media?parent=143326"}],"wp:term":[{"taxonomy":"category","embeddable":true,"href":"https:\/\/www.elsindical.com.ar\/notas\/wp-json\/wp\/v2\/categories?post=143326"},{"taxonomy":"post_tag","embeddable":true,"href":"https:\/\/www.elsindical.com.ar\/notas\/wp-json\/wp\/v2\/tags?post=143326"}],"curies":[{"name":"wp","href":"https:\/\/api.w.org\/{rel}","templated":true}]}}