{"id":143312,"date":"2026-03-09T19:28:38","date_gmt":"2026-03-09T22:28:38","guid":{"rendered":"https:\/\/www.elsindical.com.ar\/notas\/?p=143312"},"modified":"2026-03-09T19:28:44","modified_gmt":"2026-03-09T22:28:44","slug":"la-ministro-de-seguridad-nacional-dijo-que-la-policia-bonaerense-es-parte-del-problema","status":"publish","type":"post","link":"https:\/\/www.elsindical.com.ar\/notas\/la-ministro-de-seguridad-nacional-dijo-que-la-policia-bonaerense-es-parte-del-problema\/","title":{"rendered":"La ministro de Seguridad Nacional dijo que la Polic\u00eda Bonaerense es parte del problema"},"content":{"rendered":"<div class=\"wp-block-image\">\n<figure class=\"aligncenter size-full\"><a href=\"https:\/\/www.elsindical.com.ar\/notas\/var\/www\/html\/notas\/wp-content\/uploads\/2026\/03\/Alejandra-Monteoliva-con-policias-federales.jpg\"><img loading=\"lazy\" decoding=\"async\" width=\"700\" height=\"394\" src=\"https:\/\/www.elsindical.com.ar\/notas\/var\/www\/html\/notas\/wp-content\/uploads\/2026\/03\/Alejandra-Monteoliva-con-policias-federales.jpg\" alt=\"\" class=\"wp-image-143313\" srcset=\"https:\/\/www.elsindical.com.ar\/notas\/var\/www\/html\/notas\/wp-content\/uploads\/2026\/03\/Alejandra-Monteoliva-con-policias-federales.jpg 700w, https:\/\/www.elsindical.com.ar\/notas\/var\/www\/html\/notas\/wp-content\/uploads\/2026\/03\/Alejandra-Monteoliva-con-policias-federales-300x169.jpg 300w, https:\/\/www.elsindical.com.ar\/notas\/var\/www\/html\/notas\/wp-content\/uploads\/2026\/03\/Alejandra-Monteoliva-con-policias-federales-460x260.jpg 460w\" sizes=\"auto, (max-width: 700px) 100vw, 700px\" \/><\/a><\/figure>\n<\/div>\n\n\n<p>La ministro de Seguridad Nacional, Alejandra Monteoliva, apunt\u00f3 contra la cartera bonaerense y asegur\u00f3 que la <strong>provincia de Buenos Aires \u201ctiene serios problemas\u201d en lo que respecta al narcotr\u00e1fico<\/strong> lo que motiv\u00f3 que su par bonaerense, Javier Alonso, le pida a la funcionaria libertaria \u201cque se disculpe\u201d.<\/p>\n\n\n\n<p>\u201cPara tener un Plan Bandera, que es el de Rosario, en la provincia de Buenos Aires, necesitamos acuerdos. Nosotros no llegamos con las fuerzas de prepo, eso no sucede porque no funciona as\u00ed. Para eso hay que sentarse y que generar acuerdos. <strong>Con la provincia hay una mesa de narcotr\u00e1fico que viene trabajando en situaciones espec\u00edficas, pero evidentemente la polic\u00eda (bonaerense) tiene serios problemas, porque tambi\u00e9n es parte del problema. <\/strong>Habr\u00eda que hacer un trabajo fuerte porque nunca se ha podido tomar el todo por las astas\u201d, explic\u00f3 Monteoliva.<\/p>\n\n\n\n<p>Asimismo, reamarc\u00f3 que si bien tienen \u201cun numero significativo de integrantes y de agentes\u201d, para que eso tenga un efecto positivo deber\u00edan \u201ctener claro\u201d el escenario e \u201ciniciar procesos fuertes de an\u00e1lisis\u201d para \u201cdebilitar los focos infecciosos\u201d de narcotr\u00e1fico e inseguridad: <strong>\u201cPara nosotros es una prioridad y lo que buscamos es el mejor desempe\u00f1o\u201d.<\/strong><\/p>\n\n\n\n<p>Para finalizar, manifest\u00f3 que \u201cle gustar\u00eda un Plan Bandera\u201d para la provincia y se\u00f1al\u00f3 principalmente a los distritos de La Matanza y Moreno, por citar s\u00f3lo dos ejemplos, porque <strong>\u201clos focos son conocidos por todos y lo vemos a diario\u201d.<\/strong><\/p>\n\n\n\n<figure class=\"wp-block-embed is-type-rich is-provider-twitter wp-block-embed-twitter\"><div class=\"wp-block-embed__wrapper\">\n<blockquote class=\"twitter-tweet\" data-width=\"550\" data-dnt=\"true\"><p lang=\"es\" dir=\"ltr\">\u00bfMinistra? <a href=\"https:\/\/twitter.com\/AleMonteoliva?ref_src=twsrc%5Etfw\">@AleMonteoliva<\/a>, no balbucee en contra de la Polic\u00eda de la Provincia de Buenos Aires. Hace pocas semanas celebraba los alentadores n\u00fameros de seguridad, producto del trabajo de esta honorable fuerza con la que articulamos a diario, equipando y profesionalizando a su\u2026 <a href=\"https:\/\/t.co\/SyC8WCAkZ8\">pic.twitter.com\/SyC8WCAkZ8<\/a><\/p>&mdash; Javier Alonso (@JaviAlonsook) <a href=\"https:\/\/twitter.com\/JaviAlonsook\/status\/2030980792415846545?ref_src=twsrc%5Etfw\">March 9, 2026<\/a><\/blockquote><script async src=\"https:\/\/platform.twitter.com\/widgets.js\" charset=\"utf-8\"><\/script>\n<\/div><\/figure>\n\n\n\n<p>A los pocos minutos de hacerse p\u00fablica estas declaraciones de Monteoliva, Alonso sali\u00f3 a cruzarla, desde su cuenta personal de la red social X, y le pidi\u00f3 que \u201c<strong>no balbucee en contra de la Polic\u00eda de la Provincia de Buenos Aires\u201d<\/strong> porque, semanas atr\u00e1s, \u201ccelebraba los alentadores n\u00fameros de seguridad, producto del trabajo de esta honorable fuerza con la que articulamos a diario\u201d<\/p>\n","protected":false},"excerpt":{"rendered":"<p>La ministro de Seguridad Nacional, Alejandra Monteoliva, apunt\u00f3 contra la cartera bonaerense y asegur\u00f3 que la provincia de Buenos Aires \u201ctiene serios problemas\u201d en lo que respecta al narcotr\u00e1fico lo que motiv\u00f3 que su par bonaerense, Javier Alonso, le pida a la funcionaria libertaria \u201cque se disculpe\u201d. \u201cPara tener un Plan Bandera, que es el&hellip;<\/p>\n","protected":false},"author":1,"featured_media":143313,"comment_status":"open","ping_status":"open","sticky":false,"template":"","format":"standard","meta":{"footnotes":""},"categories":[22,13],"tags":[43181,2450,33318,46905,749],"class_list":["post-143312","post","type-post","status-publish","format-standard","has-post-thumbnail","hentry","category-policiales","category-politica","tag-alejandra-monteoliva","tag-diario-el-sindical","tag-javier-alonso","tag-plan-bandera","tag-policia-bonaerense"],"_links":{"self":[{"href":"https:\/\/www.elsindical.com.ar\/notas\/wp-json\/wp\/v2\/posts\/143312","targetHints":{"allow":["GET"]}}],"collection":[{"href":"https:\/\/www.elsindical.com.ar\/notas\/wp-json\/wp\/v2\/posts"}],"about":[{"href":"https:\/\/www.elsindical.com.ar\/notas\/wp-json\/wp\/v2\/types\/post"}],"author":[{"embeddable":true,"href":"https:\/\/www.elsindical.com.ar\/notas\/wp-json\/wp\/v2\/users\/1"}],"replies":[{"embeddable":true,"href":"https:\/\/www.elsindical.com.ar\/notas\/wp-json\/wp\/v2\/comments?post=143312"}],"version-history":[{"count":1,"href":"https:\/\/www.elsindical.com.ar\/notas\/wp-json\/wp\/v2\/posts\/143312\/revisions"}],"predecessor-version":[{"id":143314,"href":"https:\/\/www.elsindical.com.ar\/notas\/wp-json\/wp\/v2\/posts\/143312\/revisions\/143314"}],"wp:featuredmedia":[{"embeddable":true,"href":"https:\/\/www.elsindical.com.ar\/notas\/wp-json\/wp\/v2\/media\/143313"}],"wp:attachment":[{"href":"https:\/\/www.elsindical.com.ar\/notas\/wp-json\/wp\/v2\/media?parent=143312"}],"wp:term":[{"taxonomy":"category","embeddable":true,"href":"https:\/\/www.elsindical.com.ar\/notas\/wp-json\/wp\/v2\/categories?post=143312"},{"taxonomy":"post_tag","embeddable":true,"href":"https:\/\/www.elsindical.com.ar\/notas\/wp-json\/wp\/v2\/tags?post=143312"}],"curies":[{"name":"wp","href":"https:\/\/api.w.org\/{rel}","templated":true}]}}