{"id":143294,"date":"2026-03-09T12:30:37","date_gmt":"2026-03-09T15:30:37","guid":{"rendered":"https:\/\/www.elsindical.com.ar\/notas\/?p=143294"},"modified":"2026-03-09T12:30:42","modified_gmt":"2026-03-09T15:30:42","slug":"el-sutna-propone-un-proyecto-de-ley-para-garantizar-la-continuidad-de-fate","status":"publish","type":"post","link":"https:\/\/www.elsindical.com.ar\/notas\/el-sutna-propone-un-proyecto-de-ley-para-garantizar-la-continuidad-de-fate\/","title":{"rendered":"El SUTNA propone un proyecto de ley para garantizar la continuidad de FATE"},"content":{"rendered":"<div class=\"wp-block-image\">\n<figure class=\"aligncenter size-full\"><a href=\"https:\/\/www.elsindical.com.ar\/notas\/var\/www\/html\/notas\/wp-content\/uploads\/2026\/03\/No-al-cierre-de-FATE.jpg\"><img loading=\"lazy\" decoding=\"async\" width=\"700\" height=\"394\" src=\"https:\/\/www.elsindical.com.ar\/notas\/var\/www\/html\/notas\/wp-content\/uploads\/2026\/03\/No-al-cierre-de-FATE.jpg\" alt=\"\" class=\"wp-image-143295\" srcset=\"https:\/\/www.elsindical.com.ar\/notas\/var\/www\/html\/notas\/wp-content\/uploads\/2026\/03\/No-al-cierre-de-FATE.jpg 700w, https:\/\/www.elsindical.com.ar\/notas\/var\/www\/html\/notas\/wp-content\/uploads\/2026\/03\/No-al-cierre-de-FATE-300x169.jpg 300w, https:\/\/www.elsindical.com.ar\/notas\/var\/www\/html\/notas\/wp-content\/uploads\/2026\/03\/No-al-cierre-de-FATE-460x260.jpg 460w\" sizes=\"auto, (max-width: 700px) 100vw, 700px\" \/><\/a><\/figure>\n<\/div>\n\n\n<p>\u00abFATE es la \u00fanica f\u00e1brica de neum\u00e1ticos para cami\u00f3n y colectivo en el pa\u00eds\u00bb, advierte el SUTNA, justificando la importancia de la continuidad de la producci\u00f3n.<\/p>\n\n\n\n<p><strong>El Sindicato \u00danico de Trabajadores del Neum\u00e1tico Argentino (SUTNA) present\u00f3, y puso a disposici\u00f3n de todos los bloques de la Legislatura, un proyecto de ley que garantiza la continuidad de FATE<\/strong>, la \u00fanica que produce neum\u00e1ticos para colectivos y camiones en el pa\u00eds.<\/p>\n\n\n\n<p>Se trata de \u201cuna propuesta concreta para preservar la producci\u00f3n de neum\u00e1ticos para cami\u00f3n y colectivo, evitando el cierre de la \u00fanica f\u00e1brica del pa\u00eds que produce estos estrat\u00e9gicos productos\u201d.<\/p>\n\n\n\n<p>El sindicato hace menci\u00f3n, como contexto, a <strong>la tensi\u00f3n a nivel mundial por la escalada b\u00e9lica, adem\u00e1s del \u201cdesastre social\u201d que producir\u00eda el cierre para las familias.<\/strong><\/p>\n\n\n\n<p>\u201cProponemos se presente un proyecto de ley bajo las caracter\u00edsticas de la <strong>ocupaci\u00f3n temporal<\/strong>, para lo que presentamos una primera propuesta elaborada por nuestros abogados, economistas y dem\u00e1s profesionales con incidencia en este tema\u201d, informaron.<\/p>\n\n\n\n<p>De todos modos, el SUTNA aclara que \u201ceste material est\u00e1 a disposici\u00f3n de todos los bloques de la legislatura bonaerense, as\u00ed como de cada diputado y senador para que generen las modificaciones que crean pertinentes con la \u00fanica justa condici\u00f3n de que se mantenga el esp\u00edritu del escrito\u201d.<\/p>\n\n\n\n<p>\u201cExiste una irrefutable realidad: <strong>FATE es la \u00fanica f\u00e1brica de neum\u00e1ticos para cami\u00f3n y colectivo en el pa\u00eds, esta producci\u00f3n es estrat\u00e9gicamente necesaria e irremplazable para el funcionamiento del transporte de bienes y personas en todo el pa\u00eds<\/strong>, e inclusive para realizar exportaci\u00f3n v\u00eda terrestre\u201d, se\u00f1ala el comunicado.<\/p>\n\n\n\n<p>Y finaliza: \u201cExponer a todos los argentinos a quedarse potencialmente sin transporte no es una posibilidad a experimentar, debemos garantizar que el bienestar colectivo est\u00e9 por encima de maniobras, extorsiones o caprichos individuales, debe garantizarse el inter\u00e9s nacional y evitar la cat\u00e1strofe social que el cierre de FATE ocasionar\u00eda\u201d.<\/p>\n\n\n\n<h2 class=\"wp-block-heading\">El proyecto<\/h2>\n\n\n\n<figure class=\"wp-block-gallery has-nested-images columns-default is-cropped wp-block-gallery-1 is-layout-flex wp-block-gallery-is-layout-flex\">\n<figure class=\"wp-block-image size-large\"><a href=\"https:\/\/www.elsindical.com.ar\/notas\/var\/www\/html\/notas\/wp-content\/uploads\/2026\/03\/proyecto-de-Ley-FATE-1.jpeg\"><img loading=\"lazy\" decoding=\"async\" width=\"724\" height=\"1024\" data-id=\"143296\" src=\"https:\/\/www.elsindical.com.ar\/notas\/var\/www\/html\/notas\/wp-content\/uploads\/2026\/03\/proyecto-de-Ley-FATE-1.jpeg\" alt=\"\" class=\"wp-image-143296\" srcset=\"https:\/\/www.elsindical.com.ar\/notas\/var\/www\/html\/notas\/wp-content\/uploads\/2026\/03\/proyecto-de-Ley-FATE-1.jpeg 724w, https:\/\/www.elsindical.com.ar\/notas\/var\/www\/html\/notas\/wp-content\/uploads\/2026\/03\/proyecto-de-Ley-FATE-1-212x300.jpeg 212w\" sizes=\"auto, (max-width: 724px) 100vw, 724px\" \/><\/a><\/figure>\n\n\n\n<figure class=\"wp-block-image size-large\"><a href=\"https:\/\/www.elsindical.com.ar\/notas\/var\/www\/html\/notas\/wp-content\/uploads\/2026\/03\/proyecto-de-Ley-FATE-2.jpeg\"><img loading=\"lazy\" decoding=\"async\" width=\"724\" height=\"1024\" data-id=\"143297\" src=\"https:\/\/www.elsindical.com.ar\/notas\/var\/www\/html\/notas\/wp-content\/uploads\/2026\/03\/proyecto-de-Ley-FATE-2.jpeg\" alt=\"\" class=\"wp-image-143297\" srcset=\"https:\/\/www.elsindical.com.ar\/notas\/var\/www\/html\/notas\/wp-content\/uploads\/2026\/03\/proyecto-de-Ley-FATE-2.jpeg 724w, https:\/\/www.elsindical.com.ar\/notas\/var\/www\/html\/notas\/wp-content\/uploads\/2026\/03\/proyecto-de-Ley-FATE-2-212x300.jpeg 212w\" sizes=\"auto, (max-width: 724px) 100vw, 724px\" \/><\/a><\/figure>\n<\/figure>\n","protected":false},"excerpt":{"rendered":"<p>\u00abFATE es la \u00fanica f\u00e1brica de neum\u00e1ticos para cami\u00f3n y colectivo en el pa\u00eds\u00bb, advierte el SUTNA, justificando la importancia de la continuidad de la producci\u00f3n. El Sindicato \u00danico de Trabajadores del Neum\u00e1tico Argentino (SUTNA) present\u00f3, y puso a disposici\u00f3n de todos los bloques de la Legislatura, un proyecto de ley que garantiza la continuidad&hellip;<\/p>\n","protected":false},"author":1,"featured_media":143295,"comment_status":"open","ping_status":"open","sticky":false,"template":"","format":"standard","meta":{"footnotes":""},"categories":[16],"tags":[2450,7592,2997,3787],"class_list":["post-143294","post","type-post","status-publish","format-standard","has-post-thumbnail","hentry","category-gremiales","tag-diario-el-sindical","tag-fate","tag-proyecto-de-ley","tag-sutna"],"_links":{"self":[{"href":"https:\/\/www.elsindical.com.ar\/notas\/wp-json\/wp\/v2\/posts\/143294","targetHints":{"allow":["GET"]}}],"collection":[{"href":"https:\/\/www.elsindical.com.ar\/notas\/wp-json\/wp\/v2\/posts"}],"about":[{"href":"https:\/\/www.elsindical.com.ar\/notas\/wp-json\/wp\/v2\/types\/post"}],"author":[{"embeddable":true,"href":"https:\/\/www.elsindical.com.ar\/notas\/wp-json\/wp\/v2\/users\/1"}],"replies":[{"embeddable":true,"href":"https:\/\/www.elsindical.com.ar\/notas\/wp-json\/wp\/v2\/comments?post=143294"}],"version-history":[{"count":1,"href":"https:\/\/www.elsindical.com.ar\/notas\/wp-json\/wp\/v2\/posts\/143294\/revisions"}],"predecessor-version":[{"id":143298,"href":"https:\/\/www.elsindical.com.ar\/notas\/wp-json\/wp\/v2\/posts\/143294\/revisions\/143298"}],"wp:featuredmedia":[{"embeddable":true,"href":"https:\/\/www.elsindical.com.ar\/notas\/wp-json\/wp\/v2\/media\/143295"}],"wp:attachment":[{"href":"https:\/\/www.elsindical.com.ar\/notas\/wp-json\/wp\/v2\/media?parent=143294"}],"wp:term":[{"taxonomy":"category","embeddable":true,"href":"https:\/\/www.elsindical.com.ar\/notas\/wp-json\/wp\/v2\/categories?post=143294"},{"taxonomy":"post_tag","embeddable":true,"href":"https:\/\/www.elsindical.com.ar\/notas\/wp-json\/wp\/v2\/tags?post=143294"}],"curies":[{"name":"wp","href":"https:\/\/api.w.org\/{rel}","templated":true}]}}