{"id":143289,"date":"2026-03-09T00:02:17","date_gmt":"2026-03-09T03:02:17","guid":{"rendered":"https:\/\/www.elsindical.com.ar\/notas\/?p=143289"},"modified":"2026-03-09T00:02:25","modified_gmt":"2026-03-09T03:02:25","slug":"avellaneda-taller-clandestino-en-gerli-vecinos-denuncian-que-el-municipio-no-se-ocupa","status":"publish","type":"post","link":"https:\/\/www.elsindical.com.ar\/notas\/avellaneda-taller-clandestino-en-gerli-vecinos-denuncian-que-el-municipio-no-se-ocupa\/","title":{"rendered":"Avellaneda: Taller clandestino en Gerli, vecinos denuncian que el municipio no se ocupa"},"content":{"rendered":"<div class=\"wp-block-image\">\n<figure class=\"aligncenter size-large is-resized\"><a href=\"https:\/\/www.elsindical.com.ar\/notas\/var\/www\/html\/notas\/wp-content\/uploads\/2026\/03\/camion-en-Sarmiento-1771.jpg\"><img loading=\"lazy\" decoding=\"async\" width=\"831\" height=\"1024\" src=\"https:\/\/www.elsindical.com.ar\/notas\/var\/www\/html\/notas\/wp-content\/uploads\/2026\/03\/camion-en-Sarmiento-1771-831x1024.jpg\" alt=\"\" class=\"wp-image-143290\" style=\"width:521px;height:auto\" srcset=\"https:\/\/www.elsindical.com.ar\/notas\/var\/www\/html\/notas\/wp-content\/uploads\/2026\/03\/camion-en-Sarmiento-1771-831x1024.jpg 831w, https:\/\/www.elsindical.com.ar\/notas\/var\/www\/html\/notas\/wp-content\/uploads\/2026\/03\/camion-en-Sarmiento-1771-243x300.jpg 243w, https:\/\/www.elsindical.com.ar\/notas\/var\/www\/html\/notas\/wp-content\/uploads\/2026\/03\/camion-en-Sarmiento-1771-768x947.jpg 768w, https:\/\/www.elsindical.com.ar\/notas\/var\/www\/html\/notas\/wp-content\/uploads\/2026\/03\/camion-en-Sarmiento-1771.jpg 843w\" sizes=\"auto, (max-width: 831px) 100vw, 831px\" \/><\/a><\/figure>\n<\/div>\n\n\n<p>   Una vecina del barrio de Gerli, cansada de la situaci\u00f3n, pide a los medios difusi\u00f3n de un caso que genera molestias e indignaci\u00f3n en el barrio.<\/p>\n\n\n\n<p><strong><em>Hola podr\u00e1s subir que en la calle Presidente Sarmiento 1771 Avellaneda Gerli, entre Carabelas y De la Serna funciona en la calle en la via p\u00fablica un taller mecanico de camiones, ocupando toda la vereda y la calle, hay hasta 2 camiones muchas veces, obstruyen todo el tr\u00e1nsito, es una calle muy transitada y pasa la l\u00ednea 154, y muchos camiones, por estar los camiones obstruyendo el paso ya hubo muchos accidentes, pero el municipio no ve nada, desde que lo estoy denunciando en la municipalidad est\u00e1n escondidos, pero se puede ver la grasa pegada en el asfalto y la vereda. Limpian motores de cami\u00f3n en plena calle y todo ese humo t\u00f3xico lo tenemos que soportar todos los vecinos, encima se la dan de guapos,ellos mandan. Paso un inspector de la municipalidad pero algo le dio, as\u00ed que arreglan los de comercio. Ojal\u00e1 alguien haga algo, si no televisi\u00f3n, noticiero.<br><\/em><\/strong>Muchas gracias.<\/p>\n","protected":false},"excerpt":{"rendered":"<p>Una vecina del barrio de Gerli, cansada de la situaci\u00f3n, pide a los medios difusi\u00f3n de un caso que genera molestias e indignaci\u00f3n en el barrio. Hola podr\u00e1s subir que en la calle Presidente Sarmiento 1771 Avellaneda Gerli, entre Carabelas y De la Serna funciona en la calle en la via p\u00fablica un taller mecanico&hellip;<\/p>\n","protected":false},"author":1,"featured_media":143290,"comment_status":"open","ping_status":"open","sticky":false,"template":"","format":"standard","meta":{"footnotes":""},"categories":[6,25],"tags":[461,634,175,2450,1662,46897,46898,6220],"class_list":["post-143289","post","type-post","status-publish","format-standard","has-post-thumbnail","hentry","category-denuncias","category-sociedad","tag-avellaneda","tag-camiones","tag-denuncia","tag-diario-el-sindical","tag-gerli","tag-obstruccion-al-transito","tag-sarmiento-1771","tag-taller-clandestino"],"_links":{"self":[{"href":"https:\/\/www.elsindical.com.ar\/notas\/wp-json\/wp\/v2\/posts\/143289","targetHints":{"allow":["GET"]}}],"collection":[{"href":"https:\/\/www.elsindical.com.ar\/notas\/wp-json\/wp\/v2\/posts"}],"about":[{"href":"https:\/\/www.elsindical.com.ar\/notas\/wp-json\/wp\/v2\/types\/post"}],"author":[{"embeddable":true,"href":"https:\/\/www.elsindical.com.ar\/notas\/wp-json\/wp\/v2\/users\/1"}],"replies":[{"embeddable":true,"href":"https:\/\/www.elsindical.com.ar\/notas\/wp-json\/wp\/v2\/comments?post=143289"}],"version-history":[{"count":1,"href":"https:\/\/www.elsindical.com.ar\/notas\/wp-json\/wp\/v2\/posts\/143289\/revisions"}],"predecessor-version":[{"id":143291,"href":"https:\/\/www.elsindical.com.ar\/notas\/wp-json\/wp\/v2\/posts\/143289\/revisions\/143291"}],"wp:featuredmedia":[{"embeddable":true,"href":"https:\/\/www.elsindical.com.ar\/notas\/wp-json\/wp\/v2\/media\/143290"}],"wp:attachment":[{"href":"https:\/\/www.elsindical.com.ar\/notas\/wp-json\/wp\/v2\/media?parent=143289"}],"wp:term":[{"taxonomy":"category","embeddable":true,"href":"https:\/\/www.elsindical.com.ar\/notas\/wp-json\/wp\/v2\/categories?post=143289"},{"taxonomy":"post_tag","embeddable":true,"href":"https:\/\/www.elsindical.com.ar\/notas\/wp-json\/wp\/v2\/tags?post=143289"}],"curies":[{"name":"wp","href":"https:\/\/api.w.org\/{rel}","templated":true}]}}