{"id":143286,"date":"2026-03-08T21:49:09","date_gmt":"2026-03-09T00:49:09","guid":{"rendered":"https:\/\/www.elsindical.com.ar\/notas\/?p=143286"},"modified":"2026-03-08T21:49:17","modified_gmt":"2026-03-09T00:49:17","slug":"sigue-el-desplome-del-consumo-ventas-minoristas-pyme-cayeron-en-febrero-y-acumulan-diez-meses-de-baja","status":"publish","type":"post","link":"https:\/\/www.elsindical.com.ar\/notas\/sigue-el-desplome-del-consumo-ventas-minoristas-pyme-cayeron-en-febrero-y-acumulan-diez-meses-de-baja\/","title":{"rendered":"Sigue el desplome del consumo: ventas minoristas pyme cayeron en febrero y acumulan diez meses de baja"},"content":{"rendered":"<div class=\"wp-block-image\">\n<figure class=\"aligncenter size-full\"><a href=\"https:\/\/www.elsindical.com.ar\/notas\/var\/www\/html\/notas\/wp-content\/uploads\/2026\/03\/peatonal-vacia-y-negocios-cerrados.jpg\"><img loading=\"lazy\" decoding=\"async\" width=\"700\" height=\"394\" src=\"https:\/\/www.elsindical.com.ar\/notas\/var\/www\/html\/notas\/wp-content\/uploads\/2026\/03\/peatonal-vacia-y-negocios-cerrados.jpg\" alt=\"\" class=\"wp-image-143287\" srcset=\"https:\/\/www.elsindical.com.ar\/notas\/var\/www\/html\/notas\/wp-content\/uploads\/2026\/03\/peatonal-vacia-y-negocios-cerrados.jpg 700w, https:\/\/www.elsindical.com.ar\/notas\/var\/www\/html\/notas\/wp-content\/uploads\/2026\/03\/peatonal-vacia-y-negocios-cerrados-300x169.jpg 300w, https:\/\/www.elsindical.com.ar\/notas\/var\/www\/html\/notas\/wp-content\/uploads\/2026\/03\/peatonal-vacia-y-negocios-cerrados-460x260.jpg 460w\" sizes=\"auto, (max-width: 700px) 100vw, 700px\" \/><\/a><\/figure>\n<\/div>\n\n\n<p>Las <strong>ventas minoristas pyme<\/strong> retrocedieron <strong>5,6% interanual en febrero de 2026<\/strong>, seg\u00fan el relevamiento difundido por la <strong>Confederaci\u00f3n Argentina de la Mediana Empresa (CAME)<\/strong>. De este modo, el sector complet\u00f3 su <strong>d\u00e9cimo mes consecutivo de ca\u00edda<\/strong>, en un escenario marcado por la debilidad del consumo, el aumento de los costos operativos y una demanda cada vez m\u00e1s concentrada en bienes esenciales.<\/p>\n\n\n\n<p>El informe se\u00f1al\u00f3 adem\u00e1s que el <strong>primer bimestre del a\u00f1o<\/strong> cerr\u00f3 con una contracci\u00f3n acumulada de <strong>5,2%<\/strong>, lo que consolida una tendencia negativa para el comercio minorista. En la comparaci\u00f3n mensual desestacionalizada, febrero mostr\u00f3 una mejora de <strong>2,6%<\/strong> frente a enero, aunque ese repunte no alcanz\u00f3 para compensar la baja previa, que hab\u00eda sido de <strong>4,2%<\/strong>. La mejora del mes estuvo impulsada principalmente por el inicio del <strong>ciclo lectivo<\/strong>, con mayor movimiento en art\u00edculos escolares y productos de subsistencia.<\/p>\n\n\n\n<p>La din\u00e1mica relevada por <strong>CAME<\/strong> expone un mercado sostenido por consumos puntuales y por estrategias comerciales defensivas. En ese marco, los comercios apelan a <strong>ofertas<\/strong> y <strong>planes de financiamiento<\/strong> para sostener el volumen de ventas, mientras los m\u00e1rgenes de ganancia siguen condicionados por el incremento de <strong>gastos fijos<\/strong>, <strong>costos operativos<\/strong> y <strong>presi\u00f3n tributaria<\/strong>.<\/p>\n\n\n\n<h2 class=\"wp-block-heading\"><strong>Rentabilidad ajustada y cautela frente a nuevas inversiones<\/strong><\/h2>\n\n\n\n<p>El relevamiento indic\u00f3 que el <strong>38,8%<\/strong> de los propietarios consultados report\u00f3 un deterioro en su situaci\u00f3n econ\u00f3mica en comparaci\u00f3n con el a\u00f1o anterior, un dato que represent\u00f3 una suba de <strong>6 puntos<\/strong> respecto de enero. A la vez, el <strong>52,6%<\/strong> sostuvo que su situaci\u00f3n se mantuvo estable, en un contexto donde la actividad no termina de recuperar dinamismo y la rentabilidad aparece cada vez m\u00e1s limitada.<\/p>\n\n\n\n<p>En paralelo, el <strong>57,6%<\/strong> de los comerciantes consider\u00f3 que el escenario actual no es adecuado para realizar inversiones. El dato refleja la cautela que predomina en el sector, donde las decisiones de desembolso quedan postergadas ante la falta de previsibilidad y la presi\u00f3n de costos que atraviesa a los negocios de menor escala.<\/p>\n\n\n\n<p>Aun as\u00ed, las expectativas a un a\u00f1o muestran un cuadro dividido. El <strong>46,6%<\/strong> de los encuestados cree que la situaci\u00f3n se mantendr\u00e1 sin cambios, mientras que el <strong>42,9%<\/strong> espera una mejora. Solo el <strong>10,5%<\/strong> prev\u00e9 un empeoramiento, aunque la posibilidad de una reactivaci\u00f3n aparece atada a dos variables centrales: la <strong>recomposici\u00f3n salarial<\/strong> y una mayor <strong>previsibilidad de costos<\/strong>.<\/p>\n\n\n\n<h2 class=\"wp-block-heading\"><strong>Seis rubros en baja y una sola excepci\u00f3n en febrero<\/strong><\/h2>\n\n\n\n<p>El desglose por sectores mostr\u00f3 que <strong>seis de los siete rubros relevados<\/strong> registraron ca\u00eddas interanuales en febrero. El mayor retroceso se dio en <strong>bazar, decoraci\u00f3n, textiles para el hogar y muebles<\/strong>, con una baja de <strong>14,4%<\/strong>. Detr\u00e1s quedaron <strong>perfumer\u00eda<\/strong>, con un descenso de <strong>10,7%<\/strong>, y <strong>alimentos y bebidas<\/strong>, que cay\u00f3 <strong>8,7%<\/strong> y acumul\u00f3 una baja de <strong>7,4%<\/strong> en el a\u00f1o.<\/p>\n\n\n\n<p>Tambi\u00e9n se anotaron resultados negativos en <strong>textil e indumentaria<\/strong> (<strong>-7,4%<\/strong>) y en <strong>calzado y marroquiner\u00eda<\/strong>, que mostr\u00f3 una merma interanual de <strong>1,1%<\/strong>, aunque con un fuerte repunte mensual de <strong>8,8%<\/strong>. En tanto, <strong>ferreter\u00eda, materiales el\u00e9ctricos y de construcci\u00f3n<\/strong> tuvo una ca\u00edda m\u00ednima de <strong>0,3%<\/strong>, pero mantuvo un acumulado positivo de <strong>2,5%<\/strong> en el bimestre.<\/p>\n\n\n\n<p>La \u00fanica excepci\u00f3n fue el rubro <strong>farmacia<\/strong>, que registr\u00f3 un crecimiento interanual de <strong>0,3%<\/strong> en febrero. Con este panorama, el informe de <strong>CAME<\/strong>, emitido el <strong>8 de marzo de 2026<\/strong> desde <strong>Buenos Aires<\/strong>, volvi\u00f3 a mostrar un comercio pyme atravesado por la retracci\u00f3n del consumo y la dificultad para consolidar una recuperaci\u00f3n sostenida.<\/p>\n","protected":false},"excerpt":{"rendered":"<p>Las ventas minoristas pyme retrocedieron 5,6% interanual en febrero de 2026, seg\u00fan el relevamiento difundido por la Confederaci\u00f3n Argentina de la Mediana Empresa (CAME). De este modo, el sector complet\u00f3 su d\u00e9cimo mes consecutivo de ca\u00edda, en un escenario marcado por la debilidad del consumo, el aumento de los costos operativos y una demanda cada&hellip;<\/p>\n","protected":false},"author":1,"featured_media":143287,"comment_status":"open","ping_status":"open","sticky":false,"template":"","format":"standard","meta":{"footnotes":""},"categories":[9],"tags":[42550,7187,4357,46896,2450,22023,761,28812,16877],"class_list":["post-143286","post","type-post","status-publish","format-standard","has-post-thumbnail","hentry","category-economia","tag-caida-de-ventas","tag-came","tag-comercios","tag-desplome-del-consumo","tag-diario-el-sindical","tag-economia","tag-gobierno-nacional","tag-javier-milei","tag-pymes"],"_links":{"self":[{"href":"https:\/\/www.elsindical.com.ar\/notas\/wp-json\/wp\/v2\/posts\/143286","targetHints":{"allow":["GET"]}}],"collection":[{"href":"https:\/\/www.elsindical.com.ar\/notas\/wp-json\/wp\/v2\/posts"}],"about":[{"href":"https:\/\/www.elsindical.com.ar\/notas\/wp-json\/wp\/v2\/types\/post"}],"author":[{"embeddable":true,"href":"https:\/\/www.elsindical.com.ar\/notas\/wp-json\/wp\/v2\/users\/1"}],"replies":[{"embeddable":true,"href":"https:\/\/www.elsindical.com.ar\/notas\/wp-json\/wp\/v2\/comments?post=143286"}],"version-history":[{"count":1,"href":"https:\/\/www.elsindical.com.ar\/notas\/wp-json\/wp\/v2\/posts\/143286\/revisions"}],"predecessor-version":[{"id":143288,"href":"https:\/\/www.elsindical.com.ar\/notas\/wp-json\/wp\/v2\/posts\/143286\/revisions\/143288"}],"wp:featuredmedia":[{"embeddable":true,"href":"https:\/\/www.elsindical.com.ar\/notas\/wp-json\/wp\/v2\/media\/143287"}],"wp:attachment":[{"href":"https:\/\/www.elsindical.com.ar\/notas\/wp-json\/wp\/v2\/media?parent=143286"}],"wp:term":[{"taxonomy":"category","embeddable":true,"href":"https:\/\/www.elsindical.com.ar\/notas\/wp-json\/wp\/v2\/categories?post=143286"},{"taxonomy":"post_tag","embeddable":true,"href":"https:\/\/www.elsindical.com.ar\/notas\/wp-json\/wp\/v2\/tags?post=143286"}],"curies":[{"name":"wp","href":"https:\/\/api.w.org\/{rel}","templated":true}]}}