{"id":143280,"date":"2026-03-08T21:39:22","date_gmt":"2026-03-09T00:39:22","guid":{"rendered":"https:\/\/www.elsindical.com.ar\/notas\/?p=143280"},"modified":"2026-03-08T21:39:28","modified_gmt":"2026-03-09T00:39:28","slug":"este-lunes-habra-paro-nacional-y-movilizaciones-en-todo-el-pais","status":"publish","type":"post","link":"https:\/\/www.elsindical.com.ar\/notas\/este-lunes-habra-paro-nacional-y-movilizaciones-en-todo-el-pais\/","title":{"rendered":"Este lunes habr\u00e1 paro nacional y movilizaciones en todo el pa\u00eds"},"content":{"rendered":"<div class=\"wp-block-image\">\n<figure class=\"aligncenter size-full\"><a href=\"https:\/\/www.elsindical.com.ar\/notas\/var\/www\/html\/notas\/wp-content\/uploads\/2026\/03\/Libres-poderosas-y-vivas.jpg\"><img loading=\"lazy\" decoding=\"async\" width=\"647\" height=\"410\" src=\"https:\/\/www.elsindical.com.ar\/notas\/var\/www\/html\/notas\/wp-content\/uploads\/2026\/03\/Libres-poderosas-y-vivas.jpg\" alt=\"\" class=\"wp-image-143281\" srcset=\"https:\/\/www.elsindical.com.ar\/notas\/var\/www\/html\/notas\/wp-content\/uploads\/2026\/03\/Libres-poderosas-y-vivas.jpg 647w, https:\/\/www.elsindical.com.ar\/notas\/var\/www\/html\/notas\/wp-content\/uploads\/2026\/03\/Libres-poderosas-y-vivas-300x190.jpg 300w\" sizes=\"auto, (max-width: 647px) 100vw, 647px\" \/><\/a><\/figure>\n<\/div>\n\n\n<p>Organizaciones feministas, sindicales, sociales y pol\u00edticas convocaron a un <strong>paro de actividades<\/strong> y a <strong>movilizaciones en todo el pa\u00eds<\/strong> para el <strong>lunes 9 de marzo<\/strong>, en el marco de la conmemoraci\u00f3n del <strong>D\u00eda Internacional de la Mujer Trabajadora<\/strong>. La decisi\u00f3n de trasladar la protesta del domingo al lunes apunta a dotar a la jornada de un efecto concreto sobre la actividad econ\u00f3mica y reforzar as\u00ed el alcance de los reclamos.<\/p>\n\n\n\n<p>La convocatoria tiene como ejes centrales la lucha contra la <strong>violencia machista<\/strong>, la <strong>brecha salarial<\/strong>, la <strong>precarizaci\u00f3n laboral<\/strong> y la defensa de los derechos conquistados frente a un escenario que distintos espacios describen como de posible retroceso. En ese marco, el paro busca visibilizar el lugar que ocupan las mujeres en la estructura econ\u00f3mica y social del pa\u00eds y el peso que tiene su participaci\u00f3n cotidiana en \u00e1mbitos laborales, comunitarios y de cuidado.<\/p>\n\n\n\n<p>Entre los principales impulsores de la jornada figuran el colectivo <strong>Ni Una Menos<\/strong>, la <strong>CGT<\/strong>, las dos <strong>CTA<\/strong>, la agrupaci\u00f3n <strong>Pan y Rosas<\/strong> y la <strong>Campa\u00f1a Nacional por el Derecho al Aborto Legal, Seguro y Gratuito<\/strong>. En la <strong>Ciudad de Buenos Aires<\/strong>, la concentraci\u00f3n principal est\u00e1 prevista para las <strong>16:30<\/strong> en el <strong>Congreso Nacional<\/strong>, desde donde la movilizaci\u00f3n avanzar\u00e1 hacia <strong>Plaza de Mayo<\/strong>.<\/p>\n\n\n\n<h2 class=\"wp-block-heading\"><strong>El peso del paro y una fecha elegida para presionar<\/strong><\/h2>\n\n\n\n<p>La elecci\u00f3n del <strong>lunes 9 de marzo<\/strong> no aparece como un detalle menor dentro de la convocatoria. A diferencia de la fecha original del <strong>8M<\/strong>, que este a\u00f1o cae domingo, la decisi\u00f3n de realizar el paro al d\u00eda siguiente apunta a convertir la protesta en una herramienta de presi\u00f3n pol\u00edtica y econ\u00f3mica, con impacto en la vida laboral y productiva, y no solo en el plano simb\u00f3lico o conmemorativo.<\/p>\n\n\n\n<p>Tambi\u00e9n habr\u00e1 manifestaciones en distintos puntos del interior del pa\u00eds. Entre las concentraciones ya previstas figuran <strong>Plaza Independencia<\/strong>, en <strong>Tucum\u00e1n<\/strong>; el punto de <strong>El Reloj<\/strong>, en <strong>Paran\u00e1, Entre R\u00edos<\/strong>; y el centro de <strong>Mar del Plata<\/strong>, en una jornada de car\u00e1cter federal que buscar\u00e1 replicar en varias ciudades las consignas hist\u00f3ricas del movimiento.<\/p>\n\n\n\n<p>El llamado se apoya, adem\u00e1s, en una serie de estad\u00edsticas que las organizaciones utilizan para sostener la vigencia de los reclamos. Seg\u00fan el observatorio <strong>MuMaL\u00e1<\/strong>, durante el primer bimestre del a\u00f1o se registr\u00f3 <strong>un femicidio cada 39 horas<\/strong>, lo que equivale a un promedio de <strong>0,6 muertes diarias<\/strong>.<\/p>\n\n\n\n<h2 class=\"wp-block-heading\"><strong>Violencia, desigualdad e incumplimientos como ejes de la protesta<\/strong><\/h2>\n\n\n\n<p>A esos datos se suman indicadores econ\u00f3micos y sociales. De acuerdo con el <strong>CEPA<\/strong>, los ingresos de los varones superan a los de las mujeres entre un <strong>27% y un 29%<\/strong>, mientras que <strong>UNICEF<\/strong> advirti\u00f3 que <strong>7 de cada 10 padres<\/strong> no cumplen con la <strong>cuota alimentaria<\/strong>, lo que recarga sobre las madres la manutenci\u00f3n, la educaci\u00f3n y la atenci\u00f3n de la salud de hijos e hijas.<\/p>\n\n\n\n<p>\u201c<strong>Organizarnos<\/strong>\u201d y \u201c<strong>volver a mostrar la potencia de nuestra fuerza colectiva<\/strong>\u201d fue la convocatoria lanzada por <strong>Myriam Bregman<\/strong>, diputada nacional del <strong>FIT<\/strong> e integrante de <strong>Pan y Rosas<\/strong>, al llamar a participar de la jornada. La dirigente tambi\u00e9n defini\u00f3 a quienes se movilizan como las \u201c<strong>verdaderas protagonistas<\/strong>\u201d de las luchas que permitieron avances legislativos en los \u00faltimos a\u00f1os.<\/p>\n\n\n\n<p>Con ese trasfondo, el <strong>9M<\/strong> se proyecta como una continuidad pol\u00edtica del <strong>8M<\/strong>, pero con una estrategia distinta: no solo ocupar el espacio p\u00fablico, sino tambi\u00e9n interrumpir la normalidad de la actividad para remarcar que los reclamos por violencia, trabajo, ingresos y derechos pendientes siguen abiertos.<\/p>\n","protected":false},"excerpt":{"rendered":"<p>Organizaciones feministas, sindicales, sociales y pol\u00edticas convocaron a un paro de actividades y a movilizaciones en todo el pa\u00eds para el lunes 9 de marzo, en el marco de la conmemoraci\u00f3n del D\u00eda Internacional de la Mujer Trabajadora. La decisi\u00f3n de trasladar la protesta del domingo al lunes apunta a dotar a la jornada de&hellip;<\/p>\n","protected":false},"author":1,"featured_media":143281,"comment_status":"open","ping_status":"open","sticky":false,"template":"","format":"standard","meta":{"footnotes":""},"categories":[13,25],"tags":[910,184,42453,2450,11742,67],"class_list":["post-143280","post","type-post","status-publish","format-standard","has-post-thumbnail","hentry","category-politica","category-sociedad","tag-cgt","tag-cta","tag-dia-internacional-de-la-mujer-trabajadora","tag-diario-el-sindical","tag-movilizaciones","tag-paro"],"_links":{"self":[{"href":"https:\/\/www.elsindical.com.ar\/notas\/wp-json\/wp\/v2\/posts\/143280","targetHints":{"allow":["GET"]}}],"collection":[{"href":"https:\/\/www.elsindical.com.ar\/notas\/wp-json\/wp\/v2\/posts"}],"about":[{"href":"https:\/\/www.elsindical.com.ar\/notas\/wp-json\/wp\/v2\/types\/post"}],"author":[{"embeddable":true,"href":"https:\/\/www.elsindical.com.ar\/notas\/wp-json\/wp\/v2\/users\/1"}],"replies":[{"embeddable":true,"href":"https:\/\/www.elsindical.com.ar\/notas\/wp-json\/wp\/v2\/comments?post=143280"}],"version-history":[{"count":1,"href":"https:\/\/www.elsindical.com.ar\/notas\/wp-json\/wp\/v2\/posts\/143280\/revisions"}],"predecessor-version":[{"id":143282,"href":"https:\/\/www.elsindical.com.ar\/notas\/wp-json\/wp\/v2\/posts\/143280\/revisions\/143282"}],"wp:featuredmedia":[{"embeddable":true,"href":"https:\/\/www.elsindical.com.ar\/notas\/wp-json\/wp\/v2\/media\/143281"}],"wp:attachment":[{"href":"https:\/\/www.elsindical.com.ar\/notas\/wp-json\/wp\/v2\/media?parent=143280"}],"wp:term":[{"taxonomy":"category","embeddable":true,"href":"https:\/\/www.elsindical.com.ar\/notas\/wp-json\/wp\/v2\/categories?post=143280"},{"taxonomy":"post_tag","embeddable":true,"href":"https:\/\/www.elsindical.com.ar\/notas\/wp-json\/wp\/v2\/tags?post=143280"}],"curies":[{"name":"wp","href":"https:\/\/api.w.org\/{rel}","templated":true}]}}