{"id":143275,"date":"2026-03-08T21:32:31","date_gmt":"2026-03-09T00:32:31","guid":{"rendered":"https:\/\/www.elsindical.com.ar\/notas\/?p=143275"},"modified":"2026-03-08T21:32:37","modified_gmt":"2026-03-09T00:32:37","slug":"violencia-de-genero-en-la-provincia-mas-de-1-000-femicidios-en-una-decada-y-146-mil-procesos-penales-solo-en-2025","status":"publish","type":"post","link":"https:\/\/www.elsindical.com.ar\/notas\/violencia-de-genero-en-la-provincia-mas-de-1-000-femicidios-en-una-decada-y-146-mil-procesos-penales-solo-en-2025\/","title":{"rendered":"Violencia de g\u00e9nero en la Provincia: M\u00e1s de 1.000 femicidios en una d\u00e9cada y 146 mil procesos penales s\u00f3lo en 2025"},"content":{"rendered":"<div class=\"wp-block-image\">\n<figure class=\"aligncenter size-full\"><a href=\"https:\/\/www.elsindical.com.ar\/notas\/var\/www\/html\/notas\/wp-content\/uploads\/2017\/07\/No-m\u00e1s-femicidios.jpg\"><img loading=\"lazy\" decoding=\"async\" width=\"620\" height=\"370\" src=\"https:\/\/www.elsindical.com.ar\/notas\/var\/www\/html\/notas\/wp-content\/uploads\/2017\/07\/No-m\u00e1s-femicidios.jpg\" alt=\"\" class=\"wp-image-70422\" srcset=\"https:\/\/www.elsindical.com.ar\/notas\/var\/www\/html\/notas\/wp-content\/uploads\/2017\/07\/No-m\u00e1s-femicidios.jpg 620w, https:\/\/www.elsindical.com.ar\/notas\/var\/www\/html\/notas\/wp-content\/uploads\/2017\/07\/No-m\u00e1s-femicidios-300x179.jpg 300w, https:\/\/www.elsindical.com.ar\/notas\/var\/www\/html\/notas\/wp-content\/uploads\/2017\/07\/No-m\u00e1s-femicidios-500x298.jpg 500w\" sizes=\"auto, (max-width: 620px) 100vw, 620px\" \/><\/a><\/figure>\n<\/div>\n\n\n<p>La <strong>provincia de Buenos Aires<\/strong> registr\u00f3 durante <strong>2025<\/strong> un total de <strong>146.046 procesos penales<\/strong> por <strong>violencia familiar y de g\u00e9nero<\/strong>, una cifra que represent\u00f3 el <strong>14,1%<\/strong> del total de causas penales iniciadas en el territorio bonaerense. El dato expone la magnitud de una problem\u00e1tica que sigue ocupando un lugar central en el sistema judicial y que, lejos de mostrar un retroceso, mantiene un volumen sostenido de expedientes, v\u00edctimas y hechos de extrema gravedad.<\/p>\n\n\n\n<p>De acuerdo con las estad\u00edsticas presentadas, los departamentos judiciales con mayor cantidad de causas fueron <strong>San Mart\u00edn<\/strong>, con <strong>23.483<\/strong>, y <strong>Lomas de Zamora<\/strong>, con <strong>19.304<\/strong>. En el otro extremo quedaron <strong>Necochea<\/strong>, con <strong>1.006<\/strong>, y <strong>Pergamino<\/strong>, con <strong>1.829<\/strong>. La distribuci\u00f3n territorial muestra diferencias entre jurisdicciones, aunque el fen\u00f3meno atraviesa a toda la provincia y tiene presencia en cada uno de los mapas judiciales.<\/p>\n\n\n\n<p>El universo relevado alcanz\u00f3 a <strong>147.902 v\u00edctimas<\/strong>, de las cuales el <strong>73,9%<\/strong> son <strong>mujeres<\/strong>. A su vez, en el <strong>88%<\/strong> de los casos en los que las v\u00edctimas fueron mujeres, los imputados resultaron ser <strong>varones<\/strong>. La composici\u00f3n de los expedientes reafirma un patr\u00f3n persistente en las violencias denunciadas: la enorme mayor\u00eda de las agresiones se inscribe en relaciones asim\u00e9tricas atravesadas por el g\u00e9nero.<\/p>\n\n\n\n<h2 class=\"wp-block-heading\">Procesos penales por violencia familiar y de g\u00e9nero en la provincia<\/h2>\n\n\n\n<p>An\u00e1lisis estad\u00edstico de las 146.046 causas iniciadas durante el a\u00f1o 2025.<\/p>\n\n\n<div class=\"wp-block-image\">\n<figure class=\"aligncenter size-full\"><a href=\"https:\/\/www.elsindical.com.ar\/notas\/var\/www\/html\/notas\/wp-content\/uploads\/2026\/03\/procesos-penal-violencia-de-genero-2025-PBA.jpg\"><img loading=\"lazy\" decoding=\"async\" width=\"700\" height=\"557\" src=\"https:\/\/www.elsindical.com.ar\/notas\/var\/www\/html\/notas\/wp-content\/uploads\/2026\/03\/procesos-penal-violencia-de-genero-2025-PBA.jpg\" alt=\"\" class=\"wp-image-143276\" srcset=\"https:\/\/www.elsindical.com.ar\/notas\/var\/www\/html\/notas\/wp-content\/uploads\/2026\/03\/procesos-penal-violencia-de-genero-2025-PBA.jpg 700w, https:\/\/www.elsindical.com.ar\/notas\/var\/www\/html\/notas\/wp-content\/uploads\/2026\/03\/procesos-penal-violencia-de-genero-2025-PBA-300x239.jpg 300w\" sizes=\"auto, (max-width: 700px) 100vw, 700px\" \/><\/a><\/figure>\n<\/div>\n\n\n<h2 class=\"wp-block-heading\"><strong>Amenazas, lesiones y desobediencias, entre los delitos m\u00e1s frecuentes<\/strong><\/h2>\n\n\n\n<p>La tipolog\u00eda de los procesos iniciados muestra que las <strong>amenazas<\/strong> encabezan el listado con el <strong>27,7%<\/strong> de los casos. Le siguen las <strong>lesiones<\/strong>, con el <strong>24,5%<\/strong>, y la <strong>desobediencia de medidas judiciales<\/strong>, como incumplimientos de restricciones o perimetrales, con el <strong>12,3%<\/strong>. M\u00e1s atr\u00e1s aparecen el <strong>abuso sexual<\/strong>, con el <strong>7,8%<\/strong>, y el <strong>da\u00f1o<\/strong>, con el <strong>5,5%<\/strong>.<\/p>\n\n\n\n<p>El peso de la desobediencia judicial aparece como uno de los datos m\u00e1s sensibles del relevamiento, porque remite a situaciones en las que ya exist\u00eda una intervenci\u00f3n previa de la Justicia o medidas de protecci\u00f3n vigentes. Ese cuadro suma un elemento de alerta sobre la eficacia real de los mecanismos institucionales de resguardo en contextos de riesgo.<\/p>\n\n\n\n<p>Los datos surgen del <strong>REVIFAG<\/strong>, el <strong>Registro Penal de Violencia Familiar y de G\u00e9nero<\/strong>, y la metodolog\u00eda contempla las muertes violentas de <strong>mujeres<\/strong>, <strong>mujeres trans<\/strong> y <strong>travestis<\/strong> a partir de indicadores de g\u00e9nero, m\u00e1s all\u00e1 de la calificaci\u00f3n jur\u00eddica inicial del expediente.<\/p>\n\n\n\n<h2 class=\"wp-block-heading\"><strong>Femicidios: 78 v\u00edctimas fatales y una marca de m\u00e1s de 1.000 casos en diez a\u00f1os<\/strong><\/h2>\n\n\n\n<p>En ese escenario, durante <strong>2025<\/strong> se contabilizaron <strong>74 procesos por femicidio<\/strong> con <strong>78 v\u00edctimas fatales<\/strong>, una cifra equivalente al <strong>60,5%<\/strong> de los homicidios de mujeres registrados en la provincia. La tasa anual se ubic\u00f3 en <strong>0,88 v\u00edctimas cada 100.000 mujeres<\/strong>, mientras que el acumulado entre <strong>2015 y 2025<\/strong> lleg\u00f3 a <strong>1.010 v\u00edctimas<\/strong>, superando la barrera de las mil muertes en la \u00faltima d\u00e9cada.<\/p>\n\n\n\n<p>La informaci\u00f3n revela adem\u00e1s que el <strong>85,9%<\/strong> de los femicidios ocurri\u00f3 dentro de una <strong>vivienda<\/strong>, lo que vuelve a ubicar al espacio dom\u00e9stico como el principal escenario de riesgo. En cuanto a los m\u00e9todos utilizados, predomin\u00f3 la <strong>fuerza f\u00edsica<\/strong> en el <strong>35,9%<\/strong> de los casos y el uso de <strong>armas de fuego<\/strong> en el <strong>23,1%<\/strong>.<\/p>\n\n\n\n<p>M\u00e1s del <strong>90%<\/strong> de las v\u00edctimas conoc\u00eda a su agresor y en el <strong>64%<\/strong> de los casos exist\u00eda o hab\u00eda existido una relaci\u00f3n de <strong>pareja o ex pareja<\/strong>. El dato confirma que la violencia extrema se produce mayormente en el c\u00edrculo \u00edntimo y no en hechos aislados o cometidos por desconocidos.<\/p>\n\n\n<div class=\"wp-block-image\">\n<figure class=\"aligncenter size-full\"><a href=\"https:\/\/www.elsindical.com.ar\/notas\/var\/www\/html\/notas\/wp-content\/uploads\/2026\/03\/impacto-violencia-extrema.jpg\"><img loading=\"lazy\" decoding=\"async\" width=\"653\" height=\"168\" src=\"https:\/\/www.elsindical.com.ar\/notas\/var\/www\/html\/notas\/wp-content\/uploads\/2026\/03\/impacto-violencia-extrema.jpg\" alt=\"\" class=\"wp-image-143277\" srcset=\"https:\/\/www.elsindical.com.ar\/notas\/var\/www\/html\/notas\/wp-content\/uploads\/2026\/03\/impacto-violencia-extrema.jpg 653w, https:\/\/www.elsindical.com.ar\/notas\/var\/www\/html\/notas\/wp-content\/uploads\/2026\/03\/impacto-violencia-extrema-300x77.jpg 300w\" sizes=\"auto, (max-width: 653px) 100vw, 653px\" \/><\/a><\/figure>\n<\/div>\n\n<div class=\"wp-block-image\">\n<figure class=\"aligncenter size-full\"><a href=\"https:\/\/www.elsindical.com.ar\/notas\/var\/www\/html\/notas\/wp-content\/uploads\/2026\/03\/vinculo-de-la-victima-con-el-agresor.jpg\"><img loading=\"lazy\" decoding=\"async\" width=\"679\" height=\"474\" src=\"https:\/\/www.elsindical.com.ar\/notas\/var\/www\/html\/notas\/wp-content\/uploads\/2026\/03\/vinculo-de-la-victima-con-el-agresor.jpg\" alt=\"\" class=\"wp-image-143278\" srcset=\"https:\/\/www.elsindical.com.ar\/notas\/var\/www\/html\/notas\/wp-content\/uploads\/2026\/03\/vinculo-de-la-victima-con-el-agresor.jpg 679w, https:\/\/www.elsindical.com.ar\/notas\/var\/www\/html\/notas\/wp-content\/uploads\/2026\/03\/vinculo-de-la-victima-con-el-agresor-300x209.jpg 300w\" sizes=\"auto, (max-width: 679px) 100vw, 679px\" \/><\/a><\/figure>\n<\/div>\n\n\n<h2 class=\"wp-block-heading\"><strong>Denuncias previas, hu\u00e9rfanos y un impacto que excede a las v\u00edctimas directas<\/strong><\/h2>\n\n\n\n<p>El perfil etario muestra que el <strong>55,1%<\/strong> de las v\u00edctimas y el <strong>58%<\/strong> de los imputados ten\u00edan entre <strong>18 y 40 a\u00f1os<\/strong>, una franja que concentra buena parte de los casos m\u00e1s graves. Adem\u00e1s, el relevamiento indic\u00f3 que el <strong>15,4%<\/strong> de las v\u00edctimas de femicidio hab\u00eda denunciado previamente a su agresor, lo que equivale a <strong>12 casos<\/strong> con antecedentes formales de violencia.<\/p>\n\n\n\n<p>Ese punto vuelve a poner bajo la lupa las fallas en la protecci\u00f3n efectiva de las v\u00edctimas, especialmente cuando ya exist\u00edan intervenciones previas del sistema judicial o denuncias activadas. A eso se suma que en <strong>13 casos<\/strong> el agresor se suicid\u00f3 inmediatamente despu\u00e9s del crimen, un dato que complejiza todav\u00eda m\u00e1s la reconstrucci\u00f3n judicial y el impacto social de estos hechos.<\/p>\n\n\n\n<p>Las consecuencias tambi\u00e9n alcanzaron de manera directa a los entornos familiares. En <strong>2025<\/strong>, al menos <strong>83 hijos e hijas<\/strong> perdieron a sus madres por femicidios en la provincia, y de ese total <strong>46<\/strong> son <strong>menores de edad<\/strong>. La estad\u00edstica no solo mide causas, v\u00edctimas y agresores: tambi\u00e9n deja expuesta una trama de da\u00f1os persistentes que se proyecta mucho m\u00e1s all\u00e1 de cada expediente penal.<\/p>\n","protected":false},"excerpt":{"rendered":"<p>La provincia de Buenos Aires registr\u00f3 durante 2025 un total de 146.046 procesos penales por violencia familiar y de g\u00e9nero, una cifra que represent\u00f3 el 14,1% del total de causas penales iniciadas en el territorio bonaerense. El dato expone la magnitud de una problem\u00e1tica que sigue ocupando un lugar central en el sistema judicial y&hellip;<\/p>\n","protected":false},"author":1,"featured_media":70422,"comment_status":"open","ping_status":"open","sticky":false,"template":"","format":"standard","meta":{"footnotes":""},"categories":[25],"tags":[22020,2450,25338,59,16396,46894,10835,572,4154],"class_list":["post-143275","post","type-post","status-publish","format-standard","has-post-thumbnail","hentry","category-sociedad","tag-denuncias","tag-diario-el-sindical","tag-femicidios","tag-mujeres","tag-pba","tag-procesos-penales","tag-varones","tag-violencia-de-genero","tag-violencia-familiar"],"_links":{"self":[{"href":"https:\/\/www.elsindical.com.ar\/notas\/wp-json\/wp\/v2\/posts\/143275","targetHints":{"allow":["GET"]}}],"collection":[{"href":"https:\/\/www.elsindical.com.ar\/notas\/wp-json\/wp\/v2\/posts"}],"about":[{"href":"https:\/\/www.elsindical.com.ar\/notas\/wp-json\/wp\/v2\/types\/post"}],"author":[{"embeddable":true,"href":"https:\/\/www.elsindical.com.ar\/notas\/wp-json\/wp\/v2\/users\/1"}],"replies":[{"embeddable":true,"href":"https:\/\/www.elsindical.com.ar\/notas\/wp-json\/wp\/v2\/comments?post=143275"}],"version-history":[{"count":1,"href":"https:\/\/www.elsindical.com.ar\/notas\/wp-json\/wp\/v2\/posts\/143275\/revisions"}],"predecessor-version":[{"id":143279,"href":"https:\/\/www.elsindical.com.ar\/notas\/wp-json\/wp\/v2\/posts\/143275\/revisions\/143279"}],"wp:featuredmedia":[{"embeddable":true,"href":"https:\/\/www.elsindical.com.ar\/notas\/wp-json\/wp\/v2\/media\/70422"}],"wp:attachment":[{"href":"https:\/\/www.elsindical.com.ar\/notas\/wp-json\/wp\/v2\/media?parent=143275"}],"wp:term":[{"taxonomy":"category","embeddable":true,"href":"https:\/\/www.elsindical.com.ar\/notas\/wp-json\/wp\/v2\/categories?post=143275"},{"taxonomy":"post_tag","embeddable":true,"href":"https:\/\/www.elsindical.com.ar\/notas\/wp-json\/wp\/v2\/tags?post=143275"}],"curies":[{"name":"wp","href":"https:\/\/api.w.org\/{rel}","templated":true}]}}