{"id":143258,"date":"2026-03-07T13:55:29","date_gmt":"2026-03-07T16:55:29","guid":{"rendered":"https:\/\/www.elsindical.com.ar\/notas\/?p=143258"},"modified":"2026-03-07T13:55:36","modified_gmt":"2026-03-07T16:55:36","slug":"denunciaron-a-un-productor-teatral-de-famosos-por-abuso-sexual-a-una-nena-de-15-anos","status":"publish","type":"post","link":"https:\/\/www.elsindical.com.ar\/notas\/denunciaron-a-un-productor-teatral-de-famosos-por-abuso-sexual-a-una-nena-de-15-anos\/","title":{"rendered":"Denunciaron a un productor teatral de famosos por abuso sexual a una nena de 15 a\u00f1os"},"content":{"rendered":"<div class=\"wp-block-image\">\n<figure class=\"aligncenter size-full\"><a href=\"https:\/\/www.elsindical.com.ar\/notas\/var\/www\/html\/notas\/wp-content\/uploads\/2026\/03\/productor-Aldo-Funes-denunciado.jpg\"><img loading=\"lazy\" decoding=\"async\" width=\"700\" height=\"394\" src=\"https:\/\/www.elsindical.com.ar\/notas\/var\/www\/html\/notas\/wp-content\/uploads\/2026\/03\/productor-Aldo-Funes-denunciado.jpg\" alt=\"\" class=\"wp-image-143259\" srcset=\"https:\/\/www.elsindical.com.ar\/notas\/var\/www\/html\/notas\/wp-content\/uploads\/2026\/03\/productor-Aldo-Funes-denunciado.jpg 700w, https:\/\/www.elsindical.com.ar\/notas\/var\/www\/html\/notas\/wp-content\/uploads\/2026\/03\/productor-Aldo-Funes-denunciado-300x169.jpg 300w, https:\/\/www.elsindical.com.ar\/notas\/var\/www\/html\/notas\/wp-content\/uploads\/2026\/03\/productor-Aldo-Funes-denunciado-460x260.jpg 460w\" sizes=\"auto, (max-width: 700px) 100vw, 700px\" \/><\/a><\/figure>\n<\/div>\n\n\n<p>El empresario Aldo Funes, hist\u00f3rico patrocinador de Nito Artaza y Miguel \u00c1ngel Cheutti, deber\u00e1 declarar por tres hechos que habr\u00edan sucedido en 2013.<\/p>\n\n\n\n<p>Una denuncia por abuso sexual contra una nena de 15 a\u00f1os llevar\u00e1 a <strong>Aldo Funes<\/strong> a declaraci\u00f3n indagatoria en juzgado de instrucci\u00f3n nacional n\u00famero 30, luego de que el propio productor teatral de los famosos hiciera una denuncia por extorsi\u00f3n contra la madre y la propia chica que lo acus\u00f3.<\/p>\n\n\n\n<p>\u201cTambi\u00e9n fue citada a indagatoria la mam\u00e1 (<strong>Sandra Carpena<\/strong>) de la joven como supuesta entregadora e instigadora para que esos abusos ocurran\u201d, cont\u00f3 <strong>Mauro Szeta<\/strong>.<\/p>\n\n\n\n<p>\u201c<strong>Hace tres a\u00f1os denunci\u00f3 en Tigre tanto a su denunciante como a la madre por extorsionadoras. Logr\u00f3 que las procesen ambas. Ahora, en otra jurisdicci\u00f3n le dan credibilidad a la denunciante, por lo menos para que \u00e9l sea citado a indagatoria por abuso<\/strong>\u201d, resumi\u00f3 el periodista de <strong>Lape Club Social<\/strong>.<\/p>\n\n\n\n<p>Ante la complejidad del caso, Szeta plante\u00f3: \u201c<strong>\u00bfY si pas\u00f3 el abuso que denuncia la chica y tambi\u00e9n pas\u00f3 la extorsi\u00f3n?<\/strong>\u201c. Es que los delitos contra Brisa habr\u00edan sucedido en hoteles en tres encuentros diferentes durante 2013, cuando ella ten\u00eda 15 a\u00f1os.<\/p>\n\n\n\n<h2 class=\"wp-block-heading\"><strong>El duro relato de la denunciante de Aldo Funes<\/strong><\/h2>\n\n\n\n<p>Seg\u00fan <strong>Brisa P\u00f3volo<\/strong> (27), ante su deseo de ser actriz su madre consigui\u00f3 el contacto de Funes, quien las invit\u00f3 a que vean <strong>Pato a la Naranja<\/strong>, la obra que protagonizaban <strong>Nito Artaza <\/strong>y <strong>Miguel \u00c1ngel Cherutti<\/strong>: \u201cEn ese primer encuentro no pas\u00f3 nada\u201d.<\/p>\n\n\n\n<p>\u201cMi mam\u00e1 arregl\u00f3 con \u00e9l un segundo encuentro, al que fui sola a ver <strong>Mujeres de Ceniza<\/strong>. Vi la obra de teatro, todo bien. Hasta que me dijo que me suba a su auto que \u00edbamos a un lugar que no sab\u00eda d\u00f3nde era\u201d, continu\u00f3.<\/p>\n\n\n\n<p>En ese punto precis\u00f3: \u201c<strong>Me llev\u00f3 directamente a un hotel. Yo le dije que ten\u00eda 15 a\u00f1os. <\/strong>Me puse nerviosa, asustada, pero me agarr\u00f3 del brazo, se puso violento, me hizo entrar al lugar donde me abus\u00f3\u201d.<\/p>\n\n\n\n<p>Sin poder detallar la direcci\u00f3n exacta, Brisa relat\u00f3 el horror al que la somet\u00eda su propia madre, quien por ese entonces habr\u00eda recibido pagos de parte de Funes a cambio: <strong>\u201cMe obligaba, quer\u00eda que le haga sexo oral y otros detalles que no quiero aclarar. Pero me abus\u00f3\u201d.<\/strong><\/p>\n\n\n\n<p>\u201c<strong>Mi mam\u00e1 obligaba a verlo. Hubo dos encuentros m\u00e1s en los que tambi\u00e9n me abus\u00f3<\/strong>. Fue lo mismo, en otro hotel, que antes iba a ver la obra\u201d, cerr\u00f3 Brisa P\u00f3volo, que est\u00e1 embarazada.<\/p>\n","protected":false},"excerpt":{"rendered":"<p>El empresario Aldo Funes, hist\u00f3rico patrocinador de Nito Artaza y Miguel \u00c1ngel Cheutti, deber\u00e1 declarar por tres hechos que habr\u00edan sucedido en 2013. Una denuncia por abuso sexual contra una nena de 15 a\u00f1os llevar\u00e1 a Aldo Funes a declaraci\u00f3n indagatoria en juzgado de instrucci\u00f3n nacional n\u00famero 30, luego de que el propio productor teatral&hellip;<\/p>\n","protected":false},"author":1,"featured_media":143259,"comment_status":"open","ping_status":"open","sticky":false,"template":"","format":"standard","meta":{"footnotes":""},"categories":[6,20],"tags":[783,46887,46889,2450,9980,19269,2853,46888,46886],"class_list":["post-143258","post","type-post","status-publish","format-standard","has-post-thumbnail","hentry","category-denuncias","category-judiciales","tag-abuso-sexual","tag-aldo-funes","tag-brisa-povolo","tag-diario-el-sindical","tag-menor-de-edad","tag-miguel-angel-calvete","tag-nito-artaza","tag-productor-teatral","tag-sandra-carpena"],"_links":{"self":[{"href":"https:\/\/www.elsindical.com.ar\/notas\/wp-json\/wp\/v2\/posts\/143258","targetHints":{"allow":["GET"]}}],"collection":[{"href":"https:\/\/www.elsindical.com.ar\/notas\/wp-json\/wp\/v2\/posts"}],"about":[{"href":"https:\/\/www.elsindical.com.ar\/notas\/wp-json\/wp\/v2\/types\/post"}],"author":[{"embeddable":true,"href":"https:\/\/www.elsindical.com.ar\/notas\/wp-json\/wp\/v2\/users\/1"}],"replies":[{"embeddable":true,"href":"https:\/\/www.elsindical.com.ar\/notas\/wp-json\/wp\/v2\/comments?post=143258"}],"version-history":[{"count":1,"href":"https:\/\/www.elsindical.com.ar\/notas\/wp-json\/wp\/v2\/posts\/143258\/revisions"}],"predecessor-version":[{"id":143260,"href":"https:\/\/www.elsindical.com.ar\/notas\/wp-json\/wp\/v2\/posts\/143258\/revisions\/143260"}],"wp:featuredmedia":[{"embeddable":true,"href":"https:\/\/www.elsindical.com.ar\/notas\/wp-json\/wp\/v2\/media\/143259"}],"wp:attachment":[{"href":"https:\/\/www.elsindical.com.ar\/notas\/wp-json\/wp\/v2\/media?parent=143258"}],"wp:term":[{"taxonomy":"category","embeddable":true,"href":"https:\/\/www.elsindical.com.ar\/notas\/wp-json\/wp\/v2\/categories?post=143258"},{"taxonomy":"post_tag","embeddable":true,"href":"https:\/\/www.elsindical.com.ar\/notas\/wp-json\/wp\/v2\/tags?post=143258"}],"curies":[{"name":"wp","href":"https:\/\/api.w.org\/{rel}","templated":true}]}}