{"id":143250,"date":"2026-03-06T09:59:03","date_gmt":"2026-03-06T12:59:03","guid":{"rendered":"https:\/\/www.elsindical.com.ar\/notas\/?p=143250"},"modified":"2026-03-06T09:59:09","modified_gmt":"2026-03-06T12:59:09","slug":"estatales-bonaerenses-aceptaron-el-aumento-del-9-en-tres-tramos","status":"publish","type":"post","link":"https:\/\/www.elsindical.com.ar\/notas\/estatales-bonaerenses-aceptaron-el-aumento-del-9-en-tres-tramos\/","title":{"rendered":"Estatales bonaerenses aceptaron el aumento del 9% en tres tramos"},"content":{"rendered":"<div class=\"wp-block-image\">\n<figure class=\"aligncenter size-full\"><a href=\"https:\/\/www.elsindical.com.ar\/notas\/var\/www\/html\/notas\/wp-content\/uploads\/2026\/03\/paritaria-estatales-bonaerenses.jpeg\"><img loading=\"lazy\" decoding=\"async\" width=\"880\" height=\"493\" src=\"https:\/\/www.elsindical.com.ar\/notas\/var\/www\/html\/notas\/wp-content\/uploads\/2026\/03\/paritaria-estatales-bonaerenses.jpeg\" alt=\"\" class=\"wp-image-143251\" srcset=\"https:\/\/www.elsindical.com.ar\/notas\/var\/www\/html\/notas\/wp-content\/uploads\/2026\/03\/paritaria-estatales-bonaerenses.jpeg 880w, https:\/\/www.elsindical.com.ar\/notas\/var\/www\/html\/notas\/wp-content\/uploads\/2026\/03\/paritaria-estatales-bonaerenses-300x168.jpeg 300w, https:\/\/www.elsindical.com.ar\/notas\/var\/www\/html\/notas\/wp-content\/uploads\/2026\/03\/paritaria-estatales-bonaerenses-768x430.jpeg 768w\" sizes=\"auto, (max-width: 880px) 100vw, 880px\" \/><\/a><\/figure>\n<\/div>\n\n\n<p>Estatales aceptaron la propuesta. Al 1,5% de aumento otorgado en febrero, se suma el 5% en marzo y un 2,5% en abril.<\/p>\n\n\n\n<p><strong>La Asociaci\u00f3n Trabajadores del Estado (<a href=\"https:\/\/x.com\/ATEBuenosAires\">ATE<\/a>) de la provincia de Buenos Aires lleg\u00f3 a un acuerdo paritario con el gobierno bonaerense<\/strong> por el cual se incrementar\u00e1n los salarios el&nbsp;9%&nbsp;en tres tramos: el&nbsp;1,5%&nbsp;ya abonado en febrero,&nbsp;5%&nbsp;en el mes de marzo, y&nbsp;2,5%&nbsp;en abril.<\/p>\n\n\n\n<p>Tambi\u00e9n se acord\u00f3 una reubicaci\u00f3n excepcional de 1 categor\u00eda, el aumento llegar\u00e1 al sector de jubilados y establece un monitoreo en mayo y la reapertura de la discusi\u00f3n en junio.<\/p>\n\n\n\n<p>Por otra parte, <strong>se anunci\u00f3 que a partir del 1 de marzo las y&nbsp;los&nbsp;auxiliares de la educaci\u00f3n&nbsp;recibir\u00e1n el pago de una suma fija adicional de 20.000 pesos que&nbsp;para la categor\u00eda inicial representa&nbsp;el 3%.<\/strong><\/p>\n\n\n\n<p>Tambi\u00e9n se estableci\u00f3 la continuidad de la mesa t\u00e9cnica para construir una nueva normativa para las y los trabajadores del sector.<\/p>\n\n\n\n<p><strong>Para el sector&nbsp;salud,&nbsp;se acord\u00f3 el pase a planta transitoria de las&nbsp;becas de contingencia&nbsp;que hayan ingresado hasta el 21 de diciembre de 2022&nbsp;con fecha 1&nbsp;de julio.<\/strong> En el mismo sentido se anunci\u00f3 la continuidad de los pases de&nbsp;<strong>beca de capacitaci\u00f3n&nbsp;<\/strong>a<strong>&nbsp;becas de contingencia<\/strong>.<\/p>\n\n\n\n<p>En tanto, camino al Convenio Colectivo de Trabajo&nbsp;se anunci\u00f3 la continuidad de la mesa de carrera administrativa y la convocatoria a la mesa t\u00e9cnica de Mantenimiento y Producci\u00f3n.<\/p>\n\n\n\n<p>Tambi\u00e9n se estableci\u00f3 la titularizaci\u00f3n de los jefes de departamento designados a partir del 1 de enero de 2022 que cuenten con m\u00e1s de 3 a\u00f1os de antig\u00fcedad, y se anunci\u00f3 la mesa t\u00e9cnica de Loter\u00eda.<\/p>\n\n\n\n<p>\u201c<strong>Desde ATE solicitamos el pase a planta permanente de todos los trabajadores precarizados que hayan ingreso hasta el 31 de diciembre de 2025<\/strong>, el pase a planta de las becas en todas las jurisdicciones de la administraci\u00f3n p\u00fablica, la reducci\u00f3n de la jornada laboral sin p\u00e9rdida salarial y las mesas t\u00e9cnicas de Trabajo, OPISU, Ni\u00f1ez, Patronato de Liberados, Acceso a la Justicia, Mujeres y DD.HH.\u201d, inform\u00f3.<\/p>\n\n\n\n<p><\/p>\n","protected":false},"excerpt":{"rendered":"<p>Estatales aceptaron la propuesta. Al 1,5% de aumento otorgado en febrero, se suma el 5% en marzo y un 2,5% en abril. La Asociaci\u00f3n Trabajadores del Estado (ATE) de la provincia de Buenos Aires lleg\u00f3 a un acuerdo paritario con el gobierno bonaerense por el cual se incrementar\u00e1n los salarios el&nbsp;9%&nbsp;en tres tramos: el&nbsp;1,5%&nbsp;ya abonado&hellip;<\/p>\n","protected":false},"author":1,"featured_media":143251,"comment_status":"open","ping_status":"open","sticky":false,"template":"","format":"standard","meta":{"footnotes":""},"categories":[9,13],"tags":[290,2450,22023,39124,4460,13399],"class_list":["post-143250","post","type-post","status-publish","format-standard","has-post-thumbnail","hentry","category-economia","category-politica","tag-ate","tag-diario-el-sindical","tag-economia","tag-estatales-bonaerenses","tag-paritaria","tag-provincia-de-bueno-aires"],"_links":{"self":[{"href":"https:\/\/www.elsindical.com.ar\/notas\/wp-json\/wp\/v2\/posts\/143250","targetHints":{"allow":["GET"]}}],"collection":[{"href":"https:\/\/www.elsindical.com.ar\/notas\/wp-json\/wp\/v2\/posts"}],"about":[{"href":"https:\/\/www.elsindical.com.ar\/notas\/wp-json\/wp\/v2\/types\/post"}],"author":[{"embeddable":true,"href":"https:\/\/www.elsindical.com.ar\/notas\/wp-json\/wp\/v2\/users\/1"}],"replies":[{"embeddable":true,"href":"https:\/\/www.elsindical.com.ar\/notas\/wp-json\/wp\/v2\/comments?post=143250"}],"version-history":[{"count":1,"href":"https:\/\/www.elsindical.com.ar\/notas\/wp-json\/wp\/v2\/posts\/143250\/revisions"}],"predecessor-version":[{"id":143252,"href":"https:\/\/www.elsindical.com.ar\/notas\/wp-json\/wp\/v2\/posts\/143250\/revisions\/143252"}],"wp:featuredmedia":[{"embeddable":true,"href":"https:\/\/www.elsindical.com.ar\/notas\/wp-json\/wp\/v2\/media\/143251"}],"wp:attachment":[{"href":"https:\/\/www.elsindical.com.ar\/notas\/wp-json\/wp\/v2\/media?parent=143250"}],"wp:term":[{"taxonomy":"category","embeddable":true,"href":"https:\/\/www.elsindical.com.ar\/notas\/wp-json\/wp\/v2\/categories?post=143250"},{"taxonomy":"post_tag","embeddable":true,"href":"https:\/\/www.elsindical.com.ar\/notas\/wp-json\/wp\/v2\/tags?post=143250"}],"curies":[{"name":"wp","href":"https:\/\/api.w.org\/{rel}","templated":true}]}}