{"id":143244,"date":"2026-03-06T09:40:21","date_gmt":"2026-03-06T12:40:21","guid":{"rendered":"https:\/\/www.elsindical.com.ar\/notas\/?p=143244"},"modified":"2026-03-06T09:40:53","modified_gmt":"2026-03-06T12:40:53","slug":"el-gobierno-promulgo-la-reforma-laboral-que-rige-desde-hoy","status":"publish","type":"post","link":"https:\/\/www.elsindical.com.ar\/notas\/el-gobierno-promulgo-la-reforma-laboral-que-rige-desde-hoy\/","title":{"rendered":"El Gobierno promulg\u00f3 la reforma laboral que rige desde hoy"},"content":{"rendered":"<div class=\"wp-block-image\">\n<figure class=\"aligncenter size-full\"><a href=\"https:\/\/www.elsindical.com.ar\/notas\/var\/www\/html\/notas\/wp-content\/uploads\/2026\/03\/reforma-laboral-Javier-Milei.jpg\"><img loading=\"lazy\" decoding=\"async\" width=\"752\" height=\"401\" src=\"https:\/\/www.elsindical.com.ar\/notas\/var\/www\/html\/notas\/wp-content\/uploads\/2026\/03\/reforma-laboral-Javier-Milei.jpg\" alt=\"\" class=\"wp-image-143245\" srcset=\"https:\/\/www.elsindical.com.ar\/notas\/var\/www\/html\/notas\/wp-content\/uploads\/2026\/03\/reforma-laboral-Javier-Milei.jpg 752w, https:\/\/www.elsindical.com.ar\/notas\/var\/www\/html\/notas\/wp-content\/uploads\/2026\/03\/reforma-laboral-Javier-Milei-300x160.jpg 300w\" sizes=\"auto, (max-width: 752px) 100vw, 752px\" \/><\/a><\/figure>\n<\/div>\n\n\n<p>El presidente Javier Milei promulg\u00f3 la reforma laboral, que introduce cambios en jubilaciones y crea un Fondo de Asistencia.<\/p>\n\n\n\n<p><strong>El presidente\u00a0Javier Milei\u00a0promulg\u00f3 este viernes la\u00a0reforma laboral<\/strong> (Ley de Modernizaci\u00f3n Laboral N\u00b0 27.802), sancionada por el Congreso de la Naci\u00f3n el 27 de febrero pasado, <a href=\"https:\/\/www.boletinoficial.gob.ar\/detalleAviso\/primera\/339129\/20260306\">mediante el\u00a0Decreto 137\/2026<\/a>.<\/p>\n\n\n\n<p><a href=\"https:\/\/www.boletinoficial.gob.ar\/detalleAviso\/primera\/339128\/20260306\">La norma<\/a> introduce modificaciones profundas al r\u00e9gimen laboral argentino, con cambios que abarcan desde la&nbsp;Ley de Contrato de Trabajo N\u00b0 20.744&nbsp;hasta el sistema de convenios colectivos, servicios m\u00ednimos en conflictos y la creaci\u00f3n de nuevos fondos de contingencia.<\/p>\n\n\n\n<p>La promulgaci\u00f3n fue firmada tambi\u00e9n por el jefe de Gabinete,&nbsp;Manuel Adorni, y la ministra de Capital Humano,&nbsp;Sandra Pettovello.<\/p>\n\n\n\n<h2 class=\"wp-block-heading\">Principales cambios<\/h2>\n\n\n\n<p>La ley modifica el \u00e1mbito de aplicaci\u00f3n de la <strong>Ley de Contrato de Trabajo<\/strong>, excluyendo expresamente a los trabajadores independientes, a los prestadores de plataformas tecnol\u00f3gicas y a las personas privadas de libertad.<\/p>\n\n\n\n<p>Tambi\u00e9n redefine el concepto de trabajo como&nbsp;\u201ctoda actividad l\u00edcita que se preste en favor de quien tiene la facultad de dirigirla, mediante una remuneraci\u00f3n\u201d, y limita la presunci\u00f3n de relaci\u00f3n de dependencia cuando se emitan facturas o se acrediten pagos bancarios.<\/p>\n\n\n\n<p><strong>El nuevo&nbsp;art\u00edculo 245&nbsp;establece que la indemnizaci\u00f3n por despido sin causa equivale a un mes de sueldo por a\u00f1o de antig\u00fcedad<\/strong>, calculada sobre la mejor remuneraci\u00f3n mensual, normal y habitual del \u00faltimo a\u00f1o. Define como \u201chabitual\u201d a los conceptos devengados al menos seis meses en el \u00faltimo a\u00f1o calendario.<\/p>\n\n\n\n<p><strong>La norma incorpora adem\u00e1s que la indemnizaci\u00f3n por despido \u201cconstituye la \u00fanica reparaci\u00f3n procedente frente a la extinci\u00f3n sin justa causa\u201d, impidiendo acciones civiles o extracontractuales paralelas<\/strong>, salvo en casos de il\u00edcitos penales.<\/p>\n\n\n\n<p>Uno de los ejes centrales de la reforma es la <strong>creaci\u00f3n de los&nbsp;Fondos de Asistencia Laboral (FAL)<\/strong>, patrimonios separados que los empleadores deber\u00e1n constituir para hacer frente a obligaciones indemnizatorias.<\/p>\n\n\n\n<p>Las contribuciones mensuales obligatorias ser\u00e1n del 1% para grandes empresas y del 2,5% para&nbsp;micro, peque\u00f1as y medianas empresas (MiPyMEs), calculadas sobre las remuneraciones base del&nbsp;Sistema Integrado Previsional Argentino (SIPA).<\/p>\n\n\n\n<p><strong>Los fondos ser\u00e1n administrados por entidades habilitadas por la Comisi\u00f3n Nacional de Valores (CNV), y entrar\u00e1n en vigencia el&nbsp;1\u00b0 de junio de 2026<\/strong>, con posibilidad de pr\u00f3rroga de seis meses por parte del&nbsp;Poder Ejecutivo Nacional.<\/p>\n\n\n\n<p><\/p>\n","protected":false},"excerpt":{"rendered":"<p>El presidente Javier Milei promulg\u00f3 la reforma laboral, que introduce cambios en jubilaciones y crea un Fondo de Asistencia. El presidente\u00a0Javier Milei\u00a0promulg\u00f3 este viernes la\u00a0reforma laboral (Ley de Modernizaci\u00f3n Laboral N\u00b0 27.802), sancionada por el Congreso de la Naci\u00f3n el 27 de febrero pasado, mediante el\u00a0Decreto 137\/2026. La norma introduce modificaciones profundas al r\u00e9gimen laboral&hellip;<\/p>\n","protected":false},"author":1,"featured_media":143245,"comment_status":"open","ping_status":"open","sticky":false,"template":"","format":"standard","meta":{"footnotes":""},"categories":[13],"tags":[1295,2450,28812,27276],"class_list":["post-143244","post","type-post","status-publish","format-standard","has-post-thumbnail","hentry","category-politica","tag-boletin-oficial","tag-diario-el-sindical","tag-javier-milei","tag-reforma-laboral"],"_links":{"self":[{"href":"https:\/\/www.elsindical.com.ar\/notas\/wp-json\/wp\/v2\/posts\/143244","targetHints":{"allow":["GET"]}}],"collection":[{"href":"https:\/\/www.elsindical.com.ar\/notas\/wp-json\/wp\/v2\/posts"}],"about":[{"href":"https:\/\/www.elsindical.com.ar\/notas\/wp-json\/wp\/v2\/types\/post"}],"author":[{"embeddable":true,"href":"https:\/\/www.elsindical.com.ar\/notas\/wp-json\/wp\/v2\/users\/1"}],"replies":[{"embeddable":true,"href":"https:\/\/www.elsindical.com.ar\/notas\/wp-json\/wp\/v2\/comments?post=143244"}],"version-history":[{"count":1,"href":"https:\/\/www.elsindical.com.ar\/notas\/wp-json\/wp\/v2\/posts\/143244\/revisions"}],"predecessor-version":[{"id":143246,"href":"https:\/\/www.elsindical.com.ar\/notas\/wp-json\/wp\/v2\/posts\/143244\/revisions\/143246"}],"wp:featuredmedia":[{"embeddable":true,"href":"https:\/\/www.elsindical.com.ar\/notas\/wp-json\/wp\/v2\/media\/143245"}],"wp:attachment":[{"href":"https:\/\/www.elsindical.com.ar\/notas\/wp-json\/wp\/v2\/media?parent=143244"}],"wp:term":[{"taxonomy":"category","embeddable":true,"href":"https:\/\/www.elsindical.com.ar\/notas\/wp-json\/wp\/v2\/categories?post=143244"},{"taxonomy":"post_tag","embeddable":true,"href":"https:\/\/www.elsindical.com.ar\/notas\/wp-json\/wp\/v2\/tags?post=143244"}],"curies":[{"name":"wp","href":"https:\/\/api.w.org\/{rel}","templated":true}]}}