{"id":143241,"date":"2026-03-06T01:28:50","date_gmt":"2026-03-06T04:28:50","guid":{"rendered":"https:\/\/www.elsindical.com.ar\/notas\/?p=143241"},"modified":"2026-03-06T01:29:22","modified_gmt":"2026-03-06T04:29:22","slug":"juan-bautista-mahiques-anuncio-que-les-pidio-la-renuncia-a-los-los-titulares-de-la-uif-y-la-igj","status":"publish","type":"post","link":"https:\/\/www.elsindical.com.ar\/notas\/juan-bautista-mahiques-anuncio-que-les-pidio-la-renuncia-a-los-los-titulares-de-la-uif-y-la-igj\/","title":{"rendered":"Juan Bautista Mahiques anunci\u00f3 que les pidi\u00f3 la renuncia a los los titulares de la UIF y la IGJ"},"content":{"rendered":"<div class=\"wp-block-image\">\n<figure class=\"aligncenter size-full\"><a href=\"https:\/\/www.elsindical.com.ar\/notas\/var\/www\/html\/notas\/wp-content\/uploads\/2026\/03\/Asuncion-Mahiques.jpg\"><img loading=\"lazy\" decoding=\"async\" width=\"634\" height=\"362\" src=\"https:\/\/www.elsindical.com.ar\/notas\/var\/www\/html\/notas\/wp-content\/uploads\/2026\/03\/Asuncion-Mahiques.jpg\" alt=\"\" class=\"wp-image-143242\" srcset=\"https:\/\/www.elsindical.com.ar\/notas\/var\/www\/html\/notas\/wp-content\/uploads\/2026\/03\/Asuncion-Mahiques.jpg 634w, https:\/\/www.elsindical.com.ar\/notas\/var\/www\/html\/notas\/wp-content\/uploads\/2026\/03\/Asuncion-Mahiques-300x171.jpg 300w, https:\/\/www.elsindical.com.ar\/notas\/var\/www\/html\/notas\/wp-content\/uploads\/2026\/03\/Asuncion-Mahiques-220x126.jpg 220w\" sizes=\"auto, (max-width: 634px) 100vw, 634px\" \/><\/a><\/figure>\n<\/div>\n\n\n<p>El flamante ministro de Justicia lleva a cabo cambios en el organismo a fin de definir su equipo de trabajo.<\/p>\n\n\n\n<p><strong>Juan Bautista Mahiques<\/strong>, flamante ministro de Justicia, anunci\u00f3 que les pidi\u00f3 la renuncia a los titulares de la <strong>Inspecci\u00f3n General de Justicia (IGJ)<\/strong> y de la <strong>Unidad de Informaci\u00f3n Financiera (UIF)<\/strong>.<\/p>\n\n\n\n<p>\u201cLlegu\u00e9 y ped\u00ed la renuncia de los funcionarios pol\u00edticos, porque llego con un equipo\u201c, se\u00f1al\u00f3 Mahiques, quien anticip\u00f3 modificaciones en otras dependencias vinculadas al sistema de control y transparencia del Estado.<\/p>\n\n\n\n<p>\u201cSe les pidi\u00f3 la renuncia formal, son funcionarios que pone la pol\u00edtica o el ministro y, cuando el ministro se va, se tienen que ir\u201d, sum\u00f3 en una entrevista con <em>A24<\/em>.<\/p>\n\n\n\n<p>En ese contexto, la medida del nuevo ministro alcanza a organismos estrat\u00e9gicos que dependen del Ministerio de Justicia, como la <strong>IGJ<\/strong>, que supervisa sociedades y asociaciones civiles; la <strong>UIF<\/strong>, que investiga operaciones vinculadas al lavado de dinero; las oficinas <strong>Anticorrupci\u00f3n <\/strong>y de <strong>Bienes Recuperados<\/strong>; y el Centro Internacional para la Promoci\u00f3n de los Derechos Humanos (CIPDH).<\/p>\n\n\n\n<p>Sobre la IGJ, Mahiques adelant\u00f3 que ya se analizan \u201cdos o tres nombres\u201d para cubrir el cargo que actualmente ocupa <strong>Daniel V\u00edtolo<\/strong>.<\/p>\n\n\n\n<h2 class=\"wp-block-heading\">Los desaf\u00edos que debe afrontar Juan Bautista Mahiques<\/h2>\n\n\n\n<p><strong>Juan Bautista Mahiques<\/strong> se convirti\u00f3 en el nuevo <strong>ministro de Justicia<\/strong> en lugar de <strong>Mariano C\u00faneo Libarona<\/strong> y no es una mera formalidad burocr\u00e1tica, sino un movimiento estrat\u00e9gico que buscar\u00e1 imprimir una impronta t\u00e9cnica y pol\u00edtica m\u00e1s af\u00edn a la mesa chica del <strong>Gobierno<\/strong>.<\/p>\n\n\n\n<p>Si bien el reemplazo se oficializ\u00f3 este mi\u00e9rcoles 4 de marzo, los v\u00ednculos entre el nuevo ministro y el c\u00edrculo de hierro de <strong>Javier Milei<\/strong> comenzaron a fortalecerse meses atr\u00e1s.<\/p>\n\n\n\n<p>El desembarco no es individual: <strong>Mahiques <\/strong>llega acompa\u00f1ado por <strong>Santiago Viola<\/strong>, apoderado nacional de <strong>La Libertad Avanza<\/strong>, quien asumir\u00e1 como secretario de Justicia. Este t\u00e1ndem, que mantiene una relaci\u00f3n de amistad de casi dos d\u00e9cadas, ser\u00e1 el encargado de reestructurar la din\u00e1mica del Ministerio y tomar las riendas de la representaci\u00f3n del Ejecutivo en el <strong>Consejo de la Magistratura<\/strong> desplazando a <strong>Sebasti\u00e1n Amerio<\/strong>.<\/p>\n\n\n\n<p>La orden impartida por los Milei al nuevo ministro es clara: <strong>celeridad y pragmatismo<\/strong>. <strong>Mahiques <\/strong>tiene una agenda cargada de urgencias, con tres pilares fundamentales:<\/p>\n\n\n\n<ol class=\"wp-block-list\">\n<li><strong>Cobertura de vacantes:<\/strong>\u00a0es la prioridad n\u00famero uno. Con m\u00e1s de 150 pliegos paralizados, la instrucci\u00f3n es iniciar el proceso de nombramientos comenzando por aquellos fueros cuya negociaci\u00f3n sea m\u00e1s sencilla, como el fuero de Familia, para avanzar luego hacia los juzgados con una complejidad pol\u00edtica mayor.<\/li>\n\n\n\n<li><strong>Sistema Acusatorio:<\/strong>\u00a0Mahiques buscar\u00e1 profundizar la implementaci\u00f3n del sistema procesal acusatorio en todo el territorio nacional. El gran desaf\u00edo ser\u00e1 vencer las resistencias en Comodoro Py, donde las inercias corporativas han frenado avances que ya son una realidad en 17 provincias.<\/li>\n\n\n\n<li><strong>Modernizaci\u00f3n y gesti\u00f3n:<\/strong>\u00a0m\u00e1s all\u00e1 de las leyes, el flamante funcionario tiene el mandato de jerarquizar la infraestructura judicial y mejorar la imagen p\u00fablica del sistema, acercando la Justicia a la ciudadan\u00eda mediante una gesti\u00f3n m\u00e1s eficiente.<\/li>\n<\/ol>\n\n\n\n<p>Con su jura prevista para el mediod\u00eda de este jueves 5 de marzo en el Sal\u00f3n Blanco de la Casa Rosada, Mahiques se enfrentar\u00e1 por primera vez al presidente en un acto p\u00fablico dando inicio formal a una etapa donde el Gobierno busca pasar de la ret\u00f3rica a la consolidaci\u00f3n de una estructura judicial que le responda con eficacia y profesionalismo.<\/p>\n","protected":false},"excerpt":{"rendered":"<p>El flamante ministro de Justicia lleva a cabo cambios en el organismo a fin de definir su equipo de trabajo. Juan Bautista Mahiques, flamante ministro de Justicia, anunci\u00f3 que les pidi\u00f3 la renuncia a los titulares de la Inspecci\u00f3n General de Justicia (IGJ) y de la Unidad de Informaci\u00f3n Financiera (UIF). \u201cLlegu\u00e9 y ped\u00ed la&hellip;<\/p>\n","protected":false},"author":1,"featured_media":143242,"comment_status":"open","ping_status":"open","sticky":false,"template":"","format":"standard","meta":{"footnotes":""},"categories":[13],"tags":[14179,2450,761,4860,34017,7418,4131],"class_list":["post-143241","post","type-post","status-publish","format-standard","has-post-thumbnail","hentry","category-politica","tag-cipdh","tag-diario-el-sindical","tag-gobierno-nacional","tag-igj","tag-juan-bautista-mahiques","tag-oa","tag-uif"],"_links":{"self":[{"href":"https:\/\/www.elsindical.com.ar\/notas\/wp-json\/wp\/v2\/posts\/143241","targetHints":{"allow":["GET"]}}],"collection":[{"href":"https:\/\/www.elsindical.com.ar\/notas\/wp-json\/wp\/v2\/posts"}],"about":[{"href":"https:\/\/www.elsindical.com.ar\/notas\/wp-json\/wp\/v2\/types\/post"}],"author":[{"embeddable":true,"href":"https:\/\/www.elsindical.com.ar\/notas\/wp-json\/wp\/v2\/users\/1"}],"replies":[{"embeddable":true,"href":"https:\/\/www.elsindical.com.ar\/notas\/wp-json\/wp\/v2\/comments?post=143241"}],"version-history":[{"count":1,"href":"https:\/\/www.elsindical.com.ar\/notas\/wp-json\/wp\/v2\/posts\/143241\/revisions"}],"predecessor-version":[{"id":143243,"href":"https:\/\/www.elsindical.com.ar\/notas\/wp-json\/wp\/v2\/posts\/143241\/revisions\/143243"}],"wp:featuredmedia":[{"embeddable":true,"href":"https:\/\/www.elsindical.com.ar\/notas\/wp-json\/wp\/v2\/media\/143242"}],"wp:attachment":[{"href":"https:\/\/www.elsindical.com.ar\/notas\/wp-json\/wp\/v2\/media?parent=143241"}],"wp:term":[{"taxonomy":"category","embeddable":true,"href":"https:\/\/www.elsindical.com.ar\/notas\/wp-json\/wp\/v2\/categories?post=143241"},{"taxonomy":"post_tag","embeddable":true,"href":"https:\/\/www.elsindical.com.ar\/notas\/wp-json\/wp\/v2\/tags?post=143241"}],"curies":[{"name":"wp","href":"https:\/\/api.w.org\/{rel}","templated":true}]}}