{"id":143235,"date":"2026-03-06T01:17:00","date_gmt":"2026-03-06T04:17:00","guid":{"rendered":"https:\/\/www.elsindical.com.ar\/notas\/?p=143235"},"modified":"2026-03-05T23:22:03","modified_gmt":"2026-03-06T02:22:03","slug":"lomas-de-zamora-en-un-juicio-abreviado-condenaron-por-tentativa-de-homicidio-a-un-hombre-y-su-novia-policia","status":"publish","type":"post","link":"https:\/\/www.elsindical.com.ar\/notas\/lomas-de-zamora-en-un-juicio-abreviado-condenaron-por-tentativa-de-homicidio-a-un-hombre-y-su-novia-policia\/","title":{"rendered":"Lomas de Zamora: En un juicio abreviado condenaron por tentativa de homicidio a un hombre y su novia polic\u00eda"},"content":{"rendered":"\n<figure class=\"wp-block-image size-full\"><a href=\"https:\/\/www.elsindical.com.ar\/notas\/var\/www\/html\/notas\/wp-content\/uploads\/2023\/11\/Rocio-Belizan-3.jpg\"><img loading=\"lazy\" decoding=\"async\" width=\"799\" height=\"599\" src=\"https:\/\/www.elsindical.com.ar\/notas\/var\/www\/html\/notas\/wp-content\/uploads\/2023\/11\/Rocio-Belizan-3.jpg\" alt=\"\" class=\"wp-image-126784\" srcset=\"https:\/\/www.elsindical.com.ar\/notas\/var\/www\/html\/notas\/wp-content\/uploads\/2023\/11\/Rocio-Belizan-3.jpg 799w, https:\/\/www.elsindical.com.ar\/notas\/var\/www\/html\/notas\/wp-content\/uploads\/2023\/11\/Rocio-Belizan-3-300x225.jpg 300w, https:\/\/www.elsindical.com.ar\/notas\/var\/www\/html\/notas\/wp-content\/uploads\/2023\/11\/Rocio-Belizan-3-768x576.jpg 768w, https:\/\/www.elsindical.com.ar\/notas\/var\/www\/html\/notas\/wp-content\/uploads\/2023\/11\/Rocio-Belizan-3-400x300.jpg 400w\" sizes=\"auto, (max-width: 799px) 100vw, 799px\" \/><\/a><\/figure>\n\n\n\n<p>El Tribunal Oral en lo Criminal N\u00b01 de Lomas de Zamora conden\u00f3, mediante un juicio abreviado, a una mujer polic\u00eda y a su pareja por intentar asesinar a un vecino en un violento episodio ocurrido en noviembre de 2023 en una vivienda del barrio San Jos\u00e9, en el partido bonaerense de Almirante Brown.<\/p>\n\n\n\n<p>Seg\u00fan se resolvi\u00f3 en el fallo, los jueces del TOC 1 condenaron a Jacobo Daniel Mammana a la pena de cinco a\u00f1os y diez meses de prisi\u00f3n por el delito de homicidio simple cometido con arma de fuego en grado de tentativa, en concurso real con portaci\u00f3n ileg\u00edtima de arma de uso civil condicional.<\/p>\n\n\n\n<p>En tanto, su pareja, la mujer polic\u00eda Roc\u00edo Beliz\u00e1n, recibi\u00f3 una condena de tres a\u00f1os de prisi\u00f3n de ejecuci\u00f3n condicional al ser considerada part\u00edcipe secundaria del ataque. La agente fue hallada culpable del delito de homicidio simple cometido con arma de fuego en grado de tentativa en calidad de part\u00edcipe secundario, en concurso real con tenencia ileg\u00edtima de arma de fuego de uso civil.<\/p>\n\n\n\n<p>El hecho que motiv\u00f3 la investigaci\u00f3n ocurri\u00f3 en el barrio San Jos\u00e9, donde la v\u00edctima fue atacada con un arma de fuego en el marco de un conflicto vecinal. Tras el avance de la causa judicial, el expediente lleg\u00f3 a juicio abreviado y finalmente se dictaron las condenas correspondientes.<\/p>\n\n\n\n<p>La resoluci\u00f3n judicial volvi\u00f3 a poner el foco en la participaci\u00f3n de integrantes de fuerzas de seguridad en hechos de violencia, una situaci\u00f3n que genera fuerte preocupaci\u00f3n en \u00e1mbitos judiciales y sociales.<\/p>\n","protected":false},"excerpt":{"rendered":"<p>El Tribunal Oral en lo Criminal N\u00b01 de Lomas de Zamora conden\u00f3, mediante un juicio abreviado, a una mujer polic\u00eda y a su pareja por intentar asesinar a un vecino en un violento episodio ocurrido en noviembre de 2023 en una vivienda del barrio San Jos\u00e9, en el partido bonaerense de Almirante Brown. Seg\u00fan se&hellip;<\/p>\n","protected":false},"author":1,"featured_media":126784,"comment_status":"open","ping_status":"open","sticky":false,"template":"","format":"standard","meta":{"footnotes":""},"categories":[20],"tags":[2450,46881,1455,46880,29202,28611],"class_list":["post-143235","post","type-post","status-publish","format-standard","has-post-thumbnail","hentry","category-judiciales","tag-diario-el-sindical","tag-jacobo-daniel-mammana","tag-noticias","tag-rocio-belizan","tag-tentativa-de-homicidio-calificado","tag-toc-1-lomas-de-zamora"],"_links":{"self":[{"href":"https:\/\/www.elsindical.com.ar\/notas\/wp-json\/wp\/v2\/posts\/143235","targetHints":{"allow":["GET"]}}],"collection":[{"href":"https:\/\/www.elsindical.com.ar\/notas\/wp-json\/wp\/v2\/posts"}],"about":[{"href":"https:\/\/www.elsindical.com.ar\/notas\/wp-json\/wp\/v2\/types\/post"}],"author":[{"embeddable":true,"href":"https:\/\/www.elsindical.com.ar\/notas\/wp-json\/wp\/v2\/users\/1"}],"replies":[{"embeddable":true,"href":"https:\/\/www.elsindical.com.ar\/notas\/wp-json\/wp\/v2\/comments?post=143235"}],"version-history":[{"count":1,"href":"https:\/\/www.elsindical.com.ar\/notas\/wp-json\/wp\/v2\/posts\/143235\/revisions"}],"predecessor-version":[{"id":143236,"href":"https:\/\/www.elsindical.com.ar\/notas\/wp-json\/wp\/v2\/posts\/143235\/revisions\/143236"}],"wp:featuredmedia":[{"embeddable":true,"href":"https:\/\/www.elsindical.com.ar\/notas\/wp-json\/wp\/v2\/media\/126784"}],"wp:attachment":[{"href":"https:\/\/www.elsindical.com.ar\/notas\/wp-json\/wp\/v2\/media?parent=143235"}],"wp:term":[{"taxonomy":"category","embeddable":true,"href":"https:\/\/www.elsindical.com.ar\/notas\/wp-json\/wp\/v2\/categories?post=143235"},{"taxonomy":"post_tag","embeddable":true,"href":"https:\/\/www.elsindical.com.ar\/notas\/wp-json\/wp\/v2\/tags?post=143235"}],"curies":[{"name":"wp","href":"https:\/\/api.w.org\/{rel}","templated":true}]}}