{"id":143232,"date":"2026-03-05T16:52:45","date_gmt":"2026-03-05T19:52:45","guid":{"rendered":"https:\/\/www.elsindical.com.ar\/notas\/?p=143232"},"modified":"2026-03-05T16:52:49","modified_gmt":"2026-03-05T19:52:49","slug":"el-gobierno-nacional-convoco-a-los-gremios-para-reabrir-la-negociacion-salarial","status":"publish","type":"post","link":"https:\/\/www.elsindical.com.ar\/notas\/el-gobierno-nacional-convoco-a-los-gremios-para-reabrir-la-negociacion-salarial\/","title":{"rendered":"El Gobierno Nacional convoc\u00f3 a los gremios para reabrir la negociaci\u00f3n salarial"},"content":{"rendered":"<div class=\"wp-block-image\">\n<figure class=\"aligncenter size-full is-resized\"><a href=\"https:\/\/www.elsindical.com.ar\/notas\/var\/www\/html\/notas\/wp-content\/uploads\/2026\/03\/apertura-paeitarias.jpg\"><img loading=\"lazy\" decoding=\"async\" width=\"520\" height=\"245\" src=\"https:\/\/www.elsindical.com.ar\/notas\/var\/www\/html\/notas\/wp-content\/uploads\/2026\/03\/apertura-paeitarias.jpg\" alt=\"\" class=\"wp-image-143233\" style=\"width:740px;height:auto\" srcset=\"https:\/\/www.elsindical.com.ar\/notas\/var\/www\/html\/notas\/wp-content\/uploads\/2026\/03\/apertura-paeitarias.jpg 520w, https:\/\/www.elsindical.com.ar\/notas\/var\/www\/html\/notas\/wp-content\/uploads\/2026\/03\/apertura-paeitarias-300x141.jpg 300w\" sizes=\"auto, (max-width: 520px) 100vw, 520px\" \/><\/a><\/figure>\n<\/div>\n\n\n<p>La Secretar\u00eda de Trabajo cit\u00f3 para este viernes a UPCN y ATE para discutir la recomposici\u00f3n salarial de los trabajadores de la Administraci\u00f3n P\u00fablica Nacional.<\/p>\n\n\n\n<p>El <strong>Gobierno nacional convoc\u00f3 a la reapertura de paritarias estatales<\/strong> de la Administraci\u00f3n P\u00fablica Nacional para este viernes 6 de marzo a las 14, en una reuni\u00f3n que se realizar\u00e1 en la sede de la <strong>Secretar\u00eda de Trabajo ubicada en 25 de Mayo 633, en la Ciudad de Buenos Aires.<\/strong><\/p>\n\n\n\n<p>La convocatoria fue dirigida a los dos principales gremios que representan a los trabajadores del sector p\u00fablico: <strong>la Uni\u00f3n Personal Civil de la Naci\u00f3n (UPCN), <\/strong>conducida por Andr\u00e9s Rodr\u00edguez<strong>, y la Asociaci\u00f3n Trabajadores del Estado (ATE),<\/strong> liderada por Rodolfo Aguiar.<\/p>\n\n\n\n<p>El llamado del Ejecutivo se produce luego del cuarto intermedio dispuesto por la Secretar\u00eda de Trabajo en diciembre de 2025, cuando las posiciones entre los sindicatos y el Estado, en su rol de empleador, se encontraban muy alejadas en torno a la actualizaci\u00f3n salarial.<\/p>\n\n\n\n<p>En ese marco, <strong>ATE reclama una recomposici\u00f3n salarial del 45% para recuperar el poder adquisitivo perdido durante la gesti\u00f3n del presidente Javier Milei. <\/strong>Adem\u00e1s, el sindicato exige el pago de una suma fija extraordinaria de 4.000.000 de pesos por \u00fanica vez para compensar la ca\u00edda del ingreso real de los trabajadores estatales.<\/p>\n\n\n\n<p>\u201c<strong>El poder adquisitivo de los estatales se destruy\u00f3 en los \u00faltimos dos a\u00f1os\u201d, afirm\u00f3 Aguiar, quien responsabiliz\u00f3 al Gobierno por \u201chaber expulsado a la pobreza a decenas de miles de trabajadores del Estado\u201d.<\/strong> La reuni\u00f3n de este viernes buscar\u00e1 destrabar el conflicto y definir una nueva pauta salarial para el sector p\u00fablico nacional.<\/p>\n","protected":false},"excerpt":{"rendered":"<p>La Secretar\u00eda de Trabajo cit\u00f3 para este viernes a UPCN y ATE para discutir la recomposici\u00f3n salarial de los trabajadores de la Administraci\u00f3n P\u00fablica Nacional. El Gobierno nacional convoc\u00f3 a la reapertura de paritarias estatales de la Administraci\u00f3n P\u00fablica Nacional para este viernes 6 de marzo a las 14, en una reuni\u00f3n que se realizar\u00e1&hellip;<\/p>\n","protected":false},"author":1,"featured_media":143233,"comment_status":"open","ping_status":"open","sticky":false,"template":"","format":"standard","meta":{"footnotes":""},"categories":[16,13],"tags":[290,2450,22023,22028,666,2107,22025,3581],"class_list":["post-143232","post","type-post","status-publish","format-standard","has-post-thumbnail","hentry","category-gremiales","category-politica","tag-ate","tag-diario-el-sindical","tag-economia","tag-gremiales","tag-gremios","tag-paritarias","tag-politica","tag-upcn"],"_links":{"self":[{"href":"https:\/\/www.elsindical.com.ar\/notas\/wp-json\/wp\/v2\/posts\/143232","targetHints":{"allow":["GET"]}}],"collection":[{"href":"https:\/\/www.elsindical.com.ar\/notas\/wp-json\/wp\/v2\/posts"}],"about":[{"href":"https:\/\/www.elsindical.com.ar\/notas\/wp-json\/wp\/v2\/types\/post"}],"author":[{"embeddable":true,"href":"https:\/\/www.elsindical.com.ar\/notas\/wp-json\/wp\/v2\/users\/1"}],"replies":[{"embeddable":true,"href":"https:\/\/www.elsindical.com.ar\/notas\/wp-json\/wp\/v2\/comments?post=143232"}],"version-history":[{"count":1,"href":"https:\/\/www.elsindical.com.ar\/notas\/wp-json\/wp\/v2\/posts\/143232\/revisions"}],"predecessor-version":[{"id":143234,"href":"https:\/\/www.elsindical.com.ar\/notas\/wp-json\/wp\/v2\/posts\/143232\/revisions\/143234"}],"wp:featuredmedia":[{"embeddable":true,"href":"https:\/\/www.elsindical.com.ar\/notas\/wp-json\/wp\/v2\/media\/143233"}],"wp:attachment":[{"href":"https:\/\/www.elsindical.com.ar\/notas\/wp-json\/wp\/v2\/media?parent=143232"}],"wp:term":[{"taxonomy":"category","embeddable":true,"href":"https:\/\/www.elsindical.com.ar\/notas\/wp-json\/wp\/v2\/categories?post=143232"},{"taxonomy":"post_tag","embeddable":true,"href":"https:\/\/www.elsindical.com.ar\/notas\/wp-json\/wp\/v2\/tags?post=143232"}],"curies":[{"name":"wp","href":"https:\/\/api.w.org\/{rel}","templated":true}]}}