{"id":143226,"date":"2026-03-05T16:15:25","date_gmt":"2026-03-05T19:15:25","guid":{"rendered":"https:\/\/www.elsindical.com.ar\/notas\/?p=143226"},"modified":"2026-03-05T16:15:30","modified_gmt":"2026-03-05T19:15:30","slug":"avellaneda-la-basura-motivo-de-conflicto-en-algunos-barrios","status":"publish","type":"post","link":"https:\/\/www.elsindical.com.ar\/notas\/avellaneda-la-basura-motivo-de-conflicto-en-algunos-barrios\/","title":{"rendered":"Avellaneda: La basura motivo de conflicto en algunos barrios"},"content":{"rendered":"<div class=\"wp-block-image\">\n<figure class=\"aligncenter size-full\"><a href=\"https:\/\/www.elsindical.com.ar\/notas\/var\/www\/html\/notas\/wp-content\/uploads\/2026\/03\/basura-Avellaneda-centro.jpg\"><img loading=\"lazy\" decoding=\"async\" width=\"655\" height=\"740\" src=\"https:\/\/www.elsindical.com.ar\/notas\/var\/www\/html\/notas\/wp-content\/uploads\/2026\/03\/basura-Avellaneda-centro.jpg\" alt=\"\" class=\"wp-image-143227\" srcset=\"https:\/\/www.elsindical.com.ar\/notas\/var\/www\/html\/notas\/wp-content\/uploads\/2026\/03\/basura-Avellaneda-centro.jpg 655w, https:\/\/www.elsindical.com.ar\/notas\/var\/www\/html\/notas\/wp-content\/uploads\/2026\/03\/basura-Avellaneda-centro-266x300.jpg 266w\" sizes=\"auto, (max-width: 655px) 100vw, 655px\" \/><\/a><\/figure>\n<\/div>\n\n\n<p>   La recolecci\u00f3n de los residuos, comenz\u00f3 a ser un nuevo motivo de controversia en Avellaneda, la gran cantidad de acumulaci\u00f3n en los contenedores, genera que en algunos barrios y calles del Centro de Avellaneda, pasar por all\u00ed sea un desaf\u00edo asqueroso por los olores.<\/p>\n\n\n\n<p>Se hace evidente que hay calles donde un contenedor no es suficiente y que tambi\u00e9n hay vecinos que sacan la basura fuera de los horarios, con lo cual la basura permanece m\u00e1s tiempo del que deber\u00eda en el contenedor mientras se descompone.<\/p>\n\n\n\n<p>Tambi\u00e9n en algunos barrios la falta de educaci\u00f3n ha generado publicaciones donde se reclama al municipio y de paso se insulta al intendente por la acumulaci\u00f3n de objetos que no entran en los contenedores y que se apilan, reclamando el paso del cami\u00f3n para retirarlos.<\/p>\n\n\n\n<p>Pero resulta que los mismos que se quejan y sacan mobiliario a la v\u00eda p\u00fablica, ponen de ejemplo a gestiones como la de Jorge Macri en CABA, demostrando oportunismo pol\u00edtico e hipocres\u00eda porque en CABA si hicieran lo mismo ser\u00edan severamente multados y en algunos casos con intervenci\u00f3n policial que implica demorar al infractor.<\/p>\n\n\n\n<p>Entonces si bien existe un problema que deber\u00e1 ser resuelto con medidas concretas del municipio, como ser recordar los horarios para sacar la basura, verificar donde exista un problema e identificar a los infractores y multarlos, no menos cierto es que hay falta de educaci\u00f3n por parte de quienes en lugar de contratar un volquete para sacar sus desechos, prefieren dejarlos en la v\u00eda p\u00fablica, con todo lo que ello implica que no es solo suciedad, sino tambi\u00e9n afectar la seguridad del resto.<\/p>\n\n\n\n<figure class=\"wp-block-gallery has-nested-images columns-default is-cropped wp-block-gallery-1 is-layout-flex wp-block-gallery-is-layout-flex\">\n<figure class=\"wp-block-image size-large\"><a href=\"https:\/\/www.elsindical.com.ar\/notas\/var\/www\/html\/notas\/wp-content\/uploads\/2026\/03\/basura-sin-recolectar-Avellaneda.jpg\"><img loading=\"lazy\" decoding=\"async\" width=\"576\" height=\"1024\" data-id=\"143228\" src=\"https:\/\/www.elsindical.com.ar\/notas\/var\/www\/html\/notas\/wp-content\/uploads\/2026\/03\/basura-sin-recolectar-Avellaneda-576x1024.jpg\" alt=\"\" class=\"wp-image-143228\" srcset=\"https:\/\/www.elsindical.com.ar\/notas\/var\/www\/html\/notas\/wp-content\/uploads\/2026\/03\/basura-sin-recolectar-Avellaneda-576x1024.jpg 576w, https:\/\/www.elsindical.com.ar\/notas\/var\/www\/html\/notas\/wp-content\/uploads\/2026\/03\/basura-sin-recolectar-Avellaneda-169x300.jpg 169w, https:\/\/www.elsindical.com.ar\/notas\/var\/www\/html\/notas\/wp-content\/uploads\/2026\/03\/basura-sin-recolectar-Avellaneda-768x1365.jpg 768w, https:\/\/www.elsindical.com.ar\/notas\/var\/www\/html\/notas\/wp-content\/uploads\/2026\/03\/basura-sin-recolectar-Avellaneda-864x1536.jpg 864w, https:\/\/www.elsindical.com.ar\/notas\/var\/www\/html\/notas\/wp-content\/uploads\/2026\/03\/basura-sin-recolectar-Avellaneda.jpg 918w\" sizes=\"auto, (max-width: 576px) 100vw, 576px\" \/><\/a><\/figure>\n\n\n\n<figure class=\"wp-block-image size-large\"><a href=\"https:\/\/www.elsindical.com.ar\/notas\/var\/www\/html\/notas\/wp-content\/uploads\/2026\/03\/basura-sin-recoger-Avellaneda.jpg\"><img loading=\"lazy\" decoding=\"async\" width=\"627\" height=\"719\" data-id=\"143230\" src=\"https:\/\/www.elsindical.com.ar\/notas\/var\/www\/html\/notas\/wp-content\/uploads\/2026\/03\/basura-sin-recoger-Avellaneda.jpg\" alt=\"\" class=\"wp-image-143230\" srcset=\"https:\/\/www.elsindical.com.ar\/notas\/var\/www\/html\/notas\/wp-content\/uploads\/2026\/03\/basura-sin-recoger-Avellaneda.jpg 627w, https:\/\/www.elsindical.com.ar\/notas\/var\/www\/html\/notas\/wp-content\/uploads\/2026\/03\/basura-sin-recoger-Avellaneda-262x300.jpg 262w\" sizes=\"auto, (max-width: 627px) 100vw, 627px\" \/><\/a><\/figure>\n\n\n\n<figure class=\"wp-block-image size-large\"><a href=\"https:\/\/www.elsindical.com.ar\/notas\/var\/www\/html\/notas\/wp-content\/uploads\/2026\/03\/basura-sin-recoger-Avellaneda-2.jpg\"><img loading=\"lazy\" decoding=\"async\" width=\"700\" height=\"667\" data-id=\"143229\" src=\"https:\/\/www.elsindical.com.ar\/notas\/var\/www\/html\/notas\/wp-content\/uploads\/2026\/03\/basura-sin-recoger-Avellaneda-2.jpg\" alt=\"\" class=\"wp-image-143229\" srcset=\"https:\/\/www.elsindical.com.ar\/notas\/var\/www\/html\/notas\/wp-content\/uploads\/2026\/03\/basura-sin-recoger-Avellaneda-2.jpg 700w, https:\/\/www.elsindical.com.ar\/notas\/var\/www\/html\/notas\/wp-content\/uploads\/2026\/03\/basura-sin-recoger-Avellaneda-2-300x286.jpg 300w\" sizes=\"auto, (max-width: 700px) 100vw, 700px\" \/><\/a><\/figure>\n<\/figure>\n","protected":false},"excerpt":{"rendered":"<p>La recolecci\u00f3n de los residuos, comenz\u00f3 a ser un nuevo motivo de controversia en Avellaneda, la gran cantidad de acumulaci\u00f3n en los contenedores, genera que en algunos barrios y calles del Centro de Avellaneda, pasar por all\u00ed sea un desaf\u00edo asqueroso por los olores. Se hace evidente que hay calles donde un contenedor no es&hellip;<\/p>\n","protected":false},"author":1,"featured_media":143227,"comment_status":"open","ping_status":"open","sticky":false,"template":"","format":"standard","meta":{"footnotes":""},"categories":[6,25],"tags":[461,1536,36146,2450,1718,13519,2166,986],"class_list":["post-143226","post","type-post","status-publish","format-standard","has-post-thumbnail","hentry","category-denuncias","category-sociedad","tag-avellaneda","tag-basura","tag-contenedores","tag-diario-el-sindical","tag-municipio","tag-olores","tag-residuos","tag-vecinos"],"_links":{"self":[{"href":"https:\/\/www.elsindical.com.ar\/notas\/wp-json\/wp\/v2\/posts\/143226","targetHints":{"allow":["GET"]}}],"collection":[{"href":"https:\/\/www.elsindical.com.ar\/notas\/wp-json\/wp\/v2\/posts"}],"about":[{"href":"https:\/\/www.elsindical.com.ar\/notas\/wp-json\/wp\/v2\/types\/post"}],"author":[{"embeddable":true,"href":"https:\/\/www.elsindical.com.ar\/notas\/wp-json\/wp\/v2\/users\/1"}],"replies":[{"embeddable":true,"href":"https:\/\/www.elsindical.com.ar\/notas\/wp-json\/wp\/v2\/comments?post=143226"}],"version-history":[{"count":1,"href":"https:\/\/www.elsindical.com.ar\/notas\/wp-json\/wp\/v2\/posts\/143226\/revisions"}],"predecessor-version":[{"id":143231,"href":"https:\/\/www.elsindical.com.ar\/notas\/wp-json\/wp\/v2\/posts\/143226\/revisions\/143231"}],"wp:featuredmedia":[{"embeddable":true,"href":"https:\/\/www.elsindical.com.ar\/notas\/wp-json\/wp\/v2\/media\/143227"}],"wp:attachment":[{"href":"https:\/\/www.elsindical.com.ar\/notas\/wp-json\/wp\/v2\/media?parent=143226"}],"wp:term":[{"taxonomy":"category","embeddable":true,"href":"https:\/\/www.elsindical.com.ar\/notas\/wp-json\/wp\/v2\/categories?post=143226"},{"taxonomy":"post_tag","embeddable":true,"href":"https:\/\/www.elsindical.com.ar\/notas\/wp-json\/wp\/v2\/tags?post=143226"}],"curies":[{"name":"wp","href":"https:\/\/api.w.org\/{rel}","templated":true}]}}