{"id":143216,"date":"2026-03-05T13:15:38","date_gmt":"2026-03-05T16:15:38","guid":{"rendered":"https:\/\/www.elsindical.com.ar\/notas\/?p=143216"},"modified":"2026-03-05T13:16:10","modified_gmt":"2026-03-05T16:16:10","slug":"anuncian-huelga-por-tiempo-indeterminado-desde-el-16-de-marzo-para-que-cumpla-la-ley-de-financiamiento-universitario","status":"publish","type":"post","link":"https:\/\/www.elsindical.com.ar\/notas\/anuncian-huelga-por-tiempo-indeterminado-desde-el-16-de-marzo-para-que-cumpla-la-ley-de-financiamiento-universitario\/","title":{"rendered":"Anuncian huelga por tiempo indeterminado desde el 16 de marzo para que cumpla la Ley de Financiamiento Universitario"},"content":{"rendered":"<div class=\"wp-block-image\">\n<figure class=\"aligncenter size-full\"><a href=\"https:\/\/www.elsindical.com.ar\/notas\/var\/www\/html\/notas\/wp-content\/uploads\/2026\/03\/marcha-docentes-UBA.jpg\"><img loading=\"lazy\" decoding=\"async\" width=\"700\" height=\"394\" src=\"https:\/\/www.elsindical.com.ar\/notas\/var\/www\/html\/notas\/wp-content\/uploads\/2026\/03\/marcha-docentes-UBA.jpg\" alt=\"\" class=\"wp-image-143217\" srcset=\"https:\/\/www.elsindical.com.ar\/notas\/var\/www\/html\/notas\/wp-content\/uploads\/2026\/03\/marcha-docentes-UBA.jpg 700w, https:\/\/www.elsindical.com.ar\/notas\/var\/www\/html\/notas\/wp-content\/uploads\/2026\/03\/marcha-docentes-UBA-300x169.jpg 300w, https:\/\/www.elsindical.com.ar\/notas\/var\/www\/html\/notas\/wp-content\/uploads\/2026\/03\/marcha-docentes-UBA-460x260.jpg 460w\" sizes=\"auto, (max-width: 700px) 100vw, 700px\" \/><\/a><\/figure>\n<\/div>\n\n\n<p>Docentes de la Universidad de Buenos Aires confirmaron un paro docente por tiempo indeterminado en reclamo de un aumento salarial del 51% y el cumplimiento de la Ley de Financiamiento Universitario.<\/p>\n\n\n\n<p><strong>Los docentes de la Universidad de Buenos Aires anunciaron un paro docente UBA por tiempo indeterminado que comenzar\u00e1 el pr\u00f3ximo 16 de marzo.<\/strong> La medida fue resuelta en una asamblea de la Asociaci\u00f3n Gremial Docente de la UBA (AGD-UBA), desde donde reclamaron un aumento salarial del 51% y la plena aplicaci\u00f3n de la Ley de Financiamiento Universitario.<\/p>\n\n\n\n<p>Tras el encuentro, el gremio inform\u00f3 la decisi\u00f3n a trav\u00e9s de sus redes sociales con un mensaje contundente: <strong>\u201cNo volvemos a las aulas hasta que nos paguen el 51% que nos deben y que se cumpla la ley vigente\u201d<\/strong>. Seg\u00fan explicaron, el paro se mantendr\u00e1 hasta que haya respuestas concretas del Gobierno nacional a los reclamos del sector.<\/p>\n\n\n\n<p>La medida de fuerza estar\u00e1 acompa\u00f1ada por un plan de lucha que incluir\u00e1 movilizaciones, cortes, permanencias en facultades y acciones en colegios y universidades de todo el pa\u00eds. <strong>\u201cVayamos al paro por tiempo indeterminado hasta la huelga general universitaria en defensa del salario y la universidad p\u00fablica\u201d,<\/strong> se\u00f1alaron desde la organizaci\u00f3n gremial.<\/p>\n\n\n\n<p>Adem\u00e1s, los docentes exigieron la convocatoria urgente a paritarias y la aplicaci\u00f3n de la Ley de Financiamiento Universitario sancionada en 2025. Tras la aprobaci\u00f3n de la Ley 27.795, el Poder Ejecutivo <strong>suspendi\u00f3 su aplicaci\u00f3n mediante el Decreto 795\/2025 al sostener que la norma no establec\u00eda de manera expresa el financiamiento necesario.<\/strong><\/p>\n\n\n\n<p>Ante esta situaci\u00f3n, <strong>el Consejo Interuniversitario Nacional (CIN) inici\u00f3 en octubre de 2025 una acci\u00f3n judicial colectiva para declarar la inconstitucionalidad del decreto y exigir el cumplimiento de la ley.<\/strong> La normativa establece, entre otros puntos, la actualizaci\u00f3n salarial de docentes universitarios y de becas estudiantiles seg\u00fan el \u00edndice inflacionario.<\/p>\n\n\n\n<p>En ese contexto, el Consejo Superior de la UBA tambi\u00e9n analiz\u00f3 medidas institucionales para garantizar la vigencia de la ley y defender la educaci\u00f3n p\u00fablica, al considerar que el financiamiento universitario resulta clave para el funcionamiento del sistema y la protecci\u00f3n de los derechos constitucionales vinculados a la educaci\u00f3n.<\/p>\n\n\n\n<p><\/p>\n","protected":false},"excerpt":{"rendered":"<p>Docentes de la Universidad de Buenos Aires confirmaron un paro docente por tiempo indeterminado en reclamo de un aumento salarial del 51% y el cumplimiento de la Ley de Financiamiento Universitario. Los docentes de la Universidad de Buenos Aires anunciaron un paro docente UBA por tiempo indeterminado que comenzar\u00e1 el pr\u00f3ximo 16 de marzo. La&hellip;<\/p>\n","protected":false},"author":1,"featured_media":143217,"comment_status":"open","ping_status":"open","sticky":false,"template":"","format":"standard","meta":{"footnotes":""},"categories":[16],"tags":[2450,46876,289,43774,67],"class_list":["post-143216","post","type-post","status-publish","format-standard","has-post-thumbnail","hentry","category-gremiales","tag-diario-el-sindical","tag-docentes-uba","tag-huelga","tag-ley-de-financiamiento-universitario","tag-paro"],"_links":{"self":[{"href":"https:\/\/www.elsindical.com.ar\/notas\/wp-json\/wp\/v2\/posts\/143216","targetHints":{"allow":["GET"]}}],"collection":[{"href":"https:\/\/www.elsindical.com.ar\/notas\/wp-json\/wp\/v2\/posts"}],"about":[{"href":"https:\/\/www.elsindical.com.ar\/notas\/wp-json\/wp\/v2\/types\/post"}],"author":[{"embeddable":true,"href":"https:\/\/www.elsindical.com.ar\/notas\/wp-json\/wp\/v2\/users\/1"}],"replies":[{"embeddable":true,"href":"https:\/\/www.elsindical.com.ar\/notas\/wp-json\/wp\/v2\/comments?post=143216"}],"version-history":[{"count":1,"href":"https:\/\/www.elsindical.com.ar\/notas\/wp-json\/wp\/v2\/posts\/143216\/revisions"}],"predecessor-version":[{"id":143218,"href":"https:\/\/www.elsindical.com.ar\/notas\/wp-json\/wp\/v2\/posts\/143216\/revisions\/143218"}],"wp:featuredmedia":[{"embeddable":true,"href":"https:\/\/www.elsindical.com.ar\/notas\/wp-json\/wp\/v2\/media\/143217"}],"wp:attachment":[{"href":"https:\/\/www.elsindical.com.ar\/notas\/wp-json\/wp\/v2\/media?parent=143216"}],"wp:term":[{"taxonomy":"category","embeddable":true,"href":"https:\/\/www.elsindical.com.ar\/notas\/wp-json\/wp\/v2\/categories?post=143216"},{"taxonomy":"post_tag","embeddable":true,"href":"https:\/\/www.elsindical.com.ar\/notas\/wp-json\/wp\/v2\/tags?post=143216"}],"curies":[{"name":"wp","href":"https:\/\/api.w.org\/{rel}","templated":true}]}}