{"id":143213,"date":"2026-03-05T12:47:17","date_gmt":"2026-03-05T15:47:17","guid":{"rendered":"https:\/\/www.elsindical.com.ar\/notas\/?p=143213"},"modified":"2026-03-05T12:47:22","modified_gmt":"2026-03-05T15:47:22","slug":"la-produccion-industrial-cayo-en-mas-del-50-de-las-fabricas-y-la-uia-alerto-por-el-impacto-de-las-importaciones","status":"publish","type":"post","link":"https:\/\/www.elsindical.com.ar\/notas\/la-produccion-industrial-cayo-en-mas-del-50-de-las-fabricas-y-la-uia-alerto-por-el-impacto-de-las-importaciones\/","title":{"rendered":"La producci\u00f3n industrial cay\u00f3 en m\u00e1s del 50% de las f\u00e1bricas y la UIA alert\u00f3 por el impacto de las importaciones"},"content":{"rendered":"<div class=\"wp-block-image\">\n<figure class=\"aligncenter size-full\"><a href=\"https:\/\/www.elsindical.com.ar\/notas\/var\/www\/html\/notas\/wp-content\/uploads\/2026\/03\/fabrica-cerrada.jpg\"><img loading=\"lazy\" decoding=\"async\" width=\"700\" height=\"480\" src=\"https:\/\/www.elsindical.com.ar\/notas\/var\/www\/html\/notas\/wp-content\/uploads\/2026\/03\/fabrica-cerrada.jpg\" alt=\"\" class=\"wp-image-143214\" srcset=\"https:\/\/www.elsindical.com.ar\/notas\/var\/www\/html\/notas\/wp-content\/uploads\/2026\/03\/fabrica-cerrada.jpg 700w, https:\/\/www.elsindical.com.ar\/notas\/var\/www\/html\/notas\/wp-content\/uploads\/2026\/03\/fabrica-cerrada-300x206.jpg 300w\" sizes=\"auto, (max-width: 700px) 100vw, 700px\" \/><\/a><\/figure>\n<\/div>\n\n\n<p>La producci\u00f3n industrial mostr\u00f3 un fuerte deterioro seg\u00fan el \u00faltimo informe de la Uni\u00f3n Industrial Argentina. M\u00e1s de la mitad de las empresas registr\u00f3 ca\u00edda en la fabricaci\u00f3n y en las ventas, en un contexto de menor demanda interna, dificultades financieras y creciente preocupaci\u00f3n por la apertura de importaciones.<\/p>\n\n\n\n<p>La <strong>producci\u00f3n industrial en Argentina <\/strong>atraviesa un escenario cr\u00edtico: <strong>m\u00e1s del 50% de las f\u00e1bricas del pa\u00eds registraron ca\u00eddas en su actividad durante el \u00faltimo trimestre, seg\u00fan inform\u00f3 este mi\u00e9rcoles la Uni\u00f3n Industrial Argentina (UIA).<\/strong> El relevamiento sectorial expuso un deterioro generalizado que afecta a empresas de todos los tama\u00f1os, con tensiones financieras crecientes y alarma en el sector por el avance de productos importados.<\/p>\n\n\n\n<p>El Monitor de Desempe\u00f1o Industrial se ubic\u00f3 en 36,5 puntos en enero, l<strong>o que represent\u00f3 una baja de 7,5 unidades respecto del informe anterior.<\/strong> El indicador confirma un empeoramiento sostenido de la actividad fabril si se lo compara con el valor m\u00e1s alto registrado hace dos a\u00f1os. En detalle, <strong>el 53,3% de las empresas consultadas indic\u00f3 que su nivel de producci\u00f3n disminuy\u00f3 en el \u00faltimo trimestre<\/strong>, mientras que el <strong>54,7% report\u00f3 una ca\u00edda en la demanda interna.<\/strong><\/p>\n\n\n\n<p>En medio de este panorama, la relaci\u00f3n entre el sector industrial y el Gobierno nacional sum\u00f3 nuevos episodios de tensi\u00f3n. El conflicto se profundiz\u00f3 luego de que el presidente Javier Milei criticara p\u00fablicamente a empresarios como Paolo Rocca, CEO de Techint, y a Javier Madanes Quintanilla, titular de Fate. Desde la conducci\u00f3n de la UIA, encabezada por Mart\u00edn Rappallini, <strong>reclamaron un cambio de tono hacia el empresariado. \u201cQueremos que vuelva el Milei que dec\u00eda que los empresarios son h\u00e9roes\u201d, afirm\u00f3 el dirigente en declaraciones televisivas.<\/strong><\/p>\n\n\n\n<p>El informe tambi\u00e9n reflej\u00f3 el impacto en el mercado laboral:<strong> el 22,2% de las f\u00e1bricas inform\u00f3 reducciones en su plantilla. <\/strong>La mitad de esas empresas aplic\u00f3 despidos directos, mientras que otras optaron por recortar turnos o implementar suspensiones temporales ante la ca\u00edda de la actividad.<\/p>\n\n\n\n<p>Por \u00faltimo, el estudio se\u00f1al\u00f3 que la principal preocupaci\u00f3n del sector sigue siendo la debilidad de la demanda interna, mencionada por el 46,1% de las compa\u00f1\u00edas. <strong>A esto se suma el crecimiento de la competencia con productos importados, que ya preocupa al 19,4% de las empresas, en un contexto de apreciaci\u00f3n del peso y apertura comercial.<\/strong> Adem\u00e1s, el 45,6% de las firmas reconoci\u00f3 dificultades para afrontar pagos de salarios, proveedores o servicios, lo que las oblig\u00f3 a recurrir a endeudamiento de corto plazo para sostener su funcionamiento.<\/p>\n","protected":false},"excerpt":{"rendered":"<p>La producci\u00f3n industrial mostr\u00f3 un fuerte deterioro seg\u00fan el \u00faltimo informe de la Uni\u00f3n Industrial Argentina. M\u00e1s de la mitad de las empresas registr\u00f3 ca\u00edda en la fabricaci\u00f3n y en las ventas, en un contexto de menor demanda interna, dificultades financieras y creciente preocupaci\u00f3n por la apertura de importaciones. La producci\u00f3n industrial en Argentina atraviesa&hellip;<\/p>\n","protected":false},"author":1,"featured_media":143214,"comment_status":"open","ping_status":"open","sticky":false,"template":"","format":"standard","meta":{"footnotes":""},"categories":[9,28],"tags":[2450,22023,2105,3162,20382],"class_list":["post-143213","post","type-post","status-publish","format-standard","has-post-thumbnail","hentry","category-economia","category-empresariales","tag-diario-el-sindical","tag-economia","tag-empresas","tag-fabricas","tag-uai"],"_links":{"self":[{"href":"https:\/\/www.elsindical.com.ar\/notas\/wp-json\/wp\/v2\/posts\/143213","targetHints":{"allow":["GET"]}}],"collection":[{"href":"https:\/\/www.elsindical.com.ar\/notas\/wp-json\/wp\/v2\/posts"}],"about":[{"href":"https:\/\/www.elsindical.com.ar\/notas\/wp-json\/wp\/v2\/types\/post"}],"author":[{"embeddable":true,"href":"https:\/\/www.elsindical.com.ar\/notas\/wp-json\/wp\/v2\/users\/1"}],"replies":[{"embeddable":true,"href":"https:\/\/www.elsindical.com.ar\/notas\/wp-json\/wp\/v2\/comments?post=143213"}],"version-history":[{"count":1,"href":"https:\/\/www.elsindical.com.ar\/notas\/wp-json\/wp\/v2\/posts\/143213\/revisions"}],"predecessor-version":[{"id":143215,"href":"https:\/\/www.elsindical.com.ar\/notas\/wp-json\/wp\/v2\/posts\/143213\/revisions\/143215"}],"wp:featuredmedia":[{"embeddable":true,"href":"https:\/\/www.elsindical.com.ar\/notas\/wp-json\/wp\/v2\/media\/143214"}],"wp:attachment":[{"href":"https:\/\/www.elsindical.com.ar\/notas\/wp-json\/wp\/v2\/media?parent=143213"}],"wp:term":[{"taxonomy":"category","embeddable":true,"href":"https:\/\/www.elsindical.com.ar\/notas\/wp-json\/wp\/v2\/categories?post=143213"},{"taxonomy":"post_tag","embeddable":true,"href":"https:\/\/www.elsindical.com.ar\/notas\/wp-json\/wp\/v2\/tags?post=143213"}],"curies":[{"name":"wp","href":"https:\/\/api.w.org\/{rel}","templated":true}]}}