{"id":143205,"date":"2026-03-04T21:19:19","date_gmt":"2026-03-05T00:19:19","guid":{"rendered":"https:\/\/www.elsindical.com.ar\/notas\/?p=143205"},"modified":"2026-03-04T21:52:55","modified_gmt":"2026-03-05T00:52:55","slug":"siguen-cerrando-empresas-en-la-provincia","status":"publish","type":"post","link":"https:\/\/www.elsindical.com.ar\/notas\/siguen-cerrando-empresas-en-la-provincia\/","title":{"rendered":"Siguen cerrando empresas en la Provincia"},"content":{"rendered":"\n<figure class=\"wp-block-image size-large\"><a href=\"https:\/\/www.elsindical.com.ar\/notas\/var\/www\/html\/notas\/wp-content\/uploads\/2026\/03\/ganadera-San-Roque.jpg\"><img loading=\"lazy\" decoding=\"async\" width=\"1024\" height=\"576\" src=\"https:\/\/www.elsindical.com.ar\/notas\/var\/www\/html\/notas\/wp-content\/uploads\/2026\/03\/ganadera-San-Roque-1024x576.jpg\" alt=\"\" class=\"wp-image-143206\" srcset=\"https:\/\/www.elsindical.com.ar\/notas\/var\/www\/html\/notas\/wp-content\/uploads\/2026\/03\/ganadera-San-Roque-1024x576.jpg 1024w, https:\/\/www.elsindical.com.ar\/notas\/var\/www\/html\/notas\/wp-content\/uploads\/2026\/03\/ganadera-San-Roque-300x169.jpg 300w, https:\/\/www.elsindical.com.ar\/notas\/var\/www\/html\/notas\/wp-content\/uploads\/2026\/03\/ganadera-San-Roque-768x432.jpg 768w, https:\/\/www.elsindical.com.ar\/notas\/var\/www\/html\/notas\/wp-content\/uploads\/2026\/03\/ganadera-San-Roque-460x260.jpg 460w, https:\/\/www.elsindical.com.ar\/notas\/var\/www\/html\/notas\/wp-content\/uploads\/2026\/03\/ganadera-San-Roque.jpg 1200w\" sizes=\"auto, (max-width: 1024px) 100vw, 1024px\" \/><\/a><\/figure>\n\n\n\n<p>El frigor\u00edfico San Roque, de Mor\u00f3n, cerr\u00f3 sus puertas y dej\u00f3 a 140 trabajadores en la calle. Explic\u00f3 que fue por el bajo consumo y la apertura de importaciones.<\/p>\n\n\n\n<p>Mientras que el presidente Javier Milei apunt\u00f3 contra empresarios durante su exposici\u00f3n en el Congreso y el gobernador Axel Kicillof cuestion\u00f3 las pol\u00edticas anti-industriales del gobierno libertario, <strong>siguen cerrando empresas<\/strong>.<\/p>\n\n\n\n<p><strong>El frigor\u00edfico&nbsp;San Roque, ubicado en la localidad bonaerense de Mor\u00f3n, cerr\u00f3 en forma definitivo su planta de producci\u00f3n lo que provoc\u00f3 el&nbsp;despido de 140 trabajadores<\/strong>.&nbsp;<\/p>\n\n\n\n<p>La medida se concret\u00f3 el \u00faltimo viernes 27 de febrero. La empresa fundament\u00f3 la decisi\u00f3n en el&nbsp;impacto de los cambios en las condiciones econ\u00f3micas del pa\u00eds, la baja del consumo interno y la apertura de las importaciones de carne.<\/p>\n\n\n\n<p><strong>Asimismo, la empresa&nbsp;Goldmund, propietaria de la marca de electrodom\u00e9sticos&nbsp;Peabody, solicit\u00f3 la apertura de su concurso de acreedores.&nbsp;<\/strong>La firma especializada en l\u00ednea blanca emplea a&nbsp;250 trabajadores&nbsp;y la medida apunta a lograr la reestructuraci\u00f3n de pasivos manteniendo la operaci\u00f3n.<\/p>\n\n\n\n<p>La decisi\u00f3n se conoce en un momento de convulsi\u00f3n empresarial por la seguidilla de cierre de empresas. Incluso, <strong>la propia Uni\u00f3n Industrial Argentina\u00a0(UIA), que respalda la pol\u00edticas pero no puede seguir ajena a la crisis, sali\u00f3 al cruce de Milei<\/strong> y aclar\u00f3 que \u201csin industria no hay Naci\u00f3n\u201d.<\/p>\n\n\n\n<p>Se\u00f1alaron que&nbsp;<strong>varias empresas, en especial las PyMEs \u201cest\u00e1n atravesando una situaci\u00f3n cr\u00edtica, con bajo nivel de actividad, alta presi\u00f3n fiscal, dificultades para financiarse y ca\u00edda del empleo\u201d<\/strong>.<\/p>\n","protected":false},"excerpt":{"rendered":"<p>El frigor\u00edfico San Roque, de Mor\u00f3n, cerr\u00f3 sus puertas y dej\u00f3 a 140 trabajadores en la calle. Explic\u00f3 que fue por el bajo consumo y la apertura de importaciones. Mientras que el presidente Javier Milei apunt\u00f3 contra empresarios durante su exposici\u00f3n en el Congreso y el gobernador Axel Kicillof cuestion\u00f3 las pol\u00edticas anti-industriales del gobierno&hellip;<\/p>\n","protected":false},"author":1,"featured_media":143206,"comment_status":"open","ping_status":"open","sticky":false,"template":"","format":"standard","meta":{"footnotes":""},"categories":[9,28],"tags":[13798,46778,2450,46872,28812,1455,46873,4674],"class_list":["post-143205","post","type-post","status-publish","format-standard","has-post-thumbnail","hentry","category-economia","category-empresariales","tag-axel-kicillof","tag-cierre-de-empresas","tag-diario-el-sindical","tag-frigorifico-san-roque","tag-javier-milei","tag-noticias","tag-peabody","tag-uia"],"_links":{"self":[{"href":"https:\/\/www.elsindical.com.ar\/notas\/wp-json\/wp\/v2\/posts\/143205","targetHints":{"allow":["GET"]}}],"collection":[{"href":"https:\/\/www.elsindical.com.ar\/notas\/wp-json\/wp\/v2\/posts"}],"about":[{"href":"https:\/\/www.elsindical.com.ar\/notas\/wp-json\/wp\/v2\/types\/post"}],"author":[{"embeddable":true,"href":"https:\/\/www.elsindical.com.ar\/notas\/wp-json\/wp\/v2\/users\/1"}],"replies":[{"embeddable":true,"href":"https:\/\/www.elsindical.com.ar\/notas\/wp-json\/wp\/v2\/comments?post=143205"}],"version-history":[{"count":1,"href":"https:\/\/www.elsindical.com.ar\/notas\/wp-json\/wp\/v2\/posts\/143205\/revisions"}],"predecessor-version":[{"id":143207,"href":"https:\/\/www.elsindical.com.ar\/notas\/wp-json\/wp\/v2\/posts\/143205\/revisions\/143207"}],"wp:featuredmedia":[{"embeddable":true,"href":"https:\/\/www.elsindical.com.ar\/notas\/wp-json\/wp\/v2\/media\/143206"}],"wp:attachment":[{"href":"https:\/\/www.elsindical.com.ar\/notas\/wp-json\/wp\/v2\/media?parent=143205"}],"wp:term":[{"taxonomy":"category","embeddable":true,"href":"https:\/\/www.elsindical.com.ar\/notas\/wp-json\/wp\/v2\/categories?post=143205"},{"taxonomy":"post_tag","embeddable":true,"href":"https:\/\/www.elsindical.com.ar\/notas\/wp-json\/wp\/v2\/tags?post=143205"}],"curies":[{"name":"wp","href":"https:\/\/api.w.org\/{rel}","templated":true}]}}