{"id":143203,"date":"2026-03-04T21:14:20","date_gmt":"2026-03-05T00:14:20","guid":{"rendered":"https:\/\/www.elsindical.com.ar\/notas\/?p=143203"},"modified":"2026-03-04T21:14:26","modified_gmt":"2026-03-05T00:14:26","slug":"4-de-cada-10-trabajadores-no-llega-a-fin-de-mes-y-crece-el-pesimismo","status":"publish","type":"post","link":"https:\/\/www.elsindical.com.ar\/notas\/4-de-cada-10-trabajadores-no-llega-a-fin-de-mes-y-crece-el-pesimismo\/","title":{"rendered":"4 de cada 10 trabajadores no llega a fin de mes y crece el pesimismo"},"content":{"rendered":"<div class=\"wp-block-image\">\n<figure class=\"aligncenter size-full is-resized\"><a href=\"https:\/\/www.elsindical.com.ar\/notas\/var\/www\/html\/notas\/wp-content\/uploads\/2023\/01\/billetera-flaca.jpg\"><img loading=\"lazy\" decoding=\"async\" width=\"500\" height=\"375\" src=\"https:\/\/www.elsindical.com.ar\/notas\/var\/www\/html\/notas\/wp-content\/uploads\/2023\/01\/billetera-flaca.jpg\" alt=\"\" class=\"wp-image-120115\" style=\"width:638px;height:auto\" srcset=\"https:\/\/www.elsindical.com.ar\/notas\/var\/www\/html\/notas\/wp-content\/uploads\/2023\/01\/billetera-flaca.jpg 500w, https:\/\/www.elsindical.com.ar\/notas\/var\/www\/html\/notas\/wp-content\/uploads\/2023\/01\/billetera-flaca-300x225.jpg 300w, https:\/\/www.elsindical.com.ar\/notas\/var\/www\/html\/notas\/wp-content\/uploads\/2023\/01\/billetera-flaca-400x300.jpg 400w\" sizes=\"auto, (max-width: 500px) 100vw, 500px\" \/><\/a><\/figure>\n<\/div>\n\n\n<p>Un estudio privado revel\u00f3 que el 39% de los argentinos no logra cubrir sus gastos mensuales en el segundo mes del a\u00f1o. La crisis econ\u00f3mica impacta con m\u00e1s fuerza en j\u00f3venes y en quienes perdieron su capacidad de ahorro.<\/p>\n\n\n\n<p>La crisis econ\u00f3mica volvi\u00f3 a reflejarse en los n\u00fameros de febrero: <strong>4 de cada 10 argentinos no llega a fin de mes y perdi\u00f3 su capacidad de ahorro<\/strong>, seg\u00fan un relevamiento de la consultora Opina Argentina. El informe se\u00f1ala que <strong>el 39% de las personas consultadas no logra cubrir sus gastos mensuales<\/strong>, lo que representa una suba de 7 puntos respecto a la medici\u00f3n anterior y el nivel m\u00e1s alto desde la asunci\u00f3n del presidente Javier Milei.<\/p>\n\n\n\n<p>El estudio tambi\u00e9n marc\u00f3 que solo <strong>un 20% pudo mantener en febrero su capacidad de ahorro.<\/strong> En paralelo, creci\u00f3 4% la proporci\u00f3n de personas que cree que la situaci\u00f3n econ\u00f3mica empeorar\u00e1 en los pr\u00f3ximos meses, consolidando un escenario de mayor pesimismo social. <strong>Los j\u00f3venes menores de 29 a\u00f1os, segmento identificado como uno de los m\u00e1s cercanos al universo libertario, aparecen como los m\u00e1s afectados por las dificultades econ\u00f3micas y los m\u00e1s cr\u00edticos respecto al futuro.<\/strong><\/p>\n\n\n\n<p>Por su parte, otro informe realizado en febrero por la consultora Zuban C\u00f3rdoba profundiz\u00f3 en las preocupaciones sociales. M\u00e1s de la mitad de los encuestados manifest\u00f3 inquietud por su sueldo y la situaci\u00f3n laboral. <strong>En detalle, un 28,5% se\u00f1al\u00f3 la p\u00e9rdida del poder adquisitivo y los bajos salarios como principal problema, mientras que un 22,7% apunt\u00f3 a la desocupaci\u00f3n.<\/strong><\/p>\n\n\n\n<p>Entre los j\u00f3venes de 18 a 30 a\u00f1os, la falta de empleo se posicion\u00f3 como la mayor preocupaci\u00f3n y alcanz\u00f3 el 34,5%. En la diferenciaci\u00f3n por g\u00e9nero, tanto hombres como mujeres coincidieron en ubicar los bajos salarios como el principal problema, aunque las mujeres enfatizaron m\u00e1s la falta de trabajo (25,8%) frente al 19,4% de los varones. Los datos consolidan un diagn\u00f3stico complejo para la administraci\u00f3n nacional en un contexto de fuerte ajuste y ca\u00edda del poder adquisitivo.<\/p>\n","protected":false},"excerpt":{"rendered":"<p>Un estudio privado revel\u00f3 que el 39% de los argentinos no logra cubrir sus gastos mensuales en el segundo mes del a\u00f1o. La crisis econ\u00f3mica impacta con m\u00e1s fuerza en j\u00f3venes y en quienes perdieron su capacidad de ahorro. La crisis econ\u00f3mica volvi\u00f3 a reflejarse en los n\u00fameros de febrero: 4 de cada 10 argentinos&hellip;<\/p>\n","protected":false},"author":1,"featured_media":120115,"comment_status":"open","ping_status":"open","sticky":false,"template":"","format":"standard","meta":{"footnotes":""},"categories":[9],"tags":[2450,22023,761,28812,46871,125],"class_list":["post-143203","post","type-post","status-publish","format-standard","has-post-thumbnail","hentry","category-economia","tag-diario-el-sindical","tag-economia","tag-gobierno-nacional","tag-javier-milei","tag-pesimismo","tag-trabajadores"],"_links":{"self":[{"href":"https:\/\/www.elsindical.com.ar\/notas\/wp-json\/wp\/v2\/posts\/143203","targetHints":{"allow":["GET"]}}],"collection":[{"href":"https:\/\/www.elsindical.com.ar\/notas\/wp-json\/wp\/v2\/posts"}],"about":[{"href":"https:\/\/www.elsindical.com.ar\/notas\/wp-json\/wp\/v2\/types\/post"}],"author":[{"embeddable":true,"href":"https:\/\/www.elsindical.com.ar\/notas\/wp-json\/wp\/v2\/users\/1"}],"replies":[{"embeddable":true,"href":"https:\/\/www.elsindical.com.ar\/notas\/wp-json\/wp\/v2\/comments?post=143203"}],"version-history":[{"count":1,"href":"https:\/\/www.elsindical.com.ar\/notas\/wp-json\/wp\/v2\/posts\/143203\/revisions"}],"predecessor-version":[{"id":143204,"href":"https:\/\/www.elsindical.com.ar\/notas\/wp-json\/wp\/v2\/posts\/143203\/revisions\/143204"}],"wp:featuredmedia":[{"embeddable":true,"href":"https:\/\/www.elsindical.com.ar\/notas\/wp-json\/wp\/v2\/media\/120115"}],"wp:attachment":[{"href":"https:\/\/www.elsindical.com.ar\/notas\/wp-json\/wp\/v2\/media?parent=143203"}],"wp:term":[{"taxonomy":"category","embeddable":true,"href":"https:\/\/www.elsindical.com.ar\/notas\/wp-json\/wp\/v2\/categories?post=143203"},{"taxonomy":"post_tag","embeddable":true,"href":"https:\/\/www.elsindical.com.ar\/notas\/wp-json\/wp\/v2\/tags?post=143203"}],"curies":[{"name":"wp","href":"https:\/\/api.w.org\/{rel}","templated":true}]}}