{"id":143187,"date":"2026-03-03T19:27:29","date_gmt":"2026-03-03T22:27:29","guid":{"rendered":"https:\/\/www.elsindical.com.ar\/notas\/?p=143187"},"modified":"2026-03-03T19:27:35","modified_gmt":"2026-03-03T22:27:35","slug":"casacion-confirmo-el-procesamiento-del-gendarme-hector-guerrero-por-las-lesiones-gravisimas-a-pablo-grillo","status":"publish","type":"post","link":"https:\/\/www.elsindical.com.ar\/notas\/casacion-confirmo-el-procesamiento-del-gendarme-hector-guerrero-por-las-lesiones-gravisimas-a-pablo-grillo\/","title":{"rendered":"Casaci\u00f3n confirm\u00f3 el procesamiento del gendarme H\u00e9ctor Guerrero por las lesiones grav\u00edsimas a Pablo Grillo"},"content":{"rendered":"<div class=\"wp-block-image\">\n<figure class=\"aligncenter size-full\"><a href=\"https:\/\/www.elsindical.com.ar\/notas\/var\/www\/html\/notas\/wp-content\/uploads\/2025\/04\/Pablo-Grillo-fotografo.jpg\"><img loading=\"lazy\" decoding=\"async\" width=\"700\" height=\"394\" src=\"https:\/\/www.elsindical.com.ar\/notas\/var\/www\/html\/notas\/wp-content\/uploads\/2025\/04\/Pablo-Grillo-fotografo.jpg\" alt=\"\" class=\"wp-image-137137\" srcset=\"https:\/\/www.elsindical.com.ar\/notas\/var\/www\/html\/notas\/wp-content\/uploads\/2025\/04\/Pablo-Grillo-fotografo.jpg 700w, https:\/\/www.elsindical.com.ar\/notas\/var\/www\/html\/notas\/wp-content\/uploads\/2025\/04\/Pablo-Grillo-fotografo-300x169.jpg 300w, https:\/\/www.elsindical.com.ar\/notas\/var\/www\/html\/notas\/wp-content\/uploads\/2025\/04\/Pablo-Grillo-fotografo-460x260.jpg 460w\" sizes=\"auto, (max-width: 700px) 100vw, 700px\" \/><\/a><\/figure>\n<\/div>\n\n\n<p>La C\u00e1mara Federal de Casaci\u00f3n Penal declar\u00f3 inadmisible el recurso de queja de la defensa y ratific\u00f3 el procesamiento del efectivo por abuso de su funci\u00f3n y abuso de armas agravado.<\/p>\n\n\n\n<p>La Justicia <strong>confirm\u00f3 el procesamiento del gendarme H\u00e9ctor Guerrero por las lesiones grav\u00edsimas <\/strong>agravadas ocasionadas al fotoperiodista Pablo Grillo durante una manifestaci\u00f3n frente al Congreso en marzo de 2025. La Sala II de la C\u00e1mara Federal de Casaci\u00f3n Penal <strong>rechaz\u00f3 este martes el recurso de queja presentado por la defensa<\/strong> y dej\u00f3 firme la decisi\u00f3n que ya hab\u00eda sido avalada en instancias anteriores.<\/p>\n\n\n\n<p>El tribunal, integrado por los jueces <strong>Alejandro W. Slokar, Guillermo J. Yacobucci y \u00c1ngela E. Ledesma, <\/strong>declar\u00f3 inadmisible la presentaci\u00f3n contra la confirmaci\u00f3n del procesamiento por los delitos de lesiones grav\u00edsimas agravadas por abuso de su funci\u00f3n en concurso real con abuso de armas agravado, reiterado en cinco oportunidades. En el fallo, los magistrados sostuvieron que <strong>\u201cexiste doble conformidad judicial\u201d y que la defensa \u201cno ha argumentado adecuadamente la existencia de una cuesti\u00f3n federal\u201d que habilite la instancia extraordinaria.<\/strong><\/p>\n\n\n\n<p>El hecho investigado ocurri\u00f3 el 12 de marzo de 2025 durante una marcha en defensa de los jubilados en las inmediaciones del Congreso. <strong>Seg\u00fan la reconstrucci\u00f3n judicial, Guerrero se encontraba junto a un cami\u00f3n hidrante de la Polic\u00eda Federal en la intersecci\u00f3n de Hip\u00f3lito Yrigoyen y Sol\u00eds cuando efectu\u00f3 varios disparos con una pistola lanzagases marca \u201cFederal y Halc\u00f3n\u201d. <\/strong>A las 17:18:05, uno de los proyectiles impact\u00f3 en la cabeza de Grillo, quien se encontraba a unos 50 metros, en posici\u00f3n de cuclillas, tomando fotograf\u00edas.<\/p>\n\n\n\n<p>Las pericias bal\u00edsticas y los an\u00e1lisis de videos aportados por medios y por el colectivo \u201cMapa de la Polic\u00eda\u201d concluyeron que el disparo fue efectuado de manera casi horizontal, con una inclinaci\u00f3n de 1,5\u00b0, y no en par\u00e1bola hacia arriba como establecen los protocolos.<strong> El impacto provoc\u00f3 fractura expuesta de cr\u00e1neo y hematomas cerebrales severos que requirieron m\u00faltiples cirug\u00edas, incluida una craneoplast\u00eda bilateral.<\/strong> Tras recibir el alta m\u00e9dica, Grillo se present\u00f3 como querellante en la causa y contin\u00faa con tratamiento por las secuelas neurol\u00f3gicas y motoras derivadas del hecho.<\/p>\n","protected":false},"excerpt":{"rendered":"<p>La C\u00e1mara Federal de Casaci\u00f3n Penal declar\u00f3 inadmisible el recurso de queja de la defensa y ratific\u00f3 el procesamiento del efectivo por abuso de su funci\u00f3n y abuso de armas agravado. La Justicia confirm\u00f3 el procesamiento del gendarme H\u00e9ctor Guerrero por las lesiones grav\u00edsimas agravadas ocasionadas al fotoperiodista Pablo Grillo durante una manifestaci\u00f3n frente al&hellip;<\/p>\n","protected":false},"author":1,"featured_media":137137,"comment_status":"open","ping_status":"open","sticky":false,"template":"","format":"standard","meta":{"footnotes":""},"categories":[20],"tags":[2441,2450,46868,44897],"class_list":["post-143187","post","type-post","status-publish","format-standard","has-post-thumbnail","hentry","category-judiciales","tag-casacion","tag-diario-el-sindical","tag-hector-guerrero","tag-pablo-grillo"],"_links":{"self":[{"href":"https:\/\/www.elsindical.com.ar\/notas\/wp-json\/wp\/v2\/posts\/143187","targetHints":{"allow":["GET"]}}],"collection":[{"href":"https:\/\/www.elsindical.com.ar\/notas\/wp-json\/wp\/v2\/posts"}],"about":[{"href":"https:\/\/www.elsindical.com.ar\/notas\/wp-json\/wp\/v2\/types\/post"}],"author":[{"embeddable":true,"href":"https:\/\/www.elsindical.com.ar\/notas\/wp-json\/wp\/v2\/users\/1"}],"replies":[{"embeddable":true,"href":"https:\/\/www.elsindical.com.ar\/notas\/wp-json\/wp\/v2\/comments?post=143187"}],"version-history":[{"count":1,"href":"https:\/\/www.elsindical.com.ar\/notas\/wp-json\/wp\/v2\/posts\/143187\/revisions"}],"predecessor-version":[{"id":143188,"href":"https:\/\/www.elsindical.com.ar\/notas\/wp-json\/wp\/v2\/posts\/143187\/revisions\/143188"}],"wp:featuredmedia":[{"embeddable":true,"href":"https:\/\/www.elsindical.com.ar\/notas\/wp-json\/wp\/v2\/media\/137137"}],"wp:attachment":[{"href":"https:\/\/www.elsindical.com.ar\/notas\/wp-json\/wp\/v2\/media?parent=143187"}],"wp:term":[{"taxonomy":"category","embeddable":true,"href":"https:\/\/www.elsindical.com.ar\/notas\/wp-json\/wp\/v2\/categories?post=143187"},{"taxonomy":"post_tag","embeddable":true,"href":"https:\/\/www.elsindical.com.ar\/notas\/wp-json\/wp\/v2\/tags?post=143187"}],"curies":[{"name":"wp","href":"https:\/\/api.w.org\/{rel}","templated":true}]}}