{"id":143184,"date":"2026-03-03T19:14:32","date_gmt":"2026-03-03T22:14:32","guid":{"rendered":"https:\/\/www.elsindical.com.ar\/notas\/?p=143184"},"modified":"2026-03-03T19:14:36","modified_gmt":"2026-03-03T22:14:36","slug":"kicillof-dio-inicio-al-ciclo-lectivo-en-avellaneda-con-criticas-al-gobierno-nacional-y-anuncio-de-policia-municipal","status":"publish","type":"post","link":"https:\/\/www.elsindical.com.ar\/notas\/kicillof-dio-inicio-al-ciclo-lectivo-en-avellaneda-con-criticas-al-gobierno-nacional-y-anuncio-de-policia-municipal\/","title":{"rendered":"Kicillof dio inicio al ciclo lectivo en Avellaneda con cr\u00edticas al Gobierno nacional y anuncio de Polic\u00eda Municipal"},"content":{"rendered":"<div class=\"wp-block-image\">\n<figure class=\"aligncenter size-large\"><a href=\"https:\/\/www.elsindical.com.ar\/notas\/var\/www\/html\/notas\/wp-content\/uploads\/2026\/03\/Kicillof-y-Ferraresi-en-Avellaneda-policia-local.jpeg\"><img loading=\"lazy\" decoding=\"async\" width=\"1024\" height=\"683\" src=\"https:\/\/www.elsindical.com.ar\/notas\/var\/www\/html\/notas\/wp-content\/uploads\/2026\/03\/Kicillof-y-Ferraresi-en-Avellaneda-policia-local-1024x683.jpeg\" alt=\"\" class=\"wp-image-143185\" srcset=\"https:\/\/www.elsindical.com.ar\/notas\/var\/www\/html\/notas\/wp-content\/uploads\/2026\/03\/Kicillof-y-Ferraresi-en-Avellaneda-policia-local-1024x683.jpeg 1024w, https:\/\/www.elsindical.com.ar\/notas\/var\/www\/html\/notas\/wp-content\/uploads\/2026\/03\/Kicillof-y-Ferraresi-en-Avellaneda-policia-local-300x200.jpeg 300w, https:\/\/www.elsindical.com.ar\/notas\/var\/www\/html\/notas\/wp-content\/uploads\/2026\/03\/Kicillof-y-Ferraresi-en-Avellaneda-policia-local-768x512.jpeg 768w, https:\/\/www.elsindical.com.ar\/notas\/var\/www\/html\/notas\/wp-content\/uploads\/2026\/03\/Kicillof-y-Ferraresi-en-Avellaneda-policia-local-1536x1024.jpeg 1536w, https:\/\/www.elsindical.com.ar\/notas\/var\/www\/html\/notas\/wp-content\/uploads\/2026\/03\/Kicillof-y-Ferraresi-en-Avellaneda-policia-local.jpeg 1920w\" sizes=\"auto, (max-width: 1024px) 100vw, 1024px\" \/><\/a><\/figure>\n<\/div>\n\n\n<p>El gobernador bonaerense encabez\u00f3 el acto en una Escuela T\u00e9cnica, inaugur\u00f3 un nuevo edificio primario y puso en marcha la formaci\u00f3n de 124 aspirantes a la Polic\u00eda Municipal.<\/p>\n\n\n\n<p>El gobernador de la provincia de Buenos Aires, <strong>Axel Kicillof<\/strong>, dio inicio al ciclo lectivo del nivel secundario en una escuela t\u00e9cnica de <strong>Avellaneda<\/strong>, donde adem\u00e1s recorri\u00f3 la ampliaci\u00f3n de la Escuela T\u00e9cnica N\u00ba6 e inaugur\u00f3 el nuevo edificio de la Escuela Primaria N\u00ba59. En ese marco, el mandatario cuestion\u00f3 al Gobierno nacional por <strong>el recorte de fondos y la paralizaci\u00f3n de obras educativas<\/strong>, y sostuvo que \u201cel Estado no es un concepto te\u00f3rico\u201d, sino que se materializa en las escuelas, los docentes y los alumnos.<\/p>\n\n\n\n<p>Durante el acto, Kicillof asegur\u00f3 que la Naci\u00f3n <strong>\u201cdesfinanci\u00f3 por completo el sistema p\u00fablico\u201d y apunt\u00f3 contra los gobiernos \u201cde derecha\u201d por, seg\u00fan afirm\u00f3, recortar especialmente a las escuelas t\u00e9cnicas.<\/strong> \u201cEn la Provincia tenemos un pensamiento diametralmente opuesto: invertimos y seguimos apostando a la educaci\u00f3n t\u00e9cnica porque creemos que son un engranaje clave para un proyecto con industria, desarrollo y soberan\u00eda\u201d, remarc\u00f3. <strong>La ampliaci\u00f3n de la T\u00e9cnica N\u00ba6 demand\u00f3 una inversi\u00f3n de $1.881 millones y sum\u00f3 18 nuevas aulas al sector de talleres inaugurado en 2023. <\/strong>El establecimiento cuenta con m\u00e1s de 600 estudiantes que cursan tecnicaturas como Electromec\u00e1nica, Electricidad y Administraci\u00f3n de las Organizaciones.<\/p>\n\n\n\n<p>Asimismo, qued\u00f3 habilitado el nuevo edificio de la Escuela Primaria N\u00ba59 en Villa Dom\u00ednico, que a partir de una inversi\u00f3n de $1.502 millones permitir\u00e1 que la instituci\u00f3n funcione en sede propia tras compartir espacio con otra secundaria. El edificio posee dos plantas con seis aulas, laboratorio, biblioteca, comedor, patio y dependencias administrativas. <strong>Desde el Gobierno provincial subrayaron que el 70% de los alumnos bonaerenses asiste a la escuela p\u00fablica y defendieron el rol del Estado como garante del derecho a la educaci\u00f3n.<\/strong><\/p>\n\n\n\n<p>En la misma jornada, <strong>Kicillof y el intendente Jorge Ferraresi<\/strong> pusieron en marcha el primer ciclo lectivo de la Escuela de Polic\u00eda Municipal de Avellaneda, con 124 cadetes que se formar\u00e1n para actuar en articulaci\u00f3n con la fuerza provincial. La nueva Polic\u00eda Municipal, creada por ordenanza local en septiembre, podr\u00e1 realizar detenciones, persecuciones y portar armas de baja letalidad, debiendo poner a disposici\u00f3n de la Polic\u00eda bonaerense a las personas aprehendidas. Adem\u00e1s, se firm\u00f3 un convenio para homologar la Tecnicatura en Seguridad Municipal que se dictar\u00e1 en articulaci\u00f3n con la universidad tecnol\u00f3gica local.<\/p>\n","protected":false},"excerpt":{"rendered":"<p>El gobernador bonaerense encabez\u00f3 el acto en una Escuela T\u00e9cnica, inaugur\u00f3 un nuevo edificio primario y puso en marcha la formaci\u00f3n de 124 aspirantes a la Polic\u00eda Municipal. El gobernador de la provincia de Buenos Aires, Axel Kicillof, dio inicio al ciclo lectivo del nivel secundario en una escuela t\u00e9cnica de Avellaneda, donde adem\u00e1s recorri\u00f3&hellip;<\/p>\n","protected":false},"author":1,"featured_media":143185,"comment_status":"open","ping_status":"open","sticky":false,"template":"","format":"standard","meta":{"footnotes":""},"categories":[13],"tags":[37385,42512,2450,1062,21009],"class_list":["post-143184","post","type-post","status-publish","format-standard","has-post-thumbnail","hentry","category-politica","tag-avellameda","tag-axel-kiccillof","tag-diario-el-sindical","tag-jorge-ferraresi","tag-policia-local"],"_links":{"self":[{"href":"https:\/\/www.elsindical.com.ar\/notas\/wp-json\/wp\/v2\/posts\/143184","targetHints":{"allow":["GET"]}}],"collection":[{"href":"https:\/\/www.elsindical.com.ar\/notas\/wp-json\/wp\/v2\/posts"}],"about":[{"href":"https:\/\/www.elsindical.com.ar\/notas\/wp-json\/wp\/v2\/types\/post"}],"author":[{"embeddable":true,"href":"https:\/\/www.elsindical.com.ar\/notas\/wp-json\/wp\/v2\/users\/1"}],"replies":[{"embeddable":true,"href":"https:\/\/www.elsindical.com.ar\/notas\/wp-json\/wp\/v2\/comments?post=143184"}],"version-history":[{"count":1,"href":"https:\/\/www.elsindical.com.ar\/notas\/wp-json\/wp\/v2\/posts\/143184\/revisions"}],"predecessor-version":[{"id":143186,"href":"https:\/\/www.elsindical.com.ar\/notas\/wp-json\/wp\/v2\/posts\/143184\/revisions\/143186"}],"wp:featuredmedia":[{"embeddable":true,"href":"https:\/\/www.elsindical.com.ar\/notas\/wp-json\/wp\/v2\/media\/143185"}],"wp:attachment":[{"href":"https:\/\/www.elsindical.com.ar\/notas\/wp-json\/wp\/v2\/media?parent=143184"}],"wp:term":[{"taxonomy":"category","embeddable":true,"href":"https:\/\/www.elsindical.com.ar\/notas\/wp-json\/wp\/v2\/categories?post=143184"},{"taxonomy":"post_tag","embeddable":true,"href":"https:\/\/www.elsindical.com.ar\/notas\/wp-json\/wp\/v2\/tags?post=143184"}],"curies":[{"name":"wp","href":"https:\/\/api.w.org\/{rel}","templated":true}]}}