{"id":14315,"date":"2011-05-18T00:57:49","date_gmt":"2011-05-18T03:57:49","guid":{"rendered":"http:\/\/www.elsindical.com.ar\/notas\/?p=14315"},"modified":"2011-05-18T00:57:49","modified_gmt":"2011-05-18T03:57:49","slug":"por-estar-procesado-macri-podria-no-ser-reelecto-como-jefe-de-gobierno","status":"publish","type":"post","link":"https:\/\/www.elsindical.com.ar\/notas\/por-estar-procesado-macri-podria-no-ser-reelecto-como-jefe-de-gobierno\/","title":{"rendered":"Por estar procesado, Macri podr\u00eda no ser reelecto como jefe de Gobierno"},"content":{"rendered":"<p style=\"text-align: justify;\"><em><a href=\"http:\/\/www.elsindical.com.ar\/notas\/var\/www\/html\/notas\/wp-content\/uploads\/2010\/07\/Macri_mirada.jpg\"><img loading=\"lazy\" decoding=\"async\" class=\"alignleft size-medium wp-image-8005\" title=\"Macri_mirada\" src=\"http:\/\/www.elsindical.com.ar\/notas\/var\/www\/html\/notas\/wp-content\/uploads\/2010\/07\/Macri_mirada-300x174.jpg\" alt=\"\" width=\"300\" height=\"174\" srcset=\"https:\/\/www.elsindical.com.ar\/notas\/var\/www\/html\/notas\/wp-content\/uploads\/2010\/07\/Macri_mirada-300x174.jpg 300w, https:\/\/www.elsindical.com.ar\/notas\/var\/www\/html\/notas\/wp-content\/uploads\/2010\/07\/Macri_mirada.jpg 318w\" sizes=\"auto, (max-width: 300px) 100vw, 300px\" \/><\/a>El constitucionalista Eduardo Barcesat dice que \u00abva a impugnar su candidatura\u00bb porque el titular del Ejecutivo porte\u00f1o tiene un procesamiento firme.<\/em><\/p>\n<p style=\"text-align: justify;\">El secretario general de la Ciudad, Marcos Pe\u00f1a, denunci\u00f3 hoy un \u00abintento de proscripci\u00f3n del kirchnerismo\u00bb contra el jefe de gobierno porte\u00f1o, Mauricio Macri, por una denuncia del abogado de Madres de Plaza de Mayo, el constitucionalista Eduardo Barcesat, para invalidar su postulaci\u00f3n a la reelecci\u00f3n.<\/p>\n<p style=\"text-align: justify;\">El letrado anunci\u00f3 hoy en declaraciones a radio Am\u00e9rica y a la se\u00f1al CN23, que va a \u00abimpugnar la candidatura\u00bb de Macri ante el Superior Tribunal de Justicia de la Ciudad, porque el art\u00edculo 57 de la Constituci\u00f3n local <strong>impide postularse a los ciudadanos que tengan procesamiento firme \u00abpor un delito doloso en perjuicio de la administraci\u00f3n p\u00fablica\u00bb.<\/strong><\/p>\n<p style=\"text-align: justify;\">En efecto, seg\u00fan la misma Constituci\u00f3n que aparece en el sitio web del gobierno porte\u00f1o, el art\u00edculo 57 reza: \u00abNadie puede ser designado en la funci\u00f3n p\u00fablica cuando se encuentra procesado por un delito doloso en perjuicio de la administraci\u00f3n p\u00fablica\u00bb.<\/p>\n<p style=\"text-align: justify;\">Barcesat afirm\u00f3 que Macri, en la causa de las escuchas \u00abest\u00e1 procesado por un juez, la C\u00e1mara Federal confirm\u00f3 el procesamiento, la C\u00e1mara de Apelaciones confirm\u00f3 y despu\u00e9s Macri intent\u00f3 apelar a Casaci\u00f3n, pero despu\u00e9s desisti\u00f3, seguramente bien asesorado, porque no iba a prosperar\u00bb.<\/p>\n<p>\u00abLa operaci\u00f3n pol\u00edtica del kirchnerismo para intentar proscribir a Macri no tiene ning\u00fan fundamento jur\u00eddico\u00bb, afirm\u00f3 Marcos Pe\u00f1a y luego aclar\u00f3 que \u00abel art\u00edculo 57 de la Constituci\u00f3n habla de designaciones de funcionarios p\u00fablicos, no de cargos electivos\u00bb.<\/p>\n<p style=\"text-align: justify;\">En tanto, el presidente del bloque PRO de la Legislatura, Cristian Ritondo, se\u00f1al\u00f3 que el jefe de gobierno puede competir por un nuevo mandato debido a que \u00abla Constituci\u00f3n de la Naci\u00f3n est\u00e1 por encima que cualquier otra normativa\u00bb.<\/p>\n<p style=\"text-align: justify;\">\u00abMacri puede ser Presidente de la Naci\u00f3n, est\u00e1 habilitado por la Constituci\u00f3n Nacional porque cumple todos los requisitos que ella exige; pero, seg\u00fan la interpretaci\u00f3n de Barcesat, no puede ser jefe de gobierno de la Ciudad Aut\u00f3noma de Buenos Aires. Eso es poner el caballo delante del carro, ir al rev\u00e9s, no reconocer que quien puede lo m\u00e1s grande puede lo m\u00e1s chico\u00bb, indic\u00f3.<\/p>\n<p style=\"text-align: justify;\">Para Ritondo, \u00abBarcesat sabe que con esta operaci\u00f3n no solo es funcional al kirchnerismo, sino que tambi\u00e9n ponen de manifiesto el temor le tienen a la candidatura de Mauricio Macri, y el es uno de los militantes activos de los que siempre apuestan a judicializar la pol\u00edtica en nuestro pa\u00eds\u00bb, concluy\u00f3.<\/p>\n<p style=\"text-align: justify;\">Barcesat tiene buena relaci\u00f3n con la titular de Abuelas de Plaza de Mayo, Hebe de Bonafini, y su estudio apoy\u00f3 la iniciativa del <strong>plebiscito revocatorio contra el jefe de gobierno porte\u00f1o,<\/strong> adem\u00e1s de presentar <strong>otras<\/strong> <strong>denuncias<\/strong> contra Macri. Tambi\u00e9n inici\u00f3 causas contra el vicepresidente <strong>Julio Cobos<\/strong> y el ex titular del Banco Central <strong>Mart\u00edn Redrado.<\/strong><\/p>\n<p style=\"text-align: justify;\">Fuente: DyN<\/p>\n","protected":false},"excerpt":{"rendered":"<p>El constitucionalista Eduardo Barcesat dice que \u00abva a impugnar su candidatura\u00bb porque el titular del Ejecutivo porte\u00f1o tiene un procesamiento firme. El secretario general de la Ciudad, Marcos Pe\u00f1a, denunci\u00f3 hoy un \u00abintento de proscripci\u00f3n del kirchnerismo\u00bb contra el jefe de gobierno porte\u00f1o, Mauricio Macri, por una denuncia del abogado de Madres de Plaza de&hellip;<\/p>\n","protected":false},"author":1,"featured_media":0,"comment_status":"open","ping_status":"open","sticky":false,"template":"","format":"standard","meta":{"footnotes":""},"categories":[1,13],"tags":[1397,4872,76,4019,6903],"class_list":["post-14315","post","type-post","status-publish","format-standard","hentry","category-destacadas","category-politica","tag-candidatura","tag-jefe-de-gobierno-porteno","tag-mauricio-macri","tag-procesado","tag-superior-tribunal-de-justicia"],"_links":{"self":[{"href":"https:\/\/www.elsindical.com.ar\/notas\/wp-json\/wp\/v2\/posts\/14315","targetHints":{"allow":["GET"]}}],"collection":[{"href":"https:\/\/www.elsindical.com.ar\/notas\/wp-json\/wp\/v2\/posts"}],"about":[{"href":"https:\/\/www.elsindical.com.ar\/notas\/wp-json\/wp\/v2\/types\/post"}],"author":[{"embeddable":true,"href":"https:\/\/www.elsindical.com.ar\/notas\/wp-json\/wp\/v2\/users\/1"}],"replies":[{"embeddable":true,"href":"https:\/\/www.elsindical.com.ar\/notas\/wp-json\/wp\/v2\/comments?post=14315"}],"version-history":[{"count":2,"href":"https:\/\/www.elsindical.com.ar\/notas\/wp-json\/wp\/v2\/posts\/14315\/revisions"}],"predecessor-version":[{"id":14317,"href":"https:\/\/www.elsindical.com.ar\/notas\/wp-json\/wp\/v2\/posts\/14315\/revisions\/14317"}],"wp:attachment":[{"href":"https:\/\/www.elsindical.com.ar\/notas\/wp-json\/wp\/v2\/media?parent=14315"}],"wp:term":[{"taxonomy":"category","embeddable":true,"href":"https:\/\/www.elsindical.com.ar\/notas\/wp-json\/wp\/v2\/categories?post=14315"},{"taxonomy":"post_tag","embeddable":true,"href":"https:\/\/www.elsindical.com.ar\/notas\/wp-json\/wp\/v2\/tags?post=14315"}],"curies":[{"name":"wp","href":"https:\/\/api.w.org\/{rel}","templated":true}]}}