{"id":143143,"date":"2026-03-01T22:52:38","date_gmt":"2026-03-02T01:52:38","guid":{"rendered":"https:\/\/www.elsindical.com.ar\/notas\/?p=143143"},"modified":"2026-03-01T23:06:38","modified_gmt":"2026-03-02T02:06:38","slug":"pinamar-justicia-por-fausto-dejo-expuestos-los-negociados-del-municipio","status":"publish","type":"post","link":"https:\/\/www.elsindical.com.ar\/notas\/pinamar-justicia-por-fausto-dejo-expuestos-los-negociados-del-municipio\/","title":{"rendered":"Pinamar: Justicia por Fausto dej\u00f3 expuestos los negociados del municipio"},"content":{"rendered":"<div class=\"wp-block-image\">\n<figure class=\"aligncenter size-full\"><a href=\"https:\/\/www.elsindical.com.ar\/notas\/var\/www\/html\/notas\/wp-content\/uploads\/2026\/03\/Audiencia-Publica-Pinamar-2050-g.jpg\"><img loading=\"lazy\" decoding=\"async\" width=\"700\" height=\"393\" src=\"https:\/\/www.elsindical.com.ar\/notas\/var\/www\/html\/notas\/wp-content\/uploads\/2026\/03\/Audiencia-Publica-Pinamar-2050-g.jpg\" alt=\"\" class=\"wp-image-143145\" srcset=\"https:\/\/www.elsindical.com.ar\/notas\/var\/www\/html\/notas\/wp-content\/uploads\/2026\/03\/Audiencia-Publica-Pinamar-2050-g.jpg 700w, https:\/\/www.elsindical.com.ar\/notas\/var\/www\/html\/notas\/wp-content\/uploads\/2026\/03\/Audiencia-Publica-Pinamar-2050-g-300x168.jpg 300w\" sizes=\"auto, (max-width: 700px) 100vw, 700px\" \/><\/a><\/figure>\n<\/div>\n\n\n<p>   A pesar de las muertes, accidentes con heridos graves, las irregularidades denunciadas y la corrupci\u00f3n, el intendente <strong>Juan Manuel Ibarguren<\/strong>, finge desconocer todo y avanza con el \u00fanico fin de acomodarse entre el poder econ\u00f3mico donde su esposa tiene una caja millonaria con su empresa de publicidad y marketing.<\/p>\n\n\n\n<p>Los vecinos tienen derecho a saber que <strong>Catalina Mielke<\/strong>, lleva a\u00f1os trabajando para empresarios locales y de Villa Gesell, promocionando negocios inmobiliarios, incluso cuando era funcionaria municipal y esas actividades constitu\u00edan un conflicto de intereses denominado incompatibilidad, llegando a usar recursos estatales para algunos de sus trabajos. Desde El Sindical, ya advertimos su v\u00ednculo con la principal empresaria en su cartera de clientes <strong>Silvia Rosana Melgarejo<\/strong>, presidente de <strong>Constructora del Bosque S.A<\/strong>.<\/p>\n\n\n\n<p>Tan lucrativo es el negocio inmobiliario en Pinamar, que ahora muchos de los vinculados al rubro se suman a la pol\u00edtica local ya no como financistas de campa\u00f1as o pol\u00edticos sino que son ellos los que ahora se van a sentar a negociar pero tomando decisiones, es decir, como no pasa nada con la corrupci\u00f3n y los negociados en los que participan los pol\u00edticos, para qu\u00e9 pagar, mejor ser partel<\/p>\n\n\n\n<p>As\u00ed no es una novedad que el municipio tenga un plan al que denomin\u00f3 Pinamar 2050 y pretenda venderle a los vecinos que sus negocios los van a beneficiar, nada m\u00e1s alejado de la realidad, como lo confirman los a\u00f1os de distintos intendentes que se hicieron millonarios con la gesti\u00f3n mientras los vecinos padecen esas consecuencias, como ser tener elevadas tasas municipales, el boleto de colectivos m\u00e1s caro del pa\u00eds, vivir desbordados de mierda y trabajo precario.<\/p>\n\n\n\n<p>Obvio que otros se han beneficiado y as\u00ed empresarios de dudoso patrimonio, se han enriquecido, algunos con impunidad como los que integran Pinamar S,A, irregularidades denunciadas en el predio La Herradura por medios locales.<\/p>\n\n\n\n<p>Entre tantas irregularidades solo hay una voz clara, la de Carina Zabala que reclama justicia por la muerte de su hijo y los corruptos poco inteligentes al resistirse solo quedan expuestos en sus nuevos negociados.<\/p>\n\n\n\n<h2 class=\"wp-block-heading\">Public\u00f3 Carina Zabala<\/h2>\n\n\n\n<p><strong>Mis palabras en la Audiencia P\u00fablica Pinamar 2050.<\/strong><\/p>\n\n\n\n<p>Un proyecto que naci\u00f3 en las sombras de los despachos oficiales, de la mano de funcionarios municipales y de algunos referentes del sector de la construcci\u00f3n y el \u00e1mbito inmobiliario.<\/p>\n\n\n\n<p>Un proyecto que no tiene en cuenta las reales necesidades de los pinamarenses pero si el negociado inmobiliario de unos pocos .<\/p>\n\n\n\n<p>Escuchar al subsecretario de Planeamiento justificar lo injustificable con afirmaciones falsas, como que la \u00fanica zona con edificios de m\u00e1s de 6 pisos es la avenida Bunge, y mostrando fotos de veredas nuevas frente a obras que yo misma denunci\u00e9 : fue indignante.<\/p>\n\n\n\n<p>No solo nos mienten en la cara:<\/p>\n\n\n\n<p>subestiman el poder de la ciudadan\u00eda.<\/p>\n\n\n\n<p>Pretenden ignorar el nivel de hartazgo de distintos sectores de la comunidad, como si la gente no viera, no supiera o no estuviera cansada de tanta impunidad.<\/p>\n\n\n\n<p>Hoy escuch\u00e9 a varios de los mismos que intentaron ignorar la muerte de mi hijo y que siguen avalando la negligencia empresarial que lastima y mata trabajadores de la construcci\u00f3n en Pinamar.<\/p>\n\n\n\n<p>Fui una de las \u00faltimas , pero vali\u00f3 la pena.<\/p>\n\n\n\n<p><a href=\"https:\/\/www.facebook.com\/watch\/hashtag\/justiciaporfausto\/?__cft__[0]=AZbYP22U1X7jpu9xBjqeCBE7FRRigBCBpwdzCk-1OZnOZTUlSJzH-hbnlNgq1vySFN6XGGXZeBXyMrbQDANVlh5vIta04caKGan0XiTMeLYxc2DnnbrlSV4pZA36Y1b6GRa7siK2s_ZtjNu5a70Lc4l8wyCqACRLocQdK2UGz_eF3dVOPdkM5GWSjWUqKTfvMzxXpNA02KVdo37C2IXmgGgc&amp;__tn__=*NK-R\">#JusticiaPorFausto<\/a><\/p>\n\n\n\n<p><a href=\"https:\/\/www.facebook.com\/watch\/hashtag\/ordenanzafausto\/?__cft__[0]=AZbYP22U1X7jpu9xBjqeCBE7FRRigBCBpwdzCk-1OZnOZTUlSJzH-hbnlNgq1vySFN6XGGXZeBXyMrbQDANVlh5vIta04caKGan0XiTMeLYxc2DnnbrlSV4pZA36Y1b6GRa7siK2s_ZtjNu5a70Lc4l8wyCqACRLocQdK2UGz_eF3dVOPdkM5GWSjWUqKTfvMzxXpNA02KVdo37C2IXmgGgc&amp;__tn__=*NK-R\">#OrdenanzaFausto<\/a><\/p>\n\n\n\n<p><a href=\"https:\/\/www.facebook.com\/watch\/hashtag\/seguridadobrasenconstruccion\/?__cft__[0]=AZbYP22U1X7jpu9xBjqeCBE7FRRigBCBpwdzCk-1OZnOZTUlSJzH-hbnlNgq1vySFN6XGGXZeBXyMrbQDANVlh5vIta04caKGan0XiTMeLYxc2DnnbrlSV4pZA36Y1b6GRa7siK2s_ZtjNu5a70Lc4l8wyCqACRLocQdK2UGz_eF3dVOPdkM5GWSjWUqKTfvMzxXpNA02KVdo37C2IXmgGgc&amp;__tn__=*NK-R\">#seguridadobrasenconstruccion<\/a><\/p>\n\n\n\n<figure class=\"wp-block-embed is-type-video is-provider-youtube wp-block-embed-youtube wp-embed-aspect-16-9 wp-has-aspect-ratio\"><div class=\"wp-block-embed__wrapper\">\n<iframe loading=\"lazy\" title=\"Palabras de Carina  Zabala en la Audiencia P\u00fablica Pinamar 2050\" width=\"700\" height=\"394\" src=\"https:\/\/www.youtube.com\/embed\/_dYErutIy1o?feature=oembed\" frameborder=\"0\" allow=\"accelerometer; autoplay; clipboard-write; encrypted-media; gyroscope; picture-in-picture; web-share\" referrerpolicy=\"strict-origin-when-cross-origin\" allowfullscreen><\/iframe>\n<\/div><\/figure>\n\n\n\n<h2 class=\"wp-block-heading\">Intendente Ibarguren ausente !<\/h2>\n\n\n\n<p>Fue un placer escuchar en la Audiencia a tantos ciudadanos informados y comprometidos que aman Pinamar exponiendo las distintas situaciones y necesidades desde distintos sectores.<\/p>\n\n\n\n<p>Tambi\u00e9n vi, como el subsecretario de planeamiento se tiraba contra el respaldo de la silla , con sus brazos cruzados, con un notable desagrado al no escuchar lo que quer\u00eda escuchar.<\/p>\n\n\n\n<p>Vio Falbo? As\u00ed nos sentimos los ciudadanos cuando uds. ignoran nuestros reclamos !<\/p>\n\n\n\n<p>Llamaron a Audiencia en mes de temporada alta y en horarios laborales intencionalmente para que no pudiera asistir el grueso de la poblaci\u00f3n, pero los que estamos jubilados, o pudieron pedir permiso en sus trabajos estuvimos presentes demostrando que no les ser\u00e1 f\u00e1cil vender este gran espejito de colores que es Pinamar 2050.<\/p>\n\n\n\n<p>Y que quede claro, que si el viernes fuimos muchos y hoy otros menos concurrimos, no es por apoyo a la gesti\u00f3n de los funcionarios , es por el rechazo a este proyecto.<\/p>\n\n\n\n<p>Y mientras estaba ah\u00ed escuchando a todos , no pod\u00eda dejar de pensar en los trabajadores de la construcci\u00f3n que estar\u00edan en las alturas poniendo en riesgo sus vidas, para que unos pocos se llenen los bolsillos.<\/p>\n\n\n\n<p><a href=\"https:\/\/www.facebook.com\/hashtag\/justiciaporfausto?__cft__[0]=AZZWSHJdgPwA51hxEPjyh9uRC5pUUOIo06CDFwZ3Inyh3TuBm32gsP_M3t5eOMTv3NyKOAyq5fL21oQRaJRyzl33c4qOSg1KZ_7HG-ZvXMUmV1Pym6mkCkDv9oP6QxO-kF99rdE7sEnN2PU31gvma52U&amp;__tn__=*NK-R\">#justiciaPorFausto<\/a><\/p>\n\n\n\n<p><a href=\"https:\/\/www.facebook.com\/hashtag\/ordenanzafausto?__cft__[0]=AZZWSHJdgPwA51hxEPjyh9uRC5pUUOIo06CDFwZ3Inyh3TuBm32gsP_M3t5eOMTv3NyKOAyq5fL21oQRaJRyzl33c4qOSg1KZ_7HG-ZvXMUmV1Pym6mkCkDv9oP6QxO-kF99rdE7sEnN2PU31gvma52U&amp;__tn__=*NK-R\">#ordenanzafausto<\/a><\/p>\n\n\n\n<p><a href=\"https:\/\/www.facebook.com\/hashtag\/seguridadobrasenconstruccion?__cft__[0]=AZZWSHJdgPwA51hxEPjyh9uRC5pUUOIo06CDFwZ3Inyh3TuBm32gsP_M3t5eOMTv3NyKOAyq5fL21oQRaJRyzl33c4qOSg1KZ_7HG-ZvXMUmV1Pym6mkCkDv9oP6QxO-kF99rdE7sEnN2PU31gvma52U&amp;__tn__=*NK-R\">#seguridadobrasenconstruccion<\/a><\/p>\n\n\n<div class=\"wp-block-image\">\n<figure class=\"aligncenter size-full\"><a href=\"https:\/\/www.elsindical.com.ar\/notas\/var\/www\/html\/notas\/wp-content\/uploads\/2026\/03\/funcionarios-Pinamar-monarquia.jpg\"><img loading=\"lazy\" decoding=\"async\" width=\"500\" height=\"559\" src=\"https:\/\/www.elsindical.com.ar\/notas\/var\/www\/html\/notas\/wp-content\/uploads\/2026\/03\/funcionarios-Pinamar-monarquia.jpg\" alt=\"\" class=\"wp-image-143144\" srcset=\"https:\/\/www.elsindical.com.ar\/notas\/var\/www\/html\/notas\/wp-content\/uploads\/2026\/03\/funcionarios-Pinamar-monarquia.jpg 500w, https:\/\/www.elsindical.com.ar\/notas\/var\/www\/html\/notas\/wp-content\/uploads\/2026\/03\/funcionarios-Pinamar-monarquia-268x300.jpg 268w\" sizes=\"auto, (max-width: 500px) 100vw, 500px\" \/><\/a><\/figure>\n<\/div>\n\n\n<h2 class=\"wp-block-heading\">La Negligencia y la impunidad intactas<\/h2>\n\n\n\n<p>A 30 meses de la muerte de Fausto, la misma negligencia en el mismo edificio.<\/p>\n\n\n\n<p>Hoy, durante el sirenazo, encontr\u00e9 a silleteros trabajando en altura sin los EPP que exige la ley: sin doble sistema de sujeci\u00f3n, sin anclaje certificado, con la cuerda pasada por la baranda y usando zapatillas en lugar de calzado reglamentario.<\/p>\n\n\n\n<p>Cuando se\u00f1al\u00e9 estas irregularidades, un hombre desde la terraza me grit\u00f3 \u201c\u00a1qu\u00e9 bolazo!\u201d y me pidi\u00f3 que apague la sirena porque \u201cpod\u00eda hacer caer a los obreros\u201d.<\/p>\n\n\n\n<p>No, se\u00f1or.<\/p>\n\n\n\n<p>La sirena no hace caer a nadie.<\/p>\n\n\n\n<p>Lo que pone vidas en riesgo es la negligencia.<\/p>\n\n\n\n<p>La falta de fiscalizaci\u00f3n del estado municipal y la justicia que les hace de paraguas protector a pesar de incumplir con sus deberes. Todos responsables!<\/p>\n\n\n\n<p><a href=\"https:\/\/www.facebook.com\/watch\/hashtag\/justiciaporfausto\/?__cft__[0]=AZZAQ0JyHjjS_o6TWdubsC0aFg6uQqTOsNDeAEfzGAAGMLNh4HjS1BM343o4if24SzSktlhJLfYi5mH_s5hHQJzScaYskKG7NZEsi7Dy9IcYnZZJIZWX_FIlu6Vlvd3SWoZ9JDcIAtOEBYqdAMmx5iFdcMzALB0naJhLlpj2rV0VUu6akm6BWV6uH2Llc0ecqTj5UYz4XHPzFnMo4rAcyTTA&amp;__tn__=*NK-R\">#justiciaporfausto<\/a><\/p>\n\n\n\n<p><a href=\"https:\/\/www.facebook.com\/watch\/hashtag\/ordenanzafausto\/?__cft__[0]=AZZAQ0JyHjjS_o6TWdubsC0aFg6uQqTOsNDeAEfzGAAGMLNh4HjS1BM343o4if24SzSktlhJLfYi5mH_s5hHQJzScaYskKG7NZEsi7Dy9IcYnZZJIZWX_FIlu6Vlvd3SWoZ9JDcIAtOEBYqdAMmx5iFdcMzALB0naJhLlpj2rV0VUu6akm6BWV6uH2Llc0ecqTj5UYz4XHPzFnMo4rAcyTTA&amp;__tn__=*NK-R\">#ordenanzafausto<\/a><\/p>\n\n\n\n<p><a href=\"https:\/\/www.facebook.com\/watch\/hashtag\/seguridadobrasenconstruccion\/?__cft__[0]=AZZAQ0JyHjjS_o6TWdubsC0aFg6uQqTOsNDeAEfzGAAGMLNh4HjS1BM343o4if24SzSktlhJLfYi5mH_s5hHQJzScaYskKG7NZEsi7Dy9IcYnZZJIZWX_FIlu6Vlvd3SWoZ9JDcIAtOEBYqdAMmx5iFdcMzALB0naJhLlpj2rV0VUu6akm6BWV6uH2Llc0ecqTj5UYz4XHPzFnMo4rAcyTTA&amp;__tn__=*NK-R\">#seguridadobrasenconstruccion<\/a><\/p>\n\n\n\n<figure class=\"wp-block-embed is-type-video is-provider-youtube wp-block-embed-youtube wp-embed-aspect-16-9 wp-has-aspect-ratio\"><div class=\"wp-block-embed__wrapper\">\n<iframe loading=\"lazy\" title=\"Sirenazo contra la impunidad Positive Tower 3 &amp; 4\" width=\"700\" height=\"394\" src=\"https:\/\/www.youtube.com\/embed\/3zNu2R8BAlg?feature=oembed\" frameborder=\"0\" allow=\"accelerometer; autoplay; clipboard-write; encrypted-media; gyroscope; picture-in-picture; web-share\" referrerpolicy=\"strict-origin-when-cross-origin\" allowfullscreen><\/iframe>\n<\/div><\/figure>\n\n\n\n<p>Por Marcelo Ricardo Hawrylciw<\/p>\n","protected":false},"excerpt":{"rendered":"<p>A pesar de las muertes, accidentes con heridos graves, las irregularidades denunciadas y la corrupci\u00f3n, el intendente Juan Manuel Ibarguren, finge desconocer todo y avanza con el \u00fanico fin de acomodarse entre el poder econ\u00f3mico donde su esposa tiene una caja millonaria con su empresa de publicidad y marketing. Los vecinos tienen derecho a saber&hellip;<\/p>\n","protected":false},"author":1,"featured_media":143145,"comment_status":"open","ping_status":"open","sticky":false,"template":"","format":"standard","meta":{"footnotes":""},"categories":[10],"tags":[46428,46635,1451,2450,46167,15001,44736,44667,44811,23966,24456,1516,46817,45051,46634],"class_list":["post-143143","post","type-post","status-publish","format-standard","has-post-thumbnail","hentry","category-editorial","tag-catalina-mielke","tag-constructora-del-bosque-sa","tag-corrupcion","tag-diario-el-sindical","tag-fiscal-general-diego-escoda","tag-fiscal-juan-pablo-calderon","tag-gustavo-gabriel-mari","tag-ivan-renkine","tag-juan-manuel-ibarguren","tag-martin-yeza","tag-negocios-inmobiliarios","tag-pinamar","tag-pinamar-2050","tag-pinamar-s-a","tag-silvia-rosana-melgarejo"],"_links":{"self":[{"href":"https:\/\/www.elsindical.com.ar\/notas\/wp-json\/wp\/v2\/posts\/143143","targetHints":{"allow":["GET"]}}],"collection":[{"href":"https:\/\/www.elsindical.com.ar\/notas\/wp-json\/wp\/v2\/posts"}],"about":[{"href":"https:\/\/www.elsindical.com.ar\/notas\/wp-json\/wp\/v2\/types\/post"}],"author":[{"embeddable":true,"href":"https:\/\/www.elsindical.com.ar\/notas\/wp-json\/wp\/v2\/users\/1"}],"replies":[{"embeddable":true,"href":"https:\/\/www.elsindical.com.ar\/notas\/wp-json\/wp\/v2\/comments?post=143143"}],"version-history":[{"count":3,"href":"https:\/\/www.elsindical.com.ar\/notas\/wp-json\/wp\/v2\/posts\/143143\/revisions"}],"predecessor-version":[{"id":143148,"href":"https:\/\/www.elsindical.com.ar\/notas\/wp-json\/wp\/v2\/posts\/143143\/revisions\/143148"}],"wp:featuredmedia":[{"embeddable":true,"href":"https:\/\/www.elsindical.com.ar\/notas\/wp-json\/wp\/v2\/media\/143145"}],"wp:attachment":[{"href":"https:\/\/www.elsindical.com.ar\/notas\/wp-json\/wp\/v2\/media?parent=143143"}],"wp:term":[{"taxonomy":"category","embeddable":true,"href":"https:\/\/www.elsindical.com.ar\/notas\/wp-json\/wp\/v2\/categories?post=143143"},{"taxonomy":"post_tag","embeddable":true,"href":"https:\/\/www.elsindical.com.ar\/notas\/wp-json\/wp\/v2\/tags?post=143143"}],"curies":[{"name":"wp","href":"https:\/\/api.w.org\/{rel}","templated":true}]}}