{"id":143140,"date":"2026-03-01T20:32:24","date_gmt":"2026-03-01T23:32:24","guid":{"rendered":"https:\/\/www.elsindical.com.ar\/notas\/?p=143140"},"modified":"2026-03-01T20:32:30","modified_gmt":"2026-03-01T23:32:30","slug":"goya-2026-belen-de-dolores-fonzi-gano-como-mejor-pelicula-iberoamericana-y-dejo-un-fuerte-mensaje-politico","status":"publish","type":"post","link":"https:\/\/www.elsindical.com.ar\/notas\/goya-2026-belen-de-dolores-fonzi-gano-como-mejor-pelicula-iberoamericana-y-dejo-un-fuerte-mensaje-politico\/","title":{"rendered":"Goya 2026: \u201cBel\u00e9n\u201d, de Dolores Fonzi, gan\u00f3 como Mejor Pel\u00edcula Iberoamericana y dej\u00f3 un fuerte mensaje pol\u00edtico"},"content":{"rendered":"<div class=\"wp-block-image\">\n<figure class=\"aligncenter size-large\"><a href=\"https:\/\/www.elsindical.com.ar\/notas\/var\/www\/html\/notas\/wp-content\/uploads\/2026\/03\/Folores-Fonzi-premios-Goya-2026.jpg\"><img loading=\"lazy\" decoding=\"async\" width=\"683\" height=\"1024\" src=\"https:\/\/www.elsindical.com.ar\/notas\/var\/www\/html\/notas\/wp-content\/uploads\/2026\/03\/Folores-Fonzi-premios-Goya-2026-683x1024.jpg\" alt=\"\" class=\"wp-image-143141\" srcset=\"https:\/\/www.elsindical.com.ar\/notas\/var\/www\/html\/notas\/wp-content\/uploads\/2026\/03\/Folores-Fonzi-premios-Goya-2026-683x1024.jpg 683w, https:\/\/www.elsindical.com.ar\/notas\/var\/www\/html\/notas\/wp-content\/uploads\/2026\/03\/Folores-Fonzi-premios-Goya-2026-200x300.jpg 200w, https:\/\/www.elsindical.com.ar\/notas\/var\/www\/html\/notas\/wp-content\/uploads\/2026\/03\/Folores-Fonzi-premios-Goya-2026-768x1152.jpg 768w, https:\/\/www.elsindical.com.ar\/notas\/var\/www\/html\/notas\/wp-content\/uploads\/2026\/03\/Folores-Fonzi-premios-Goya-2026-1024x1536.jpg 1024w, https:\/\/www.elsindical.com.ar\/notas\/var\/www\/html\/notas\/wp-content\/uploads\/2026\/03\/Folores-Fonzi-premios-Goya-2026.jpg 1365w\" sizes=\"auto, (max-width: 683px) 100vw, 683px\" \/><\/a><\/figure>\n<\/div>\n\n\n<p>La actriz y directora apunt\u00f3 contra la \u201cultraderecha\u201d y cuestion\u00f3 decisiones del actual gobierno argentino durante la ceremonia de los Premios Goya.<\/p>\n\n\n\n<p>La pel\u00edcula \u201c<strong>Bel\u00e9n<\/strong>\u201d, dirigida y protagonizada por Dolores Fonzi, gan\u00f3 <strong>el Goya 2026 a Mejor Pel\u00edcula Iberoamericana <\/strong>en una gala celebrada en Barcelona y su discurso gener\u00f3 repercusiones pol\u00edticas. La actriz y directora apunt\u00f3 contra la \u201cultraderecha\u201d y cuestion\u00f3 decisiones del actual gobierno argentino durante la ceremonia de los Premios Goya.<\/p>\n\n\n\n<p>La consagraci\u00f3n de \u201c<strong>Bel\u00e9n<\/strong>\u201d en los Goya 2026 consolid\u00f3 al film argentino en el escenario internacional. La historia est\u00e1 basada en el caso real de una joven tucumana condenada a ocho a\u00f1os de prisi\u00f3n por un aborto espont\u00e1neo en 2016, cuando la interrupci\u00f3n voluntaria del embarazo a\u00fan no era legal en Argentina. La producci\u00f3n ya hab\u00eda sido destacada en el Festival de San Sebasti\u00e1n y obtuvo el Premio Forqu\u00e9.<\/p>\n\n\n\n<p>Al recibir el galard\u00f3n, Fonzi brind\u00f3 un discurso con definiciones pol\u00edticas que r\u00e1pidamente se viralizaron. \u201cLa ultraderecha vino a destruirlo todo. Yo vengo del futuro, de un pa\u00eds donde el Presidente incluso puso en venta el agua\u201d, expres\u00f3 desde el escenario, en una referencia directa a la coyuntura nacional. Sus palabras marcaron uno de los momentos m\u00e1s comentados de la noche.<\/p>\n\n\n\n<p>Adem\u00e1s, la actriz hizo menci\u00f3n al conflicto en Gaza, a la situaci\u00f3n de los migrantes en Estados Unidos y a los reclamos de las mujeres en Ir\u00e1n. \u201cEsa pel\u00edcula de terror no somos nosotros, no somos la humanidad\u201d, afirm\u00f3. Tras el Goya 2026, Fonzi adelant\u00f3 que presentar\u00e1 la pel\u00edcula ante la ONU en el marco del D\u00eda Internacional de la Mujer, reforzando el impacto pol\u00edtico y social que busca generar la obra.<\/p>\n","protected":false},"excerpt":{"rendered":"<p>La actriz y directora apunt\u00f3 contra la \u201cultraderecha\u201d y cuestion\u00f3 decisiones del actual gobierno argentino durante la ceremonia de los Premios Goya. La pel\u00edcula \u201cBel\u00e9n\u201d, dirigida y protagonizada por Dolores Fonzi, gan\u00f3 el Goya 2026 a Mejor Pel\u00edcula Iberoamericana en una gala celebrada en Barcelona y su discurso gener\u00f3 repercusiones pol\u00edticas. La actriz y directora&hellip;<\/p>\n","protected":false},"author":1,"featured_media":143141,"comment_status":"open","ping_status":"open","sticky":false,"template":"","format":"standard","meta":{"footnotes":""},"categories":[15],"tags":[25214,2450,37894,46862],"class_list":["post-143140","post","type-post","status-publish","format-standard","has-post-thumbnail","hentry","category-espectaculos","tag-belen","tag-diario-el-sindical","tag-dolores-fonzi","tag-premios-goya-2026"],"_links":{"self":[{"href":"https:\/\/www.elsindical.com.ar\/notas\/wp-json\/wp\/v2\/posts\/143140","targetHints":{"allow":["GET"]}}],"collection":[{"href":"https:\/\/www.elsindical.com.ar\/notas\/wp-json\/wp\/v2\/posts"}],"about":[{"href":"https:\/\/www.elsindical.com.ar\/notas\/wp-json\/wp\/v2\/types\/post"}],"author":[{"embeddable":true,"href":"https:\/\/www.elsindical.com.ar\/notas\/wp-json\/wp\/v2\/users\/1"}],"replies":[{"embeddable":true,"href":"https:\/\/www.elsindical.com.ar\/notas\/wp-json\/wp\/v2\/comments?post=143140"}],"version-history":[{"count":1,"href":"https:\/\/www.elsindical.com.ar\/notas\/wp-json\/wp\/v2\/posts\/143140\/revisions"}],"predecessor-version":[{"id":143142,"href":"https:\/\/www.elsindical.com.ar\/notas\/wp-json\/wp\/v2\/posts\/143140\/revisions\/143142"}],"wp:featuredmedia":[{"embeddable":true,"href":"https:\/\/www.elsindical.com.ar\/notas\/wp-json\/wp\/v2\/media\/143141"}],"wp:attachment":[{"href":"https:\/\/www.elsindical.com.ar\/notas\/wp-json\/wp\/v2\/media?parent=143140"}],"wp:term":[{"taxonomy":"category","embeddable":true,"href":"https:\/\/www.elsindical.com.ar\/notas\/wp-json\/wp\/v2\/categories?post=143140"},{"taxonomy":"post_tag","embeddable":true,"href":"https:\/\/www.elsindical.com.ar\/notas\/wp-json\/wp\/v2\/tags?post=143140"}],"curies":[{"name":"wp","href":"https:\/\/api.w.org\/{rel}","templated":true}]}}