{"id":143122,"date":"2026-02-28T12:14:15","date_gmt":"2026-02-28T15:14:15","guid":{"rendered":"https:\/\/www.elsindical.com.ar\/notas\/?p=143122"},"modified":"2026-02-28T12:14:20","modified_gmt":"2026-02-28T15:14:20","slug":"cierra-una-distribuidora-historica-y-300-familias-quedan-en-la-incertidumbre","status":"publish","type":"post","link":"https:\/\/www.elsindical.com.ar\/notas\/cierra-una-distribuidora-historica-y-300-familias-quedan-en-la-incertidumbre\/","title":{"rendered":"Cierra una distribuidora hist\u00f3rica y 300 familias quedan en la incertidumbre"},"content":{"rendered":"\n<figure class=\"wp-block-image size-full\"><a href=\"https:\/\/www.elsindical.com.ar\/notas\/var\/www\/html\/notas\/wp-content\/uploads\/2026\/02\/Beer-Market.jpg\"><img loading=\"lazy\" decoding=\"async\" width=\"872\" height=\"433\" src=\"https:\/\/www.elsindical.com.ar\/notas\/var\/www\/html\/notas\/wp-content\/uploads\/2026\/02\/Beer-Market.jpg\" alt=\"\" class=\"wp-image-143123\" srcset=\"https:\/\/www.elsindical.com.ar\/notas\/var\/www\/html\/notas\/wp-content\/uploads\/2026\/02\/Beer-Market.jpg 872w, https:\/\/www.elsindical.com.ar\/notas\/var\/www\/html\/notas\/wp-content\/uploads\/2026\/02\/Beer-Market-300x149.jpg 300w, https:\/\/www.elsindical.com.ar\/notas\/var\/www\/html\/notas\/wp-content\/uploads\/2026\/02\/Beer-Market-768x381.jpg 768w\" sizes=\"auto, (max-width: 872px) 100vw, 872px\" \/><\/a><\/figure>\n\n\n\n<p>Seg\u00fan trabajadores del \u00e1rea log\u00edstica, la empresa ven\u00eda arrastrando problemas desde mediados del a\u00f1o pasado, cuando la baja en ventas comenz\u00f3 a sentirse con fuerza.<\/p>\n\n\n\n<p>La crisis econ\u00f3mica vuelve a golpear al sector de bebidas en Argentina con el cierre de <strong>Beer Market<\/strong>, una hist\u00f3rica distribuidora que empleaba a unas 300 personas. La decisi\u00f3n, confirmada por fuentes internas y referentes sindicales, se produjo en un contexto de ca\u00edda del consumo, aumento de costos operativos y dificultades financieras que se profundizaron durante los \u00faltimos meses.<\/p>\n\n\n\n<p>Seg\u00fan trabajadores del \u00e1rea log\u00edstica, la empresa<strong> ven\u00eda arrastrando problemas desde mediados del a\u00f1o pasado<\/strong>, cuando la baja en ventas comenz\u00f3 a sentirse con fuerza. A esto se sumaron incrementos en combustibles, alquileres de dep\u00f3sitos y tarifas energ\u00e9ticas, que afectaron de manera directa la estructura de costos. Aunque la compa\u00f1\u00eda hab\u00eda intentado renegociar contratos y reorganizar rutas de reparto, los esfuerzos no fueron suficientes para sostener la operatoria.<\/p>\n\n\n\n<h2 class=\"wp-block-heading\">Crisis en el sector<\/h2>\n\n\n\n<p>El \u00faltimo mes encendi\u00f3 todas las alarmas: retrasos en pagos, suspensiones y recortes de turnos presagiaban un desenlace anunciado. Finalmente, la firma comunic\u00f3 el cierre de manera interna y dio inicio al proceso de desvinculaciones. Los empleados denunciaron que <strong>muchos se enteraron por mensajes informales<\/strong> y que no todos recibieron la informaci\u00f3n completa sobre c\u00f3mo se efectuar\u00e1 el pago de indemnizaciones.<\/p>\n\n\n\n<p><strong>El impacto social es profundo.<\/strong> Muchos trabajadores tienen m\u00e1s de una d\u00e9cada de antig\u00fcedad y se\u00f1alan que la distribuidora era la principal fuente de empleo formal en sus hogares. \u201cHace cuatro meses empezaron a cerrar tiendas que no ten\u00edan tantas ventas con la excusa de que era por el alquiler y que no iban a renovar. Pero no pens\u00e1bamos que estaban tan mal\u201d, asegur\u00f3 en Radio 750 una de las empleadas, Paloma Andrada.<\/p>\n\n\n\n<p>Los gremios del<strong> sector reclamaron la intervenci\u00f3n de autoridades<\/strong> laborales para garantizar el cumplimiento de las indemnizaciones y la apertura de una mesa de di\u00e1logo. Tambi\u00e9n se\u00f1alaron que este caso refleja un problema m\u00e1s amplio en la industria: el consumo de bebidas viene cayendo mes a mes y las peque\u00f1as y medianas distribuidoras son las primeras en sentir el impacto. El encarecimiento de insumos, el descenso en la demanda y la p\u00e9rdida del poder adquisitivo configuran un escenario complejo que amenaza a toda la cadena.<\/p>\n\n\n\n<p>La noticia tambi\u00e9n afecta a bares, almacenes y supermercados que depend\u00edan de esta empresa como proveedor principal. Comerciantes advirtieron que deber\u00e1n reorganizar de urgencia sus fuentes de abastecimiento, lo que podr\u00eda generar retrasos y aumentos de precios en algunas zonas.<\/p>\n\n\n\n<p>Mientras tanto, <strong>los trabajadores se movilizan <\/strong>para visibilizar la situaci\u00f3n y exigir acompa\u00f1amiento estatal. Entre los reclamos figuran la aceleraci\u00f3n de los tr\u00e1mites para acceder al seguro de desempleo y la implementaci\u00f3n de programas de reubicaci\u00f3n laboral.<\/p>\n\n\n\n<p>El cierre de esta distribuidora se suma a una<strong> serie de casos recientes en diferentes rubros<\/strong>, lo que profundiza una tendencia preocupante. Aunque la empresa no descarta la posibilidad de una futura reestructuraci\u00f3n o venta, por ahora la incertidumbre domina el panorama. Para cientos de familias, el desaf\u00edo inmediato ser\u00e1 atravesar este abrupto cambio y encontrar nuevas alternativas en una econom\u00eda cada vez m\u00e1s exigente.<\/p>\n","protected":false},"excerpt":{"rendered":"<p>Seg\u00fan trabajadores del \u00e1rea log\u00edstica, la empresa ven\u00eda arrastrando problemas desde mediados del a\u00f1o pasado, cuando la baja en ventas comenz\u00f3 a sentirse con fuerza. La crisis econ\u00f3mica vuelve a golpear al sector de bebidas en Argentina con el cierre de Beer Market, una hist\u00f3rica distribuidora que empleaba a unas 300 personas. La decisi\u00f3n, confirmada&hellip;<\/p>\n","protected":false},"author":1,"featured_media":143123,"comment_status":"open","ping_status":"open","sticky":false,"template":"","format":"standard","meta":{"footnotes":""},"categories":[28],"tags":[488,46856,2258,2450,7309],"class_list":["post-143122","post","type-post","status-publish","format-standard","has-post-thumbnail","hentry","category-empresariales","tag-bebidas","tag-beer-market","tag-cierre","tag-diario-el-sindical","tag-distribuidora"],"_links":{"self":[{"href":"https:\/\/www.elsindical.com.ar\/notas\/wp-json\/wp\/v2\/posts\/143122","targetHints":{"allow":["GET"]}}],"collection":[{"href":"https:\/\/www.elsindical.com.ar\/notas\/wp-json\/wp\/v2\/posts"}],"about":[{"href":"https:\/\/www.elsindical.com.ar\/notas\/wp-json\/wp\/v2\/types\/post"}],"author":[{"embeddable":true,"href":"https:\/\/www.elsindical.com.ar\/notas\/wp-json\/wp\/v2\/users\/1"}],"replies":[{"embeddable":true,"href":"https:\/\/www.elsindical.com.ar\/notas\/wp-json\/wp\/v2\/comments?post=143122"}],"version-history":[{"count":1,"href":"https:\/\/www.elsindical.com.ar\/notas\/wp-json\/wp\/v2\/posts\/143122\/revisions"}],"predecessor-version":[{"id":143124,"href":"https:\/\/www.elsindical.com.ar\/notas\/wp-json\/wp\/v2\/posts\/143122\/revisions\/143124"}],"wp:featuredmedia":[{"embeddable":true,"href":"https:\/\/www.elsindical.com.ar\/notas\/wp-json\/wp\/v2\/media\/143123"}],"wp:attachment":[{"href":"https:\/\/www.elsindical.com.ar\/notas\/wp-json\/wp\/v2\/media?parent=143122"}],"wp:term":[{"taxonomy":"category","embeddable":true,"href":"https:\/\/www.elsindical.com.ar\/notas\/wp-json\/wp\/v2\/categories?post=143122"},{"taxonomy":"post_tag","embeddable":true,"href":"https:\/\/www.elsindical.com.ar\/notas\/wp-json\/wp\/v2\/tags?post=143122"}],"curies":[{"name":"wp","href":"https:\/\/api.w.org\/{rel}","templated":true}]}}