{"id":143108,"date":"2026-02-27T14:04:42","date_gmt":"2026-02-27T17:04:42","guid":{"rendered":"https:\/\/www.elsindical.com.ar\/notas\/?p=143108"},"modified":"2026-02-27T14:04:48","modified_gmt":"2026-02-27T17:04:48","slug":"escandalo-sindical-en-campana-denuncian-que-la-lista-naranja-freno-elecciones-en-maro","status":"publish","type":"post","link":"https:\/\/www.elsindical.com.ar\/notas\/escandalo-sindical-en-campana-denuncian-que-la-lista-naranja-freno-elecciones-en-maro\/","title":{"rendered":"Esc\u00e1ndalo sindical en Campana: denuncian que la Lista Naranja fren\u00f3 elecciones en Maro"},"content":{"rendered":"<div class=\"wp-block-image\">\n<figure class=\"aligncenter size-large\"><a href=\"https:\/\/www.elsindical.com.ar\/notas\/var\/www\/html\/notas\/wp-content\/uploads\/2026\/02\/LOS-APRIETES-DE-LA-LISTA-NARANJA-EN-INDUSTRIAS-MARO.jpeg\"><img loading=\"lazy\" decoding=\"async\" width=\"1024\" height=\"571\" src=\"https:\/\/www.elsindical.com.ar\/notas\/var\/www\/html\/notas\/wp-content\/uploads\/2026\/02\/LOS-APRIETES-DE-LA-LISTA-NARANJA-EN-INDUSTRIAS-MARO-1024x571.jpeg\" alt=\"\" class=\"wp-image-143109\" srcset=\"https:\/\/www.elsindical.com.ar\/notas\/var\/www\/html\/notas\/wp-content\/uploads\/2026\/02\/LOS-APRIETES-DE-LA-LISTA-NARANJA-EN-INDUSTRIAS-MARO-1024x571.jpeg 1024w, https:\/\/www.elsindical.com.ar\/notas\/var\/www\/html\/notas\/wp-content\/uploads\/2026\/02\/LOS-APRIETES-DE-LA-LISTA-NARANJA-EN-INDUSTRIAS-MARO-300x167.jpeg 300w, https:\/\/www.elsindical.com.ar\/notas\/var\/www\/html\/notas\/wp-content\/uploads\/2026\/02\/LOS-APRIETES-DE-LA-LISTA-NARANJA-EN-INDUSTRIAS-MARO-768x428.jpeg 768w, https:\/\/www.elsindical.com.ar\/notas\/var\/www\/html\/notas\/wp-content\/uploads\/2026\/02\/LOS-APRIETES-DE-LA-LISTA-NARANJA-EN-INDUSTRIAS-MARO.jpeg 1080w\" sizes=\"auto, (max-width: 1024px) 100vw, 1024px\" \/><\/a><\/figure>\n<\/div>\n\n\n<p><em>Graves denuncias complican a<strong> \u00c1ngel Derosso de la Lista Naranja de la UOM<\/strong> por v\u00ednculos con homicidas y amenazas con el respaldo de la Municipalidad de Campana para evitar elecciones gremiales en Metal\u00fargicas Maro.<\/em><\/p>\n\n\n\n<p>Seg\u00fan testimonios y registros presentados ante la justicia, el acto electoral para elegir delegados en Industrias Maro fue violentamente interrumpido. El funcionario del <strong>Municipio de Campana Pablo Churruar\u00edn<\/strong>, que responde directamente a la <strong>Lista Naranja de \u00c1ngel Derosso <\/strong>fue captado por el video de seguridad atacando a las autoridades de la junta electoral y destruyendo la urna y los elementos de votaci\u00f3n.<\/p>\n\n\n\n<p>La gravedad del hecho no es s\u00f3lo sindical, sino pol\u00edtica: <strong>Pablo Churruar\u00edn es funcionario municipal <\/strong>del intendente Sebasti\u00e1n Abella y militante de la agrupaci\u00f3n \u00abMelo\u00bb, liderada por Javier Contreras (cu\u00f1ado del intendente). Seg\u00fan la denuncia, por pedido de <strong>\u00c1ngel Derosso al Municipio de Campana<\/strong>, el funcionario abandon\u00f3 su trabajo para producir un ataque en la f\u00e1brica con el objetivo de frenar las elecciones.<\/p>\n\n\n\n<figure class=\"wp-block-gallery has-nested-images columns-default is-cropped wp-block-gallery-1 is-layout-flex wp-block-gallery-is-layout-flex\">\n<figure class=\"wp-block-image size-large\"><a href=\"https:\/\/www.elsindical.com.ar\/notas\/var\/www\/html\/notas\/wp-content\/uploads\/2026\/02\/ANGEL-DEROSSO-HOMBRE-QUIEN-COORDINA-LAS-ACCIONES.jpeg\"><img loading=\"lazy\" decoding=\"async\" width=\"423\" height=\"472\" data-id=\"143110\" src=\"https:\/\/www.elsindical.com.ar\/notas\/var\/www\/html\/notas\/wp-content\/uploads\/2026\/02\/ANGEL-DEROSSO-HOMBRE-QUIEN-COORDINA-LAS-ACCIONES.jpeg\" alt=\"\" class=\"wp-image-143110\" srcset=\"https:\/\/www.elsindical.com.ar\/notas\/var\/www\/html\/notas\/wp-content\/uploads\/2026\/02\/ANGEL-DEROSSO-HOMBRE-QUIEN-COORDINA-LAS-ACCIONES.jpeg 423w, https:\/\/www.elsindical.com.ar\/notas\/var\/www\/html\/notas\/wp-content\/uploads\/2026\/02\/ANGEL-DEROSSO-HOMBRE-QUIEN-COORDINA-LAS-ACCIONES-269x300.jpeg 269w\" sizes=\"auto, (max-width: 423px) 100vw, 423px\" \/><\/a><\/figure>\n\n\n\n<figure class=\"wp-block-image size-large\"><a href=\"https:\/\/www.elsindical.com.ar\/notas\/var\/www\/html\/notas\/wp-content\/uploads\/2026\/02\/FUNCIONARIO-MUNICIPAL-PABLO-CHURRUARIN-COMPLICADO-POR-SER-MIEMBRO-DE-LA-LISTA-NARANJA.jpeg\"><img loading=\"lazy\" decoding=\"async\" width=\"714\" height=\"714\" data-id=\"143111\" src=\"https:\/\/www.elsindical.com.ar\/notas\/var\/www\/html\/notas\/wp-content\/uploads\/2026\/02\/FUNCIONARIO-MUNICIPAL-PABLO-CHURRUARIN-COMPLICADO-POR-SER-MIEMBRO-DE-LA-LISTA-NARANJA.jpeg\" alt=\"\" class=\"wp-image-143111\" srcset=\"https:\/\/www.elsindical.com.ar\/notas\/var\/www\/html\/notas\/wp-content\/uploads\/2026\/02\/FUNCIONARIO-MUNICIPAL-PABLO-CHURRUARIN-COMPLICADO-POR-SER-MIEMBRO-DE-LA-LISTA-NARANJA.jpeg 714w, https:\/\/www.elsindical.com.ar\/notas\/var\/www\/html\/notas\/wp-content\/uploads\/2026\/02\/FUNCIONARIO-MUNICIPAL-PABLO-CHURRUARIN-COMPLICADO-POR-SER-MIEMBRO-DE-LA-LISTA-NARANJA-300x300.jpeg 300w, https:\/\/www.elsindical.com.ar\/notas\/var\/www\/html\/notas\/wp-content\/uploads\/2026\/02\/FUNCIONARIO-MUNICIPAL-PABLO-CHURRUARIN-COMPLICADO-POR-SER-MIEMBRO-DE-LA-LISTA-NARANJA-150x150.jpeg 150w, https:\/\/www.elsindical.com.ar\/notas\/var\/www\/html\/notas\/wp-content\/uploads\/2026\/02\/FUNCIONARIO-MUNICIPAL-PABLO-CHURRUARIN-COMPLICADO-POR-SER-MIEMBRO-DE-LA-LISTA-NARANJA-50x50.jpeg 50w\" sizes=\"auto, (max-width: 714px) 100vw, 714px\" \/><\/a><\/figure>\n<\/figure>\n\n\n\n<p><strong>Un pacto oscuro entre La Lista Naranja de \u00c1ngel Derosso y el Municipio de Campana<\/strong><\/p>\n\n\n\n<p>Este ataque en la empresa MARO se suma a la irrupci\u00f3n violenta ocurrida hace semanas en la sede del sindicato. En aquella ocasi\u00f3n, un grupo de hombres golpe\u00f3 puertas y paredes para amedrentar a los presentes mientras se presentaba<strong> la Lista Naranja.<\/strong><\/p>\n\n\n\n<p>Tras el an\u00e1lisis de videos e im\u00e1genes registrados en la puerta de MARO, se identific\u00f3 que muchos de los integrantes de este grupo no son trabajadores metal\u00fargicos ni afiliados.<\/p>\n\n\n\n<p>Entre ellos se destaca la presencia de <strong>Sandro \u00abFurio\u00bb Monz\u00f3n<\/strong>, un hombre con un frondoso prontuario: en 2016 fue sentenciado a 17 a\u00f1os de prisi\u00f3n por el asesinato del comerciante <strong>Juli\u00e1n Esteban Moreira<\/strong>. Actualmente gozar\u00eda del beneficio de libertad condicional, el cual habr\u00eda utilizado para participar activamente en estos actos de coacci\u00f3n sindical.<\/p>\n\n\n<div class=\"wp-block-image\">\n<figure class=\"aligncenter size-full\"><a href=\"https:\/\/www.elsindical.com.ar\/notas\/var\/www\/html\/notas\/wp-content\/uploads\/2026\/02\/SANDRO-MONZON-CONDENADO-POR-HOMICIDIO-MIEMBRO-DE-LA-LISTA-NARANJA-QUE-PARTICIPO-PARA-IMPEDIR-LA-ELECCION-EN-INDUSTRIA-MARO.jpeg\"><img loading=\"lazy\" decoding=\"async\" width=\"658\" height=\"400\" src=\"https:\/\/www.elsindical.com.ar\/notas\/var\/www\/html\/notas\/wp-content\/uploads\/2026\/02\/SANDRO-MONZON-CONDENADO-POR-HOMICIDIO-MIEMBRO-DE-LA-LISTA-NARANJA-QUE-PARTICIPO-PARA-IMPEDIR-LA-ELECCION-EN-INDUSTRIA-MARO.jpeg\" alt=\"\" class=\"wp-image-143112\" srcset=\"https:\/\/www.elsindical.com.ar\/notas\/var\/www\/html\/notas\/wp-content\/uploads\/2026\/02\/SANDRO-MONZON-CONDENADO-POR-HOMICIDIO-MIEMBRO-DE-LA-LISTA-NARANJA-QUE-PARTICIPO-PARA-IMPEDIR-LA-ELECCION-EN-INDUSTRIA-MARO.jpeg 658w, https:\/\/www.elsindical.com.ar\/notas\/var\/www\/html\/notas\/wp-content\/uploads\/2026\/02\/SANDRO-MONZON-CONDENADO-POR-HOMICIDIO-MIEMBRO-DE-LA-LISTA-NARANJA-QUE-PARTICIPO-PARA-IMPEDIR-LA-ELECCION-EN-INDUSTRIA-MARO-300x182.jpeg 300w\" sizes=\"auto, (max-width: 658px) 100vw, 658px\" \/><\/a><\/figure>\n<\/div>\n\n\n<p>Los trabajadores de MARO han manifestado su absoluto repudio a estos m\u00e9todos, se\u00f1alando que la presencia de \u00abbarrabravas\u00bb y fuerzas de choque externas vulnera la democracia sindical y la seguridad de los operarios.<\/p>\n\n\n\n<p>La justicia deber\u00e1 ahora determinar las responsabilidades penales de los identificados y evaluar el rol del <strong>municipio de Campana<\/strong> en la log\u00edstica de estos grupos que, bajo el sello de la<strong> Lista Naranja,<\/strong> buscan disputar el poder dentro del sindicato.<\/p>\n\n\n\n<p><\/p>\n","protected":false},"excerpt":{"rendered":"<p>Graves denuncias complican a \u00c1ngel Derosso de la Lista Naranja de la UOM por v\u00ednculos con homicidas y amenazas con el respaldo de la Municipalidad de Campana para evitar elecciones gremiales en Metal\u00fargicas Maro. Seg\u00fan testimonios y registros presentados ante la justicia, el acto electoral para elegir delegados en Industrias Maro fue violentamente interrumpido. El&hellip;<\/p>\n","protected":false},"author":1,"featured_media":143109,"comment_status":"open","ping_status":"open","sticky":false,"template":"","format":"standard","meta":{"footnotes":""},"categories":[6,16,13],"tags":[46848,3027,22020,2450,244,46847,46846,46849,46850,1264],"class_list":["post-143108","post","type-post","status-publish","format-standard","has-post-thumbnail","hentry","category-denuncias","category-gremiales","category-politica","tag-angel-derosso","tag-campana","tag-denuncias","tag-diario-el-sindical","tag-elecciones","tag-lista-naranja","tag-maro","tag-pablo-churruarin","tag-sandro-monzon","tag-uom"],"_links":{"self":[{"href":"https:\/\/www.elsindical.com.ar\/notas\/wp-json\/wp\/v2\/posts\/143108","targetHints":{"allow":["GET"]}}],"collection":[{"href":"https:\/\/www.elsindical.com.ar\/notas\/wp-json\/wp\/v2\/posts"}],"about":[{"href":"https:\/\/www.elsindical.com.ar\/notas\/wp-json\/wp\/v2\/types\/post"}],"author":[{"embeddable":true,"href":"https:\/\/www.elsindical.com.ar\/notas\/wp-json\/wp\/v2\/users\/1"}],"replies":[{"embeddable":true,"href":"https:\/\/www.elsindical.com.ar\/notas\/wp-json\/wp\/v2\/comments?post=143108"}],"version-history":[{"count":1,"href":"https:\/\/www.elsindical.com.ar\/notas\/wp-json\/wp\/v2\/posts\/143108\/revisions"}],"predecessor-version":[{"id":143113,"href":"https:\/\/www.elsindical.com.ar\/notas\/wp-json\/wp\/v2\/posts\/143108\/revisions\/143113"}],"wp:featuredmedia":[{"embeddable":true,"href":"https:\/\/www.elsindical.com.ar\/notas\/wp-json\/wp\/v2\/media\/143109"}],"wp:attachment":[{"href":"https:\/\/www.elsindical.com.ar\/notas\/wp-json\/wp\/v2\/media?parent=143108"}],"wp:term":[{"taxonomy":"category","embeddable":true,"href":"https:\/\/www.elsindical.com.ar\/notas\/wp-json\/wp\/v2\/categories?post=143108"},{"taxonomy":"post_tag","embeddable":true,"href":"https:\/\/www.elsindical.com.ar\/notas\/wp-json\/wp\/v2\/tags?post=143108"}],"curies":[{"name":"wp","href":"https:\/\/api.w.org\/{rel}","templated":true}]}}