{"id":143078,"date":"2026-02-26T10:28:40","date_gmt":"2026-02-26T13:28:40","guid":{"rendered":"https:\/\/www.elsindical.com.ar\/notas\/?p=143078"},"modified":"2026-02-26T12:27:45","modified_gmt":"2026-02-26T15:27:45","slug":"congreso-12-detenidos-dos-de-ellos-trabajadores-de-prensa-heridos-durante-la-protesta","status":"publish","type":"post","link":"https:\/\/www.elsindical.com.ar\/notas\/congreso-12-detenidos-dos-de-ellos-trabajadores-de-prensa-heridos-durante-la-protesta\/","title":{"rendered":"Congreso: 12 detenidos, dos de ellos trabajadores de prensa heridos durante la protesta"},"content":{"rendered":"\n<figure class=\"wp-block-image size-full\"><a href=\"https:\/\/www.elsindical.com.ar\/notas\/var\/www\/html\/notas\/wp-content\/uploads\/2026\/02\/Congreso-activistas-detenidos.jpeg\"><img loading=\"lazy\" decoding=\"async\" width=\"880\" height=\"586\" src=\"https:\/\/www.elsindical.com.ar\/notas\/var\/www\/html\/notas\/wp-content\/uploads\/2026\/02\/Congreso-activistas-detenidos.jpeg\" alt=\"\" class=\"wp-image-143079\" srcset=\"https:\/\/www.elsindical.com.ar\/notas\/var\/www\/html\/notas\/wp-content\/uploads\/2026\/02\/Congreso-activistas-detenidos.jpeg 880w, https:\/\/www.elsindical.com.ar\/notas\/var\/www\/html\/notas\/wp-content\/uploads\/2026\/02\/Congreso-activistas-detenidos-300x200.jpeg 300w, https:\/\/www.elsindical.com.ar\/notas\/var\/www\/html\/notas\/wp-content\/uploads\/2026\/02\/Congreso-activistas-detenidos-768x511.jpeg 768w\" sizes=\"auto, (max-width: 880px) 100vw, 880px\" \/><\/a><\/figure>\n\n\n\n<p>Activistas de Greenpeace irrumpieron en el Palacio Legislativo en rechazo a la modificaci\u00f3n de la Ley de Glaciares. Hubo al menos 12 detenidos y fuerte repudio por la detenci\u00f3n y las agresiones a dos trabajadores de prensa.<\/p>\n\n\n\n<p>La <strong>Ley de Glaciares <\/strong>qued\u00f3 en el centro de una jornada de m\u00e1xima tensi\u00f3n frente al Congreso de la Naci\u00f3n Argentina, donde <strong>al menos 12 personas fueron detenidas tras una protesta encabezada por activistas de Greenpeace<\/strong>. Los manifestantes saltaron la reja del Palacio Legislativo y se sentaron en las escalinatas en rechazo a la modificaci\u00f3n de la norma que se debate en el Senado.<\/p>\n\n\n<div class=\"wp-block-image\">\n<figure class=\"aligncenter size-large is-resized\"><a href=\"https:\/\/www.elsindical.com.ar\/notas\/var\/www\/html\/notas\/wp-content\/uploads\/2026\/02\/Greenpeace-en-el-Congreso.jpg\"><img loading=\"lazy\" decoding=\"async\" width=\"682\" height=\"1024\" src=\"https:\/\/www.elsindical.com.ar\/notas\/var\/www\/html\/notas\/wp-content\/uploads\/2026\/02\/Greenpeace-en-el-Congreso-682x1024.jpg\" alt=\"\" class=\"wp-image-143085\" style=\"width:514px;height:auto\" srcset=\"https:\/\/www.elsindical.com.ar\/notas\/var\/www\/html\/notas\/wp-content\/uploads\/2026\/02\/Greenpeace-en-el-Congreso-682x1024.jpg 682w, https:\/\/www.elsindical.com.ar\/notas\/var\/www\/html\/notas\/wp-content\/uploads\/2026\/02\/Greenpeace-en-el-Congreso-200x300.jpg 200w, https:\/\/www.elsindical.com.ar\/notas\/var\/www\/html\/notas\/wp-content\/uploads\/2026\/02\/Greenpeace-en-el-Congreso-768x1152.jpg 768w, https:\/\/www.elsindical.com.ar\/notas\/var\/www\/html\/notas\/wp-content\/uploads\/2026\/02\/Greenpeace-en-el-Congreso.jpg 853w\" sizes=\"auto, (max-width: 682px) 100vw, 682px\" \/><\/a><\/figure>\n<\/div>\n\n\n<p>El operativo de seguridad estuvo a cargo de la Polic\u00eda Federal Argentina y termin\u00f3 con un fuerte cuestionamiento por el accionar sobre la prensa. Adem\u00e1s de los manifestantes, fueron detenidos dos trabajadores de prensa que cubr\u00edan la protesta. <strong>Uno de ellos es el camar\u00f3grafo de A24, Facundo Tedeschini, quien result\u00f3 herido tras recibir golpes y empujones.<\/strong><\/p>\n\n\n\n<p>Seg\u00fan relat\u00f3 la cronista del canal, los agentes les pidieron que se movieran del lugar pese a que estaban ubicados en el sector indicado para la prensa. Tras los incidentes,<strong> las c\u00e1maras registraron a Tedeschini con su equipo ensangrentado<\/strong>. Otros <strong>cronistas que trabajaban en las inmediaciones del Congreso tambi\u00e9n sufrieron el roc\u00edo de gas pimienta. <\/strong>A la periodista que acompa\u00f1aba al camar\u00f3grafo herido se la escuchaba toser y reclamar a los efectivos que se detuvieran porque estaban cumpliendo tareas period\u00edsticas.<\/p>\n\n\n\n<p>Facundo Mu\u00f1oz pudo registrar el video anterior en donde lo atacaban y reprim\u00edan al camar\u00f3grafo Facundo Tedechini, quien solo realizaba su trabajo y estaba en el sector de prensa sin romper ninguna regla.<\/p>\n\n\n\n<p>En paralelo, <strong>desde La Libertad Avanza defendieron la reforma de la Ley de Glaciares, que apunta a redefinir la protecci\u00f3n del ambiente periglacial y otorgar mayor potestad a las provincias sobre sus recursos naturales<\/strong>, en medio de un debate que volvi\u00f3 a tensar la relaci\u00f3n entre desarrollo econ\u00f3mico, protecci\u00f3n ambiental y libertad de prensa.<\/p>\n\n\n\n<h2 class=\"wp-block-heading\">As\u00ed se llevaron detenido al trabajador de prensa Facundo Tedeschini<\/h2>\n\n\n\n<figure class=\"wp-block-embed is-type-video is-provider-youtube wp-block-embed-youtube wp-embed-aspect-16-9 wp-has-aspect-ratio\"><div class=\"wp-block-embed__wrapper\">\n<iframe loading=\"lazy\" title=\"Congreso de la Naci\u00f3n detenci\u00f3n de activistas de Greenpeace y agresiones de la polic\u00eda a la prensa\" width=\"700\" height=\"394\" src=\"https:\/\/www.youtube.com\/embed\/pt3u2mZXkco?feature=oembed\" frameborder=\"0\" allow=\"accelerometer; autoplay; clipboard-write; encrypted-media; gyroscope; picture-in-picture; web-share\" referrerpolicy=\"strict-origin-when-cross-origin\" allowfullscreen><\/iframe>\n<\/div><\/figure>\n","protected":false},"excerpt":{"rendered":"<p>Activistas de Greenpeace irrumpieron en el Palacio Legislativo en rechazo a la modificaci\u00f3n de la Ley de Glaciares. Hubo al menos 12 detenidos y fuerte repudio por la detenci\u00f3n y las agresiones a dos trabajadores de prensa. La Ley de Glaciares qued\u00f3 en el centro de una jornada de m\u00e1xima tensi\u00f3n frente al Congreso de&hellip;<\/p>\n","protected":false},"author":1,"featured_media":143079,"comment_status":"open","ping_status":"open","sticky":false,"template":"","format":"standard","meta":{"footnotes":""},"categories":[6,22],"tags":[1481,742,2450,46841,17456,46840,698],"class_list":["post-143078","post","type-post","status-publish","format-standard","has-post-thumbnail","hentry","category-denuncias","category-policiales","tag-congreso-de-la-nacion","tag-detenidos","tag-diario-el-sindical","tag-facundo-tedeschini","tag-greempeace","tag-ley-de-glaciares","tag-pfa"],"_links":{"self":[{"href":"https:\/\/www.elsindical.com.ar\/notas\/wp-json\/wp\/v2\/posts\/143078","targetHints":{"allow":["GET"]}}],"collection":[{"href":"https:\/\/www.elsindical.com.ar\/notas\/wp-json\/wp\/v2\/posts"}],"about":[{"href":"https:\/\/www.elsindical.com.ar\/notas\/wp-json\/wp\/v2\/types\/post"}],"author":[{"embeddable":true,"href":"https:\/\/www.elsindical.com.ar\/notas\/wp-json\/wp\/v2\/users\/1"}],"replies":[{"embeddable":true,"href":"https:\/\/www.elsindical.com.ar\/notas\/wp-json\/wp\/v2\/comments?post=143078"}],"version-history":[{"count":3,"href":"https:\/\/www.elsindical.com.ar\/notas\/wp-json\/wp\/v2\/posts\/143078\/revisions"}],"predecessor-version":[{"id":143086,"href":"https:\/\/www.elsindical.com.ar\/notas\/wp-json\/wp\/v2\/posts\/143078\/revisions\/143086"}],"wp:featuredmedia":[{"embeddable":true,"href":"https:\/\/www.elsindical.com.ar\/notas\/wp-json\/wp\/v2\/media\/143079"}],"wp:attachment":[{"href":"https:\/\/www.elsindical.com.ar\/notas\/wp-json\/wp\/v2\/media?parent=143078"}],"wp:term":[{"taxonomy":"category","embeddable":true,"href":"https:\/\/www.elsindical.com.ar\/notas\/wp-json\/wp\/v2\/categories?post=143078"},{"taxonomy":"post_tag","embeddable":true,"href":"https:\/\/www.elsindical.com.ar\/notas\/wp-json\/wp\/v2\/tags?post=143078"}],"curies":[{"name":"wp","href":"https:\/\/api.w.org\/{rel}","templated":true}]}}