{"id":143069,"date":"2026-02-26T09:31:42","date_gmt":"2026-02-26T12:31:42","guid":{"rendered":"https:\/\/www.elsindical.com.ar\/notas\/?p=143069"},"modified":"2026-02-26T14:08:32","modified_gmt":"2026-02-26T17:08:32","slug":"avellaneda-arresto-ciudadano-de-motochorros-por-vecinos-quejas-por-la-ausencia-policial","status":"publish","type":"post","link":"https:\/\/www.elsindical.com.ar\/notas\/avellaneda-arresto-ciudadano-de-motochorros-por-vecinos-quejas-por-la-ausencia-policial\/","title":{"rendered":"Avellaneda: Arresto ciudadano de motochorros por vecinos, quejas por la ausencia policial"},"content":{"rendered":"<div class=\"wp-block-image\">\n<figure class=\"aligncenter size-full\"><a href=\"https:\/\/www.elsindical.com.ar\/notas\/var\/www\/html\/notas\/wp-content\/uploads\/2026\/02\/Avellaneda-arresto-ciudadano-motochorro-febrero-2026.jpg\"><img loading=\"lazy\" decoding=\"async\" width=\"529\" height=\"552\" src=\"https:\/\/www.elsindical.com.ar\/notas\/var\/www\/html\/notas\/wp-content\/uploads\/2026\/02\/Avellaneda-arresto-ciudadano-motochorro-febrero-2026.jpg\" alt=\"\" class=\"wp-image-143070\" srcset=\"https:\/\/www.elsindical.com.ar\/notas\/var\/www\/html\/notas\/wp-content\/uploads\/2026\/02\/Avellaneda-arresto-ciudadano-motochorro-febrero-2026.jpg 529w, https:\/\/www.elsindical.com.ar\/notas\/var\/www\/html\/notas\/wp-content\/uploads\/2026\/02\/Avellaneda-arresto-ciudadano-motochorro-febrero-2026-288x300.jpg 288w\" sizes=\"auto, (max-width: 529px) 100vw, 529px\" \/><\/a><\/figure>\n<\/div>\n\n\n<p>   Una vez m\u00e1s una de las esquinas m\u00e1s transitadas de Avellaneda es motivo de un delito, esta vez con un final distinto ya que 2 motochorros que ven\u00edan robando celulares a mujeres por la zona terminaron siendo reducidos por vecinos que transitaban por el lugar y no dudaron en detenerlos. El hecho ocurri\u00f3 el mi\u00e9rcoles 25 de febrero por la ma\u00f1ana y durante el d\u00eda se conoci\u00f3 otro video y m\u00e1s criticas a la polic\u00eda.<\/p>\n\n\n\n<p>Los 2 delincuentes, hombres j\u00f3venes pero mayores de edad, circulaban en una moto de color negro, marca Honda, modelo Twister 300CC, que circula hace d\u00edas seg\u00fan algunos testigos y lo llamativo es que no posee patente colocada, demostrando la falta de controles policiales para prevenir este tipo de delitos que se han vuelto comunes.<\/p>\n\n\n\n<p>En la esquina de Av. Mitre y Espa\u00f1a, los delincuentes fueron reducidos a golpes y en redes sociales comenz\u00f3 a viralizarse la situaci\u00f3n con un primer video y luego otro en la p\u00e1gina Avellaneda Real, donde comenzaron los comentarios de los usuarios con duras criticas a la polic\u00eda y al gobernador <strong>Axel Kicillof <\/strong>por la inseguridad diaria en la zona donde a pesar de ser Avellaneda Centro denuncian la ausencia de presencia policial.<\/p>\n\n\n<div class=\"wp-block-image\">\n<figure class=\"aligncenter size-full\"><a href=\"https:\/\/www.elsindical.com.ar\/notas\/var\/www\/html\/notas\/wp-content\/uploads\/2026\/02\/comentarios-vecinos-por-insegurdad-Avellaneda-motochorros.jpg\"><img loading=\"lazy\" decoding=\"async\" width=\"696\" height=\"767\" src=\"https:\/\/www.elsindical.com.ar\/notas\/var\/www\/html\/notas\/wp-content\/uploads\/2026\/02\/comentarios-vecinos-por-insegurdad-Avellaneda-motochorros.jpg\" alt=\"\" class=\"wp-image-143073\" srcset=\"https:\/\/www.elsindical.com.ar\/notas\/var\/www\/html\/notas\/wp-content\/uploads\/2026\/02\/comentarios-vecinos-por-insegurdad-Avellaneda-motochorros.jpg 696w, https:\/\/www.elsindical.com.ar\/notas\/var\/www\/html\/notas\/wp-content\/uploads\/2026\/02\/comentarios-vecinos-por-insegurdad-Avellaneda-motochorros-272x300.jpg 272w\" sizes=\"auto, (max-width: 696px) 100vw, 696px\" \/><\/a><\/figure>\n<\/div>\n\n\n<p>Finalmente ambos delincuentes fueron arrestados por personal de la Prefectura Naval Argentina, fuerza federal que recorre la zona centro y trasladados a la comisar\u00eda 1ra.<\/p>\n\n\n\n<p>A solo unas cuadras de la <strong>comisar\u00eda 1ra de Avellaneda<\/strong>, cuyo responsable es el <strong>Comisario Daniel Videla<\/strong>, en el mimo sitio vecinos compartieron una <strong>pelea de trapitos<\/strong> en <strong>Av. Mitre y Beruti<\/strong> a 100 metros del lugar donde los vecinos detuvieron a los delincuentes, lo que demuestra la violencia y la inseguridad en una zona que antes estaba m\u00e1s ordenada y hab\u00eda prevenci\u00f3n policial. Vale aclarar que los trapitos cobran estacionamiento en un lugar donde los carteles existentes indican que es de libre estacionamiento, con lo cual no solo no deber\u00edan estar en el lugar, sino que su cobro es una extorsi\u00f3n a quienes tienen que estacionar.<\/p>\n\n\n\n<figure class=\"wp-block-embed is-type-video is-provider-youtube wp-block-embed-youtube wp-embed-aspect-16-9 wp-has-aspect-ratio\"><div class=\"wp-block-embed__wrapper\">\n<iframe loading=\"lazy\" title=\"Avellaneda vecinos cansados de los trapitos denuncian ausencia policial\" width=\"700\" height=\"394\" src=\"https:\/\/www.youtube.com\/embed\/sDzDlBH-YN4?feature=oembed\" frameborder=\"0\" allow=\"accelerometer; autoplay; clipboard-write; encrypted-media; gyroscope; picture-in-picture; web-share\" referrerpolicy=\"strict-origin-when-cross-origin\" allowfullscreen><\/iframe>\n<\/div><\/figure>\n\n\n\n<figure class=\"wp-block-embed is-type-video is-provider-youtube wp-block-embed-youtube wp-embed-aspect-16-9 wp-has-aspect-ratio\"><div class=\"wp-block-embed__wrapper\">\n<iframe loading=\"lazy\" title=\"Avellaneda arresto ciudadano de motochorros\" width=\"700\" height=\"394\" src=\"https:\/\/www.youtube.com\/embed\/AnlcR8JZIQ8?feature=oembed\" frameborder=\"0\" allow=\"accelerometer; autoplay; clipboard-write; encrypted-media; gyroscope; picture-in-picture; web-share\" referrerpolicy=\"strict-origin-when-cross-origin\" allowfullscreen><\/iframe>\n<\/div><\/figure>\n","protected":false},"excerpt":{"rendered":"<p>Una vez m\u00e1s una de las esquinas m\u00e1s transitadas de Avellaneda es motivo de un delito, esta vez con un final distinto ya que 2 motochorros que ven\u00edan robando celulares a mujeres por la zona terminaron siendo reducidos por vecinos que transitaban por el lugar y no dudaron en detenerlos. El hecho ocurri\u00f3 el mi\u00e9rcoles&hellip;<\/p>\n","protected":false},"author":1,"featured_media":143070,"comment_status":"open","ping_status":"open","sticky":false,"template":"","format":"standard","meta":{"footnotes":""},"categories":[6,22],"tags":[40359,37385,40657,23428,46834,2450,32496,984,308,42609,9435],"class_list":["post-143069","post","type-post","status-publish","format-standard","has-post-thumbnail","hentry","category-denuncias","category-policiales","tag-arresto-ciudadano","tag-avellameda","tag-avellaneda-real","tag-comisaria-1ra-avellaneda","tag-comisario-daniel-videla","tag-diario-el-sindical","tag-gobernador-axel-kicillof","tag-inseguridad","tag-motochorros","tag-noticias-policiales","tag-trapitos"],"_links":{"self":[{"href":"https:\/\/www.elsindical.com.ar\/notas\/wp-json\/wp\/v2\/posts\/143069","targetHints":{"allow":["GET"]}}],"collection":[{"href":"https:\/\/www.elsindical.com.ar\/notas\/wp-json\/wp\/v2\/posts"}],"about":[{"href":"https:\/\/www.elsindical.com.ar\/notas\/wp-json\/wp\/v2\/types\/post"}],"author":[{"embeddable":true,"href":"https:\/\/www.elsindical.com.ar\/notas\/wp-json\/wp\/v2\/users\/1"}],"replies":[{"embeddable":true,"href":"https:\/\/www.elsindical.com.ar\/notas\/wp-json\/wp\/v2\/comments?post=143069"}],"version-history":[{"count":4,"href":"https:\/\/www.elsindical.com.ar\/notas\/wp-json\/wp\/v2\/posts\/143069\/revisions"}],"predecessor-version":[{"id":143090,"href":"https:\/\/www.elsindical.com.ar\/notas\/wp-json\/wp\/v2\/posts\/143069\/revisions\/143090"}],"wp:featuredmedia":[{"embeddable":true,"href":"https:\/\/www.elsindical.com.ar\/notas\/wp-json\/wp\/v2\/media\/143070"}],"wp:attachment":[{"href":"https:\/\/www.elsindical.com.ar\/notas\/wp-json\/wp\/v2\/media?parent=143069"}],"wp:term":[{"taxonomy":"category","embeddable":true,"href":"https:\/\/www.elsindical.com.ar\/notas\/wp-json\/wp\/v2\/categories?post=143069"},{"taxonomy":"post_tag","embeddable":true,"href":"https:\/\/www.elsindical.com.ar\/notas\/wp-json\/wp\/v2\/tags?post=143069"}],"curies":[{"name":"wp","href":"https:\/\/api.w.org\/{rel}","templated":true}]}}