{"id":143063,"date":"2026-02-25T19:05:50","date_gmt":"2026-02-25T22:05:50","guid":{"rendered":"https:\/\/www.elsindical.com.ar\/notas\/?p=143063"},"modified":"2026-02-25T19:05:55","modified_gmt":"2026-02-25T22:05:55","slug":"aumento-y-bono-para-el-personal-de-casas-particulares","status":"publish","type":"post","link":"https:\/\/www.elsindical.com.ar\/notas\/aumento-y-bono-para-el-personal-de-casas-particulares\/","title":{"rendered":"Aumento y bono para el personal de casas particulares"},"content":{"rendered":"<div class=\"wp-block-image\">\n<figure class=\"aligncenter size-full\"><a href=\"https:\/\/www.elsindical.com.ar\/notas\/var\/www\/html\/notas\/wp-content\/uploads\/2019\/04\/personal-dom\u00e9stico.jpg\"><img loading=\"lazy\" decoding=\"async\" width=\"800\" height=\"450\" src=\"https:\/\/www.elsindical.com.ar\/notas\/var\/www\/html\/notas\/wp-content\/uploads\/2019\/04\/personal-dom\u00e9stico.jpg\" alt=\"\" class=\"wp-image-86217\" srcset=\"https:\/\/www.elsindical.com.ar\/notas\/var\/www\/html\/notas\/wp-content\/uploads\/2019\/04\/personal-dom\u00e9stico.jpg 800w, https:\/\/www.elsindical.com.ar\/notas\/var\/www\/html\/notas\/wp-content\/uploads\/2019\/04\/personal-dom\u00e9stico-300x169.jpg 300w, https:\/\/www.elsindical.com.ar\/notas\/var\/www\/html\/notas\/wp-content\/uploads\/2019\/04\/personal-dom\u00e9stico-768x432.jpg 768w, https:\/\/www.elsindical.com.ar\/notas\/var\/www\/html\/notas\/wp-content\/uploads\/2019\/04\/personal-dom\u00e9stico-500x281.jpg 500w, https:\/\/www.elsindical.com.ar\/notas\/var\/www\/html\/notas\/wp-content\/uploads\/2019\/04\/personal-dom\u00e9stico-460x260.jpg 460w\" sizes=\"auto, (max-width: 800px) 100vw, 800px\" \/><\/a><\/figure>\n<\/div>\n\n\n<p>El personal de casas particulares percibir\u00e1 un aumento del 1,5% en febrero y otro 1,5% en marzo. \u00bfC\u00f3mo se paga el bono?<\/p>\n\n\n\n<p><strong>La&nbsp;Comisi\u00f3n Nacional de Trabajo en Casas Particulares&nbsp;(CTCP)&nbsp;acord\u00f3 un incremento del 3%, distribuido entre febrero y marzo<\/strong>&nbsp;para las remuneraciones horarias y mensuales m\u00ednimas del personal que realiza tareas dom\u00e9sticas.<\/p>\n\n\n\n<p>La actualizaci\u00f3n salarial se repartir\u00e1 en dos tramos, por lo que los sueldos del personal dom\u00e9stico tendr\u00e1n una&nbsp;<strong>suba del 1,5% en febrero sobre la remuneraci\u00f3n vigente y del 1,5% en marzo. <\/strong>Las subas ser\u00e1n remunerativas y se aplicar\u00e1n de manera acumulativa.<\/p>\n\n\n\n<p>Adem\u00e1s, <strong>se acord\u00f3 el pago de bonos extraordinarios durante ambos meses<\/strong>, con montos diferenciados: $8.000 para personal con hasta 12 horas semanales, $11.500 entre 12 y 16 y $20.000 por m\u00e1s de 16.<\/p>\n","protected":false},"excerpt":{"rendered":"<p>El personal de casas particulares percibir\u00e1 un aumento del 1,5% en febrero y otro 1,5% en marzo. \u00bfC\u00f3mo se paga el bono? La&nbsp;Comisi\u00f3n Nacional de Trabajo en Casas Particulares&nbsp;(CTCP)&nbsp;acord\u00f3 un incremento del 3%, distribuido entre febrero y marzo&nbsp;para las remuneraciones horarias y mensuales m\u00ednimas del personal que realiza tareas dom\u00e9sticas. La actualizaci\u00f3n salarial se repartir\u00e1&hellip;<\/p>\n","protected":false},"author":1,"featured_media":86217,"comment_status":"open","ping_status":"open","sticky":false,"template":"","format":"standard","meta":{"footnotes":""},"categories":[9],"tags":[30705,43568,2450,22023],"class_list":["post-143063","post","type-post","status-publish","format-standard","has-post-thumbnail","hentry","category-economia","tag-casas-particulares","tag-ctcp","tag-diario-el-sindical","tag-economia"],"_links":{"self":[{"href":"https:\/\/www.elsindical.com.ar\/notas\/wp-json\/wp\/v2\/posts\/143063","targetHints":{"allow":["GET"]}}],"collection":[{"href":"https:\/\/www.elsindical.com.ar\/notas\/wp-json\/wp\/v2\/posts"}],"about":[{"href":"https:\/\/www.elsindical.com.ar\/notas\/wp-json\/wp\/v2\/types\/post"}],"author":[{"embeddable":true,"href":"https:\/\/www.elsindical.com.ar\/notas\/wp-json\/wp\/v2\/users\/1"}],"replies":[{"embeddable":true,"href":"https:\/\/www.elsindical.com.ar\/notas\/wp-json\/wp\/v2\/comments?post=143063"}],"version-history":[{"count":1,"href":"https:\/\/www.elsindical.com.ar\/notas\/wp-json\/wp\/v2\/posts\/143063\/revisions"}],"predecessor-version":[{"id":143064,"href":"https:\/\/www.elsindical.com.ar\/notas\/wp-json\/wp\/v2\/posts\/143063\/revisions\/143064"}],"wp:featuredmedia":[{"embeddable":true,"href":"https:\/\/www.elsindical.com.ar\/notas\/wp-json\/wp\/v2\/media\/86217"}],"wp:attachment":[{"href":"https:\/\/www.elsindical.com.ar\/notas\/wp-json\/wp\/v2\/media?parent=143063"}],"wp:term":[{"taxonomy":"category","embeddable":true,"href":"https:\/\/www.elsindical.com.ar\/notas\/wp-json\/wp\/v2\/categories?post=143063"},{"taxonomy":"post_tag","embeddable":true,"href":"https:\/\/www.elsindical.com.ar\/notas\/wp-json\/wp\/v2\/tags?post=143063"}],"curies":[{"name":"wp","href":"https:\/\/api.w.org\/{rel}","templated":true}]}}