{"id":143054,"date":"2026-02-24T14:35:38","date_gmt":"2026-02-24T17:35:38","guid":{"rendered":"https:\/\/www.elsindical.com.ar\/notas\/?p=143054"},"modified":"2026-02-24T14:46:57","modified_gmt":"2026-02-24T17:46:57","slug":"ivan-renkine-el-mentiroso-mas-estupido-de-pinamar","status":"publish","type":"post","link":"https:\/\/www.elsindical.com.ar\/notas\/ivan-renkine-el-mentiroso-mas-estupido-de-pinamar\/","title":{"rendered":"Iv\u00e1n Renkine, el mentiroso m\u00e1s est\u00fapido de Pinamar"},"content":{"rendered":"<div class=\"wp-block-image\">\n<figure class=\"aligncenter size-full is-resized\"><a href=\"https:\/\/www.elsindical.com.ar\/notas\/var\/www\/html\/notas\/wp-content\/uploads\/2026\/02\/Justicia-por-Fausto-Ivan-Renkune.jpg\"><img loading=\"lazy\" decoding=\"async\" width=\"500\" height=\"766\" src=\"https:\/\/www.elsindical.com.ar\/notas\/var\/www\/html\/notas\/wp-content\/uploads\/2026\/02\/Justicia-por-Fausto-Ivan-Renkune.jpg\" alt=\"\" class=\"wp-image-143055\" style=\"width:372px;height:auto\" srcset=\"https:\/\/www.elsindical.com.ar\/notas\/var\/www\/html\/notas\/wp-content\/uploads\/2026\/02\/Justicia-por-Fausto-Ivan-Renkune.jpg 500w, https:\/\/www.elsindical.com.ar\/notas\/var\/www\/html\/notas\/wp-content\/uploads\/2026\/02\/Justicia-por-Fausto-Ivan-Renkune-196x300.jpg 196w\" sizes=\"auto, (max-width: 500px) 100vw, 500px\" \/><\/a><\/figure>\n<\/div>\n\n\n<p>   Vale aclarar que definir a Iv\u00e1n Renkine como el mentiroso m\u00e1s est\u00fapido no es en modo despectivo, ni es elegida la definici\u00f3n por la falta de coincidencias en sus dichos, sino porque \u00e9l mismo Renkine en sus declaraciones p\u00fablicas sobre el caso de Fausto Maldonado, si las tomamos como reales, entonces, ha sido torpe para demostrar los hechos como los repite  y adem\u00e1s ha equivocado a quien dirigir sus ataques para demostrar su inocencia.<\/p>\n\n\n\n<p>Ya oportunamente Iv\u00e1n Renkine como \u00e9l mismo lo recuerda, <a href=\"https:\/\/www.elsindical.com.ar\/notas\/ivan-renkine-el-rey-del-cacareo\/\">hizo un vivo hablando a sus seguidores e intentando convencer a su consciencia de la inocencia en la imputaci\u00f3n judicial <\/a>y fue m\u00e1s all\u00e1 denunci\u00f3 ser v\u00edctima de una extorsi\u00f3n, curiosamente no ha vuelto a mencionar esa situaci\u00f3n y algunas cosas cambiaron en su relato, pero las m\u00e1s rid\u00edculas, esas las sostiene.<\/p>\n\n\n\n<p>El nuevo video de Iv\u00e1n Renkine tiene algunos detalles que no son menores, es desprolijo, mal editado, con problemas de audio, escribe mal el nombre de Carina Zabala y por momentos pronuncia mal las palabras, todo lo que est\u00e1 mal en un creador de contenidos e influencer como le gusta definirse.<\/p>\n\n\n\n<p>Comienza el video relatando lo obvio, que habr\u00e1n visto en Pinamar a una mujer con un meg\u00e1fono pidiendo justicia por su hijo, pegatinas de forma consecutiva y dice sin el menor signo de verg\u00fcenza que hace aproximadamente 2 a\u00f1os y medio un joven llamado <strong>Fausto Maldonado<\/strong> falleci\u00f3 en una obra y que su cuerpo <strong>APARECI\u00d3 <\/strong>en una obra que personalmente desarroll\u00f3.<\/p>\n\n\n\n<p>En el mundo real las cosas no aparecen como por magia, en este extenso tiempo transcurrido, Renkine tuvo tiempo de sobra para instruir a sus abogados en demostrar su inocencia, pero en lugar de ir contra los que le colocaron el cuerpo como parece sugerir, por el contrario, \u00e9l y su socio <strong>Gustavo Gabriel Mari<\/strong>, fueron contra la madre <strong>Carina Zabala<\/strong> a quien hostigaron usando a la Justicia de Paz, para impedir sus reclamos de justicia, por eso miente cuando dice que \u00e9l hasta ahora a decidido y va a seguir sin intervenir esperando justicia.<\/p>\n\n\n\n<p>Luego dice qu\u00e9 \u00e9l y 4 personas m\u00e1s est\u00e1n siendo investigados de forma totalmente il\u00f3gica, esta definici\u00f3n vuelve a evidenciar la falacia de las afirmaciones de Renkine que podr\u00e1 parecer muy culto para los ignorantes pero que lo muestran como un completo ignorante, ya que si considera que es investigado de forma il\u00f3gica, su oponente ser\u00eda el Agente Fiscal, que es quien impulsa la investigaci\u00f3n y entonces Renkine deber\u00eda reprocharle a su abogado el no realizar las presentaciones correspondientes para que lo il\u00f3gico cese, porque una vez m\u00e1s vuelve a decir una cosa, pero a embestir contra Zabala.<\/p>\n\n\n\n<p>En su relato, que lo podr\u00e1n escuchar en el video que acompa\u00f1a la nota, Renkine vuelve a descalificar la lucha de Carina Zabala al decir que se ve obligado a hacer el video porque esta mujer sali\u00f3 a festejar su procesamiento lo que no es cierto porque \u00e9l fue invitado a declarar en su primera declaraci\u00f3n, que puede tener posteriormente 3 hip\u00f3tesis, que el Juez lo procese, si considera que hay pruebas de su autor\u00eda en el delito que le imputa el Fiscal, le dicte la falta de m\u00e9rito donde no es procesado pero se sigue investigando el hecho o tenga un sobreseimiento.<\/p>\n\n\n\n<p>Renkine vuelve a usar argumentos para desinformar, no fue invitado, sino notificado y de no concurrir la citaci\u00f3n es clara que ser\u00e1 conducido por la fuerza p\u00fablica, entonces no se trata de una invitaci\u00f3n, sino de una imposici\u00f3n de Ley, tampoco fue citado a declarar como quiere presentarlo, ya que su declaraci\u00f3n es de indagatoria y no una simple testimonial, para ser citado a indagatoria, el Fiscal en su dictamente preliminar lo debe considerar penalmente responsable. Ocultar esto es un s\u00edntoma de querer eludir ante quienes les habla su culpabilidad, si sos inocente no ocultas, ni ment\u00eds, porque entonces, surge la clara duda, sobre qu\u00e9 es verdad y qu\u00e9 no en sus dichos.<\/p>\n\n\n\n<p>Pero como Renkine como todo mis\u00f3gino no puede evitar cargar sus ataques contra Carina Zabala y la vuelve a descalificar ahora afirmando que est\u00e1 acompa\u00f1ada por la POL\u00cdTICA, y como buen vende humo, no define qui\u00e9nes son los que integran la pol\u00edtica que la acompa\u00f1a, incluso su comentario es rid\u00edculo, malicioso y sin sustento, a los sirenazos la mujer concurre sola o acompa\u00f1ada por su ex marido, alguna amiga o vecina, a la fecha nunca apareci\u00f3 una bandera que identifique siquiera apoyo de alguna organizaci\u00f3n que tampoco ser\u00eda un motivo para no acompa\u00f1ar a alguien que pide justicia. Pero la imbecilidad de este delirante se desmiente en el hecho de que Carina Zabala lleva presentando escritos en el Municipio de Pinamar, la Gobernaci\u00f3n de la provincia de Buenos Aires, conducidas por pol\u00edticos de sectores antag\u00f3nicos y a\u00fan as\u00ed no le han dado curso a los requerimientos, \u00b4\u00bfentonces?.<\/p>\n\n\n\n<p>S\u00ed se lo ha visto en varias oportunidades a Renkine con Mart\u00edn Yeza o Juan Manuel Ibarguren, con lo cual es poco inteligente abrir esa puerta que en lo judicial no conduce a nada.<\/p>\n\n\n\n<p>Termina derrapando cuando dice que Carina Zabala tom\u00f3 la muerte de su hijo como algo personal, y lo primero que una persona sana se pregunta, \u00bfhay otra forma de tomarlo?, en esto quiz\u00e1s a Iv\u00e1n le resulta extra\u00f1o porque \u00e9l siempre fue el relegado de su familia, donde el protagonista de los encuentros familiares era su hermano, incluso en las fotos familiares se ve a un Iv\u00e1n reservado y a un costado como si fuera un objeto de relleno. Incluso para el entorno de su ex esposa hablan de que su ego est\u00e1 por sobre los afectos y v\u00ednculos familiares que incluye a sus propios hijos, pero no todos son como vos Iv\u00e1n.<\/p>\n\n\n\n<p>Concluyendo con su ataque sin m\u00e1s datos que un relato gen\u00e9rico e improbable, ahora acusa a Carina Zabala de amenazar a gente de su entorno, colaboradores, artistas y hasta expositores para que no vayan a su \u00abbar inmobiliario\u00bb, diciendo que la persecuci\u00f3n a \u00e9l ha sido tediosa y sigue, que \u00e9l por empat\u00eda se ha mantenido esperando a la justicia y va a seguir haci\u00e9ndolo.<\/p>\n\n\n\n<p>Iv\u00e1n o sos muy pelotudo o un enorme hijo de puta, adem\u00e1s de un cag\u00f3n y poco hombre, seg\u00fan vos, descalificar a una madre que perdi\u00f3 un hijo que fue a trabajar, no estaba de joda en los m\u00e9danos, acusarla de extorsionadora y de hacer amenazas, solo en las redes, cuando ten\u00e9s abogados para denunciarla donde corresponde, pero no, tu placer es pisotearla para que los salames que te adulan te aplaudan, hablan de la justicia divina y vos sientas placer es patol\u00f3gico. Denigrando a una mujer que todos los d\u00edas hace un esfuerzo para seguir, no te va a devolver esa inseguridad no resuelta con las mujeres, que encuentra en otros personajes aceptaci\u00f3n porque algunos que se saben inseguros y cornudos proyectan sus miserias en una mujer que como defini\u00f3 <strong>Galeano el miedo del hombre a la mujer sin miedo.<\/strong><\/p>\n\n\n\n<figure class=\"wp-block-embed is-type-video is-provider-youtube wp-block-embed-youtube wp-embed-aspect-16-9 wp-has-aspect-ratio\"><div class=\"wp-block-embed__wrapper\">\n<iframe loading=\"lazy\" title=\"Iv\u00e1n Renkine el mentiroso m\u00e1s est\u00fapido de Pinamar\" width=\"700\" height=\"394\" src=\"https:\/\/www.youtube.com\/embed\/8-_4qj-limQ?feature=oembed\" frameborder=\"0\" allow=\"accelerometer; autoplay; clipboard-write; encrypted-media; gyroscope; picture-in-picture; web-share\" referrerpolicy=\"strict-origin-when-cross-origin\" allowfullscreen><\/iframe>\n<\/div><\/figure>\n\n\n\n<p>Por Marcelo Ricardo Hawrylciw<\/p>\n","protected":false},"excerpt":{"rendered":"<p>Vale aclarar que definir a Iv\u00e1n Renkine como el mentiroso m\u00e1s est\u00fapido no es en modo despectivo, ni es elegida la definici\u00f3n por la falta de coincidencias en sus dichos, sino porque \u00e9l mismo Renkine en sus declaraciones p\u00fablicas sobre el caso de Fausto Maldonado, si las tomamos como reales, entonces, ha sido torpe para&hellip;<\/p>\n","protected":false},"author":1,"featured_media":143055,"comment_status":"open","ping_status":"open","sticky":false,"template":"","format":"standard","meta":{"footnotes":""},"categories":[10],"tags":[44666,2450,46836,44665,46167,15001,44667,44811,44708,23966,15922,45023,2605],"class_list":["post-143054","post","type-post","status-publish","format-standard","has-post-thumbnail","hentry","category-editorial","tag-carina-zabala","tag-diario-el-sindical","tag-estupido","tag-fausto-maldonado","tag-fiscal-general-diego-escoda","tag-fiscal-juan-pablo-calderon","tag-ivan-renkine","tag-juan-manuel-ibarguren","tag-justicia-por-fausto","tag-martin-yeza","tag-misogino","tag-nicolas-villalba","tag-redes-sociales"],"_links":{"self":[{"href":"https:\/\/www.elsindical.com.ar\/notas\/wp-json\/wp\/v2\/posts\/143054","targetHints":{"allow":["GET"]}}],"collection":[{"href":"https:\/\/www.elsindical.com.ar\/notas\/wp-json\/wp\/v2\/posts"}],"about":[{"href":"https:\/\/www.elsindical.com.ar\/notas\/wp-json\/wp\/v2\/types\/post"}],"author":[{"embeddable":true,"href":"https:\/\/www.elsindical.com.ar\/notas\/wp-json\/wp\/v2\/users\/1"}],"replies":[{"embeddable":true,"href":"https:\/\/www.elsindical.com.ar\/notas\/wp-json\/wp\/v2\/comments?post=143054"}],"version-history":[{"count":2,"href":"https:\/\/www.elsindical.com.ar\/notas\/wp-json\/wp\/v2\/posts\/143054\/revisions"}],"predecessor-version":[{"id":143057,"href":"https:\/\/www.elsindical.com.ar\/notas\/wp-json\/wp\/v2\/posts\/143054\/revisions\/143057"}],"wp:featuredmedia":[{"embeddable":true,"href":"https:\/\/www.elsindical.com.ar\/notas\/wp-json\/wp\/v2\/media\/143055"}],"wp:attachment":[{"href":"https:\/\/www.elsindical.com.ar\/notas\/wp-json\/wp\/v2\/media?parent=143054"}],"wp:term":[{"taxonomy":"category","embeddable":true,"href":"https:\/\/www.elsindical.com.ar\/notas\/wp-json\/wp\/v2\/categories?post=143054"},{"taxonomy":"post_tag","embeddable":true,"href":"https:\/\/www.elsindical.com.ar\/notas\/wp-json\/wp\/v2\/tags?post=143054"}],"curies":[{"name":"wp","href":"https:\/\/api.w.org\/{rel}","templated":true}]}}