{"id":143044,"date":"2026-02-24T11:34:47","date_gmt":"2026-02-24T14:34:47","guid":{"rendered":"https:\/\/www.elsindical.com.ar\/notas\/?p=143044"},"modified":"2026-02-24T11:34:52","modified_gmt":"2026-02-24T14:34:52","slug":"lanus-intento-de-robo-enfrentamiento-y-un-delincuente-de-14-anos-abatido-graves-incidentes-de-familiares-y-amigos-con-la-policia","status":"publish","type":"post","link":"https:\/\/www.elsindical.com.ar\/notas\/lanus-intento-de-robo-enfrentamiento-y-un-delincuente-de-14-anos-abatido-graves-incidentes-de-familiares-y-amigos-con-la-policia\/","title":{"rendered":"Lan\u00fas: Intento de robo, enfrentamiento y un delincuente de 14 a\u00f1os abatido, graves incidentes de familiares y amigos con la polic\u00eda"},"content":{"rendered":"<div class=\"wp-block-image\">\n<figure class=\"aligncenter size-full\"><a href=\"https:\/\/www.elsindical.com.ar\/notas\/var\/www\/html\/notas\/wp-content\/uploads\/2026\/02\/menor-motochorro-abatido-Monte-Chingolo.jpg\"><img loading=\"lazy\" decoding=\"async\" width=\"713\" height=\"431\" src=\"https:\/\/www.elsindical.com.ar\/notas\/var\/www\/html\/notas\/wp-content\/uploads\/2026\/02\/menor-motochorro-abatido-Monte-Chingolo.jpg\" alt=\"\" class=\"wp-image-143045\" srcset=\"https:\/\/www.elsindical.com.ar\/notas\/var\/www\/html\/notas\/wp-content\/uploads\/2026\/02\/menor-motochorro-abatido-Monte-Chingolo.jpg 713w, https:\/\/www.elsindical.com.ar\/notas\/var\/www\/html\/notas\/wp-content\/uploads\/2026\/02\/menor-motochorro-abatido-Monte-Chingolo-300x181.jpg 300w\" sizes=\"auto, (max-width: 713px) 100vw, 713px\" \/><\/a><\/figure>\n<\/div>\n\n\n<p>Un efectivo de la Polic\u00eda Federal fue sorprendido por motochorros en Lan\u00fas, se produjo un tiroteo y cay\u00f3 abatido uno de los sospechosos. Ten\u00eda 14 a\u00f1os.<\/p>\n\n\n\n<p><strong>Un Sargento 1\u00b0 de la Polic\u00eda Federal mat\u00f3, en el marco de un tiroteo por un intento de robo, a un menor de 14 a\u00f1os. <\/strong>Fue sorprendido por motochorros en Lan\u00fas. Los otros tres se dieron a la fuga.<\/p>\n\n\n\n<p>Todo sucedi\u00f3 en <strong>Donato \u00c1lvarez y Lynch<\/strong> del partido de Lan\u00fas, promediando las 18:45 hs. El Sargento 1\u00b0 de 48 a\u00f1os fue sorprendido por cuatro delincuentes que se mov\u00edan en dos motos.<\/p>\n\n\n\n<p>Seg\u00fan su testimonio, <strong>le intentan cometer il\u00edcito ante ello extrae su arma reglamentaria manteniendo enfrentamiento resultando mortalmente herido un menor de 14 a\u00f1os<\/strong>, mientras que el resto de la banda se dio a la fuga.<\/p>\n\n\n\n<p>De acuerdo al parte que difundieron las fuerzas de seguridad, el oficial que pertenece al GEOF (Grupo Especial de Operaciones Federales) identificado como el Sargento 1\u00b0 Marcelo Oscar Sertic, se resisti\u00f3 al robo de sus pertenencias.<\/p>\n\n\n\n<p>Interviene en la causa la Unidad Funcional de Instrucci\u00f3n 5 Descentralizada del Departamento Judicial de Avellaneda-Lan\u00fas. <strong>Se procedi\u00f3 al secuestro de armas de fuego del personal policial, pero no se tom\u00f3 temperamento alguno.<\/strong><\/p>\n\n\n\n<p>El menor abatido era de la zona lo que hizo que inmediatamente familiares y amigos llegaran al lugar y se organizaran para intentar quemar la comisar\u00eda de la zona, si bien fueron contenidos por refuerzos policiales, trascendi\u00f3 que incendiaron 2 patrulleros y amenazaron a periodistas para que se retiren del lugar.<\/p>\n","protected":false},"excerpt":{"rendered":"<p>Un efectivo de la Polic\u00eda Federal fue sorprendido por motochorros en Lan\u00fas, se produjo un tiroteo y cay\u00f3 abatido uno de los sospechosos. Ten\u00eda 14 a\u00f1os. Un Sargento 1\u00b0 de la Polic\u00eda Federal mat\u00f3, en el marco de un tiroteo por un intento de robo, a un menor de 14 a\u00f1os. Fue sorprendido por motochorros&hellip;<\/p>\n","protected":false},"author":1,"featured_media":143045,"comment_status":"open","ping_status":"open","sticky":false,"template":"","format":"standard","meta":{"footnotes":""},"categories":[22],"tags":[686,2450,2167,209,4840,308,42609,698],"class_list":["post-143044","post","type-post","status-publish","format-standard","has-post-thumbnail","hentry","category-policiales","tag-abatido","tag-diario-el-sindical","tag-enfrentamiento","tag-lanus","tag-monte-chingolo","tag-motochorros","tag-noticias-policiales","tag-pfa"],"_links":{"self":[{"href":"https:\/\/www.elsindical.com.ar\/notas\/wp-json\/wp\/v2\/posts\/143044","targetHints":{"allow":["GET"]}}],"collection":[{"href":"https:\/\/www.elsindical.com.ar\/notas\/wp-json\/wp\/v2\/posts"}],"about":[{"href":"https:\/\/www.elsindical.com.ar\/notas\/wp-json\/wp\/v2\/types\/post"}],"author":[{"embeddable":true,"href":"https:\/\/www.elsindical.com.ar\/notas\/wp-json\/wp\/v2\/users\/1"}],"replies":[{"embeddable":true,"href":"https:\/\/www.elsindical.com.ar\/notas\/wp-json\/wp\/v2\/comments?post=143044"}],"version-history":[{"count":1,"href":"https:\/\/www.elsindical.com.ar\/notas\/wp-json\/wp\/v2\/posts\/143044\/revisions"}],"predecessor-version":[{"id":143046,"href":"https:\/\/www.elsindical.com.ar\/notas\/wp-json\/wp\/v2\/posts\/143044\/revisions\/143046"}],"wp:featuredmedia":[{"embeddable":true,"href":"https:\/\/www.elsindical.com.ar\/notas\/wp-json\/wp\/v2\/media\/143045"}],"wp:attachment":[{"href":"https:\/\/www.elsindical.com.ar\/notas\/wp-json\/wp\/v2\/media?parent=143044"}],"wp:term":[{"taxonomy":"category","embeddable":true,"href":"https:\/\/www.elsindical.com.ar\/notas\/wp-json\/wp\/v2\/categories?post=143044"},{"taxonomy":"post_tag","embeddable":true,"href":"https:\/\/www.elsindical.com.ar\/notas\/wp-json\/wp\/v2\/tags?post=143044"}],"curies":[{"name":"wp","href":"https:\/\/api.w.org\/{rel}","templated":true}]}}