{"id":143035,"date":"2026-02-24T10:44:59","date_gmt":"2026-02-24T13:44:59","guid":{"rendered":"https:\/\/www.elsindical.com.ar\/notas\/?p=143035"},"modified":"2026-02-24T10:45:04","modified_gmt":"2026-02-24T13:45:04","slug":"cursos-gratuitos-con-salida-laboral-en-buenos-aires-cuales-son-y-como-anotarse","status":"publish","type":"post","link":"https:\/\/www.elsindical.com.ar\/notas\/cursos-gratuitos-con-salida-laboral-en-buenos-aires-cuales-son-y-como-anotarse\/","title":{"rendered":"Cursos gratuitos con salida laboral en Buenos Aires: cu\u00e1les son y c\u00f3mo anotarse"},"content":{"rendered":"<div class=\"wp-block-image\">\n<figure class=\"aligncenter size-full\"><a href=\"https:\/\/www.elsindical.com.ar\/notas\/var\/www\/html\/notas\/wp-content\/uploads\/2026\/02\/gobierno-de-la-provincia-de-Buenos-Aires.jpg\"><img loading=\"lazy\" decoding=\"async\" width=\"889\" height=\"494\" src=\"https:\/\/www.elsindical.com.ar\/notas\/var\/www\/html\/notas\/wp-content\/uploads\/2026\/02\/gobierno-de-la-provincia-de-Buenos-Aires.jpg\" alt=\"\" class=\"wp-image-143036\" srcset=\"https:\/\/www.elsindical.com.ar\/notas\/var\/www\/html\/notas\/wp-content\/uploads\/2026\/02\/gobierno-de-la-provincia-de-Buenos-Aires.jpg 889w, https:\/\/www.elsindical.com.ar\/notas\/var\/www\/html\/notas\/wp-content\/uploads\/2026\/02\/gobierno-de-la-provincia-de-Buenos-Aires-300x167.jpg 300w, https:\/\/www.elsindical.com.ar\/notas\/var\/www\/html\/notas\/wp-content\/uploads\/2026\/02\/gobierno-de-la-provincia-de-Buenos-Aires-768x427.jpg 768w\" sizes=\"auto, (max-width: 889px) 100vw, 889px\" \/><\/a><\/figure>\n<\/div>\n\n\n<p>Distintas localidades de la provincia ser\u00e1n sede de cursos gratuitos con salida laboral y certificaci\u00f3n oficial en distintos rubros. Se dictan en el mes de marzo y las localidades son acotadas. Los detalles.<\/p>\n\n\n\n<p>El <strong>Ministerio de Trabajo<\/strong> de la Provincia de <a href=\"https:\/\/www.canal26.com\/general\/2026\/02\/24\/los-videos-del-temporal-en-buenos-aires-importantes-inundaciones-tras-las-intensas-lluvias\/\" target=\"_blank\" rel=\"noreferrer noopener\"><strong>Buenos Aires<\/strong> <\/a>lanz\u00f3 <a href=\"https:\/\/www.canal26.com\/general\/2026\/01\/31\/cursos-de-verano-de-pami-como-inscribirse-y-que-pueden-estudiar-los-jubilados-este-2026\/\" target=\"_blank\" rel=\"noreferrer noopener\"><strong>cursos<\/strong><\/a><strong> gratuitos de formaci\u00f3n laboral, presenciales y con certificaci\u00f3n oficial <\/strong>que comienzan en el mes de <strong>marzo<\/strong>. Para inscribirse es necesario ingresar a la <a href=\"https:\/\/www.canal26.com\/turismo\/2026\/01\/25\/imperdible-para-jubilados-el-destino-de-buenos-aires-con-descuentos-que-combina-naturaleza-historia-y-descanso-para-la-tercera-edad\/\" target=\"_blank\" rel=\"noreferrer noopener\">p\u00e1gina <\/a>oficial del <strong>Instituto Provincial de Formaci\u00f3n Laboral<\/strong> y completar los datos.<\/p>\n\n\n\n<p>Entre las <strong>certificaciones <\/strong>se encuentran: administraci\u00f3n de pymes, asistente de estudio jur\u00eddico y notarial, manejo de rodeos, lustrador, constructor de estufas de inercia t\u00e9rmica y cajero de supermercado, entre otros.<\/p>\n\n\n\n<h2 class=\"wp-block-heading\">Qu\u00e9 cursos gratuitos ofrece la Provincia de Buenos Aires<\/h2>\n\n\n\n<ul class=\"wp-block-list\">\n<li>Administrador de pymes<\/li>\n\n\n\n<li>Asistente de estudio jur\u00eddico y notarial<\/li>\n\n\n\n<li>Manejo de rodeos<\/li>\n\n\n\n<li>Lustrador\/a<\/li>\n\n\n\n<li>Constructor\/a de estufas de inercia t\u00e9rmica<\/li>\n\n\n\n<li>Cajero\/a de super e hipermercado<\/li>\n\n\n\n<li>Capacitaci\u00f3n en producci\u00f3n hidrop\u00f3nica y valor agregado<\/li>\n\n\n\n<li>Carpinter\u00eda de obra fina<\/li>\n\n\n\n<li>Aislacionista<\/li>\n\n\n\n<li>Animador\/a sociocultural art\u00edstica especializada en m\u00fasica<\/li>\n\n\n\n<li>Auxiliar en marketing de servicios<\/li>\n\n\n\n<li>Artesan\u00edas en cer\u00e1mica fr\u00eda para souvenir y decoraci\u00f3n<\/li>\n\n\n\n<li>Asistente ap\u00edcola<\/li>\n\n\n\n<li>Cerrajero\/a<\/li>\n\n\n\n<li>Auxiliar en gesti\u00f3n previsional<\/li>\n\n\n\n<li>Forestador\/a<\/li>\n\n\n\n<li>Barman<\/li>\n\n\n\n<li>Bijouterie<\/li>\n\n\n\n<li>Capacitaci\u00f3n en oratoria<\/li>\n\n\n\n<li>Auxiliar en familia especializado en cuidado de personas con discapacidad<\/li>\n\n\n\n<li>Relaciones laborales y g\u00e9nero<\/li>\n\n\n\n<li>Jardinero\/a<\/li>\n\n\n\n<li>Elaborador\/a de quesos<\/li>\n\n\n\n<li>Gesti\u00f3n, reciclado y reutilizaci\u00f3n de residuos textiles<\/li>\n\n\n\n<li>Administraci\u00f3n general del medio ambiente<\/li>\n\n\n\n<li>Charqueador\/a<\/li>\n\n\n\n<li>Clasificador\/a de oleaginosas<\/li>\n\n\n\n<li>Clasificaci\u00f3n de cereales<\/li>\n\n\n\n<li>Chapista de automotores<\/li>\n\n\n\n<li>Colocaci\u00f3n de revestimiento cl\u00e1sico<\/li>\n\n\n\n<li>Computaci\u00f3n en la nube<\/li>\n\n\n\n<li>Acompa\u00f1ante terap\u00e9utico<\/li>\n\n\n\n<li>Gesti\u00f3n de redes sociales<\/li>\n\n\n\n<li>Liquidaci\u00f3n de impuestos<\/li>\n\n\n\n<li>Cultivo de hongos comestibles<\/li>\n\n\n\n<li>Depostador\/a<\/li>\n\n\n\n<li>Dise\u00f1ador\/a y productor\/a de prototipos metalmec\u00e1nicos<\/li>\n\n\n\n<li>Elaborador\/a de compost y sustratos<\/li>\n\n\n\n<li>Elaborador\/a de conserva de frutas y hortalizas<\/li>\n\n\n\n<li>Elaborador\/a de conservas c\u00e1rnicas, chacinados y salazones.<\/li>\n\n\n\n<li>Fresador\/a<\/li>\n\n\n\n<li>Capacitaci\u00f3n en Lengua de Se\u00f1as Argentina<\/li>\n\n\n\n<li>Cerrajero\/a<\/li>\n\n\n\n<li>Fabricante de calzado<\/li>\n\n\n\n<li>Yesero\/a<\/li>\n\n\n\n<li>Comunicador\/a para organizaciones sociales<\/li>\n\n\n\n<li>Organizaci\u00f3n de eventos<\/li>\n\n\n\n<li>Testing de aplicaciones<\/li>\n\n\n\n<li>Auxiliar contable<\/li>\n\n\n\n<li>Herrero\/a<\/li>\n\n\n\n<li>Bioconstrucci\u00f3n en tierra cruda<\/li>\n\n\n\n<li>Auxiliar odontol\u00f3gico<\/li>\n\n\n\n<li>Hebanista<\/li>\n\n\n\n<li>Huerta bajo nylon<\/li>\n\n\n\n<li>Capacitaci\u00f3n en IA<\/li>\n\n\n\n<li>Confeccionista industrial en prendas de cuero<\/li>\n\n\n\n<li>Gasista domiciliario<\/li>\n\n\n\n<li>C\u00f3mo anotarse a los cursos<\/li>\n\n\n\n<li><strong>Ingresar al buscador:<\/strong>\u00a0desde la web se puede encontrar un buscador con toda la oferta gratuita de formaci\u00f3n laboral.<\/li>\n\n\n\n<li><strong>Registrarse<\/strong>: se crea un usuario y una contrase\u00f1a. En caso de ya estar registrado ingresar los mismos.<\/li>\n\n\n\n<li><strong>Elegir el curso deseado:<\/strong>\u00a0La plataforma ordena los cursos autom\u00e1ticamente desde los que inician m\u00e1s tarde hasta los que ya comenzaron. Hay que prestar especial atenci\u00f3n a las fechas de inicio y finalizaci\u00f3n de cada curso<\/li>\n\n\n\n<li><strong>Preinscribirse<\/strong>: cuando se encuentra el curso que buscado, hacer clic en \u201cPreinscripci\u00f3n\u201d.<\/li>\n\n\n\n<li><strong>Confirmar el lugar:\u00a0<\/strong>luego de la preinscripci\u00f3n online, hay que acercarse al CFL elegido para presentar la documentaci\u00f3n y concretar la inscripci\u00f3n.<\/li>\n<\/ul>\n\n\n\n<h2 class=\"wp-block-heading\">Requisitos para la inscripci\u00f3n a cursos<\/h2>\n\n\n\n<p>Para la inscripci\u00f3n se solicita <strong>copia de frente y dorso del DNI<\/strong> (\u00faltima versi\u00f3n), y <strong>copia de t\u00edtulo primario o secundario<\/strong>, seg\u00fan el curso elegido, y son solo tres requisitos:<\/p>\n\n\n\n<ul class=\"wp-block-list\">\n<li>Tener m\u00e1s de 16 a\u00f1os.<\/li>\n\n\n\n<li>Presentar DNI (\u00faltima versi\u00f3n).<\/li>\n\n\n\n<li>Tener t\u00edtulo nivel primario o secundario.<\/li>\n<\/ul>\n\n\n\n<p><\/p>\n","protected":false},"excerpt":{"rendered":"<p>Distintas localidades de la provincia ser\u00e1n sede de cursos gratuitos con salida laboral y certificaci\u00f3n oficial en distintos rubros. Se dictan en el mes de marzo y las localidades son acotadas. Los detalles. El Ministerio de Trabajo de la Provincia de Buenos Aires lanz\u00f3 cursos gratuitos de formaci\u00f3n laboral, presenciales y con certificaci\u00f3n oficial que&hellip;<\/p>\n","protected":false},"author":1,"featured_media":143036,"comment_status":"open","ping_status":"open","sticky":false,"template":"","format":"standard","meta":{"footnotes":""},"categories":[3],"tags":[46828,2450,11125,46829],"class_list":["post-143035","post","type-post","status-publish","format-standard","has-post-thumbnail","hentry","category-capacitacion","tag-cursos-salida-laboral","tag-diario-el-sindical","tag-ministerio-de-trabajo-bonaerense","tag-salida-laboral"],"_links":{"self":[{"href":"https:\/\/www.elsindical.com.ar\/notas\/wp-json\/wp\/v2\/posts\/143035","targetHints":{"allow":["GET"]}}],"collection":[{"href":"https:\/\/www.elsindical.com.ar\/notas\/wp-json\/wp\/v2\/posts"}],"about":[{"href":"https:\/\/www.elsindical.com.ar\/notas\/wp-json\/wp\/v2\/types\/post"}],"author":[{"embeddable":true,"href":"https:\/\/www.elsindical.com.ar\/notas\/wp-json\/wp\/v2\/users\/1"}],"replies":[{"embeddable":true,"href":"https:\/\/www.elsindical.com.ar\/notas\/wp-json\/wp\/v2\/comments?post=143035"}],"version-history":[{"count":1,"href":"https:\/\/www.elsindical.com.ar\/notas\/wp-json\/wp\/v2\/posts\/143035\/revisions"}],"predecessor-version":[{"id":143037,"href":"https:\/\/www.elsindical.com.ar\/notas\/wp-json\/wp\/v2\/posts\/143035\/revisions\/143037"}],"wp:featuredmedia":[{"embeddable":true,"href":"https:\/\/www.elsindical.com.ar\/notas\/wp-json\/wp\/v2\/media\/143036"}],"wp:attachment":[{"href":"https:\/\/www.elsindical.com.ar\/notas\/wp-json\/wp\/v2\/media?parent=143035"}],"wp:term":[{"taxonomy":"category","embeddable":true,"href":"https:\/\/www.elsindical.com.ar\/notas\/wp-json\/wp\/v2\/categories?post=143035"},{"taxonomy":"post_tag","embeddable":true,"href":"https:\/\/www.elsindical.com.ar\/notas\/wp-json\/wp\/v2\/tags?post=143035"}],"curies":[{"name":"wp","href":"https:\/\/api.w.org\/{rel}","templated":true}]}}