{"id":143028,"date":"2026-02-23T20:49:51","date_gmt":"2026-02-23T23:49:51","guid":{"rendered":"https:\/\/www.elsindical.com.ar\/notas\/?p=143028"},"modified":"2026-02-23T20:49:57","modified_gmt":"2026-02-23T23:49:57","slug":"un-hogar-promedio-del-amba-gasto-mas-de-190-000-pesos-para-cubrir-los-servicios-publicos","status":"publish","type":"post","link":"https:\/\/www.elsindical.com.ar\/notas\/un-hogar-promedio-del-amba-gasto-mas-de-190-000-pesos-para-cubrir-los-servicios-publicos\/","title":{"rendered":"Un hogar promedio del AMBA gast\u00f3 m\u00e1s de 190.000 pesos para cubrir los servicios p\u00fablicos"},"content":{"rendered":"<div class=\"wp-block-image\">\n<figure class=\"aligncenter size-full\"><a href=\"https:\/\/www.elsindical.com.ar\/notas\/var\/www\/html\/notas\/wp-content\/uploads\/2026\/01\/pagos-de-servicios-y-tarifas.jpg\"><img loading=\"lazy\" decoding=\"async\" width=\"650\" height=\"396\" src=\"https:\/\/www.elsindical.com.ar\/notas\/var\/www\/html\/notas\/wp-content\/uploads\/2026\/01\/pagos-de-servicios-y-tarifas.jpg\" alt=\"\" class=\"wp-image-142516\" srcset=\"https:\/\/www.elsindical.com.ar\/notas\/var\/www\/html\/notas\/wp-content\/uploads\/2026\/01\/pagos-de-servicios-y-tarifas.jpg 650w, https:\/\/www.elsindical.com.ar\/notas\/var\/www\/html\/notas\/wp-content\/uploads\/2026\/01\/pagos-de-servicios-y-tarifas-300x183.jpg 300w\" sizes=\"auto, (max-width: 650px) 100vw, 650px\" \/><\/a><\/figure>\n<\/div>\n\n\n<p>El costo promedio de los servicios p\u00fablicos para un hogar representativo del \u00c1rea Metropolitana de Buenos Aires (AMBA) <strong>aument\u00f3 diez puntos por encima de la inflaci\u00f3n en febrero a nivel interanual.<\/strong> As\u00ed lo se\u00f1al\u00f3 un reporte elaborado por el Observatorio de Tarifas y Subsidios IIEP a cargo de la UBA-Conicet.<\/p>\n\n\n\n<p>El informe expuso que en febrero un hogar promedio del AMBA, <strong>sin subsidios, gast\u00f3 $192.181 al mes en cubrir sus necesidades energ\u00e9ticas, de transporte y de agua potable en la vivienda, lo que i<\/strong>mplica un 0,3% menos que en enero, y es 41% superior al de igual mes de 2025.<\/p>\n\n\n\n<p>De esta modo, el costo de la canasta total de servicios p\u00fablicos en el segundo mes del a\u00f1o se ubic\u00f3 <strong>diez puntos porcentuales por encima del \u00cdndice de Precios al Consumidor (IPC) del mismo per\u00edodo,<\/strong> cuya variaci\u00f3n se estima en 31% interanual.<\/p>\n\n\n\n<p>Al argumentar la reducci\u00f3n mensual, el IIEP sostuvo que \u201cse explica esencialmente por la <strong>disminuci\u00f3n de las cantidades consumidas de energ\u00eda el\u00e9ctrica, gas y agua<\/strong>, producto de factores estacionales, que compensaron el aumento generalizado de los cuadros tarifarios\u201d.<\/p>\n\n\n\n<h2 class=\"wp-block-heading\">Los incrementos en cada servicio<\/h2>\n\n\n\n<p>El informe precis\u00f3 que, en lo que respecta al gas, \u201cen febrero a<strong>umenta 3,2% el cargo fijo y 20% el cargo variable en promedio,<\/strong> explicado por la quita total de subsidios durante el periodo de verano para todos los usuarios en particular para quienes lo recib\u00edan\u201d y contextualiz\u00f3 que \u201cse registra una reducci\u00f3n de las cantidades consumidas por estacionalidad\u201d.<\/p>\n\n\n\n<p>En este sentido, puntualiz\u00f3 que \u201cel efecto cantidades compensa parcialmente el incremento tarifario derivando en <strong>un incremento de la factura del 7,4% para un usuario sin subsidios y del 21% para un usuario que hasta el mes pasado recibi\u00f3 subsidios<\/strong> y que ahora integra el \u00fanico segmento \u2018no subsidiado\u2019\u201d.<\/p>\n\n\n\n<p>En cuanto a la energ\u00eda el\u00e9ctrica, especific\u00f3 que <strong>\u201cel pico de consumo lleg\u00f3 a su m\u00e1ximo en enero\u201d,<\/strong> se\u00f1alando que \u201cen febrero el efecto de menor consumo se compensa por el incremento en los cuadros tarifarios que aument\u00f3 3% en el cargo fijo mientras el cargo variable se increment\u00f3 14,1% para usuarios sin subsidio\u201d.<\/p>\n\n\n\n<p>Por el lado de los <strong>colectivos<\/strong>, el reporte reflej\u00f3 que mientras, el boleto de las l\u00edneas de la Ciudad aument\u00f3 con IPC+2% (esto arroja un 4,8% en febrero), las l\u00edneas interjurisdiccionales a cargo de Naci\u00f3n, luego de tener un aumento del 9,7% en noviembre de 2025, mantienen invariante el precio del boleto. Por esto, el costo promedio ponderado del boleto de colectivos, en febrero, aument\u00f3 3%.<\/p>\n\n\n\n<p>En el caso del agua, indic\u00f3 que \u201c<strong>se incrementa el cuadro tarifario a la vez que el consumo se ajusta por cantidad de d\u00edas del mes\u201d <\/strong>y agreg\u00f3 que \u201ca partir del primer mes de 2026 se establece un sendero de incrementos hasta abril con topes mensuales del 4%\u201d.<\/p>\n\n\n\n<p>Y en la desagregaci\u00f3n interanual por servicio, el estudio manifest\u00f3 que \u201cse observa que el <strong>incremento interanual m\u00e1s importante fue en la factura de transporte <\/strong>con un aumento del 56% respecto a febrero de 2025, es decir, por encima del IPC estimado\u201d.<\/p>\n\n\n\n<p>El informe tambi\u00e9n evalu\u00f3 el peso de las tarifas en los sueldos puntualizando que \u201cla canasta de servicios p\u00fablicos del AMBA de febrero <strong>representa el 11% del salario promedio registrado estimado del mes <\/strong>($1.733.146)\u201d, o bien detall\u00f3 que \u201ccon un salario alcanza para comprar nueve canastas de servicios p\u00fablicos (vs 9,6 en febrero de 2025)\u201d.<\/p>\n","protected":false},"excerpt":{"rendered":"<p>El costo promedio de los servicios p\u00fablicos para un hogar representativo del \u00c1rea Metropolitana de Buenos Aires (AMBA) aument\u00f3 diez puntos por encima de la inflaci\u00f3n en febrero a nivel interanual. As\u00ed lo se\u00f1al\u00f3 un reporte elaborado por el Observatorio de Tarifas y Subsidios IIEP a cargo de la UBA-Conicet. El informe expuso que en&hellip;<\/p>\n","protected":false},"author":1,"featured_media":142516,"comment_status":"open","ping_status":"open","sticky":false,"template":"","format":"standard","meta":{"footnotes":""},"categories":[9],"tags":[3468,5614,2450,22023,28587,28579,25901,46826,1885],"class_list":["post-143028","post","type-post","status-publish","format-standard","has-post-thumbnail","hentry","category-economia","tag-amba","tag-conicet","tag-diario-el-sindical","tag-economia","tag-familia-tipo","tag-incrementos","tag-ipc","tag-observatorio-de-tarifas","tag-uba"],"_links":{"self":[{"href":"https:\/\/www.elsindical.com.ar\/notas\/wp-json\/wp\/v2\/posts\/143028","targetHints":{"allow":["GET"]}}],"collection":[{"href":"https:\/\/www.elsindical.com.ar\/notas\/wp-json\/wp\/v2\/posts"}],"about":[{"href":"https:\/\/www.elsindical.com.ar\/notas\/wp-json\/wp\/v2\/types\/post"}],"author":[{"embeddable":true,"href":"https:\/\/www.elsindical.com.ar\/notas\/wp-json\/wp\/v2\/users\/1"}],"replies":[{"embeddable":true,"href":"https:\/\/www.elsindical.com.ar\/notas\/wp-json\/wp\/v2\/comments?post=143028"}],"version-history":[{"count":1,"href":"https:\/\/www.elsindical.com.ar\/notas\/wp-json\/wp\/v2\/posts\/143028\/revisions"}],"predecessor-version":[{"id":143029,"href":"https:\/\/www.elsindical.com.ar\/notas\/wp-json\/wp\/v2\/posts\/143028\/revisions\/143029"}],"wp:featuredmedia":[{"embeddable":true,"href":"https:\/\/www.elsindical.com.ar\/notas\/wp-json\/wp\/v2\/media\/142516"}],"wp:attachment":[{"href":"https:\/\/www.elsindical.com.ar\/notas\/wp-json\/wp\/v2\/media?parent=143028"}],"wp:term":[{"taxonomy":"category","embeddable":true,"href":"https:\/\/www.elsindical.com.ar\/notas\/wp-json\/wp\/v2\/categories?post=143028"},{"taxonomy":"post_tag","embeddable":true,"href":"https:\/\/www.elsindical.com.ar\/notas\/wp-json\/wp\/v2\/tags?post=143028"}],"curies":[{"name":"wp","href":"https:\/\/api.w.org\/{rel}","templated":true}]}}