{"id":143021,"date":"2026-02-23T20:40:20","date_gmt":"2026-02-23T23:40:20","guid":{"rendered":"https:\/\/www.elsindical.com.ar\/notas\/?p=143021"},"modified":"2026-02-23T20:40:25","modified_gmt":"2026-02-23T23:40:25","slug":"desde-que-javier-milei-es-presidente-se-perdieron-mas-de-290-000-empleos","status":"publish","type":"post","link":"https:\/\/www.elsindical.com.ar\/notas\/desde-que-javier-milei-es-presidente-se-perdieron-mas-de-290-000-empleos\/","title":{"rendered":"Desde que Javier Milei es presidente se perdieron m\u00e1s de 290.000 empleos"},"content":{"rendered":"<div class=\"wp-block-image\">\n<figure class=\"aligncenter size-full\"><a href=\"https:\/\/www.elsindical.com.ar\/notas\/var\/www\/html\/notas\/wp-content\/uploads\/2026\/02\/despidos-ya.jpg\"><img loading=\"lazy\" decoding=\"async\" width=\"504\" height=\"565\" src=\"https:\/\/www.elsindical.com.ar\/notas\/var\/www\/html\/notas\/wp-content\/uploads\/2026\/02\/despidos-ya.jpg\" alt=\"\" class=\"wp-image-143022\" srcset=\"https:\/\/www.elsindical.com.ar\/notas\/var\/www\/html\/notas\/wp-content\/uploads\/2026\/02\/despidos-ya.jpg 504w, https:\/\/www.elsindical.com.ar\/notas\/var\/www\/html\/notas\/wp-content\/uploads\/2026\/02\/despidos-ya-268x300.jpg 268w\" sizes=\"auto, (max-width: 504px) 100vw, 504px\" \/><\/a><\/figure>\n<\/div>\n\n\n<p>Desde la asunci\u00f3n del presidente Javier Milei, el entramado empresarial argentino <strong>sufri\u00f3 una marcada retracci\u00f3n que result\u00f3 en la desaparici\u00f3n de 21.938 empresas. <\/strong>Seg\u00fan cifras oficiales de la Superintendencia de Riesgos del Trabajo (SRT), el n\u00famero de empleadores con trabajadores registrados cay\u00f3 de 512.357 en noviembre de 2023 a 490.419 en el mismo mes de 2025.<\/p>\n\n\n\n<p>Esta tendencia negativa equivale a un promedio de 30 cierres por d\u00eda durante los primeros 24 meses de gesti\u00f3n. <strong>El proceso de descapitalizaci\u00f3n mostr\u00f3 su mayor intensidad durante el primer semestre de 2024, tras la devaluaci\u00f3n y el ajuste fiscal,<\/strong> y aunque luego registr\u00f3 una desaceleraci\u00f3n, solo en noviembre de 2025 se contabilizaron 892 bajas netas.<\/p>\n\n\n\n<p>El impacto seg\u00fan el tama\u00f1o de la firma revela que <strong>las empresas de hasta 500 trabajadores concentraron el 99,63% de las clausuras.<\/strong> En contraste, las grandes compa\u00f1\u00edas de m\u00e1s de 501 empleados explicaron apenas el 0,37% del total, lo que evidencia que la crisis afect\u00f3 de manera casi exclusiva al segmento de las peque\u00f1as y medianas empresas.<\/p>\n\n\n\n<p>Asimismo, el an\u00e1lisis del ciclo de vida empresarial arroja que el<strong> 34% de las firmas que cesaron actividades ten\u00edan menos de tres a\u00f1os de antig\u00fcedad. <\/strong>Esta estad\u00edstica, relevada entre el tercer trimestre de 2024 y el segundo de 2025, expone la fragilidad de los nuevos emprendimientos frente al actual contexto macroecon\u00f3mico.<\/p>\n\n\n\n<p>La contracci\u00f3n del parque empresarial deriv\u00f3 en la <strong>p\u00e9rdida de 290.600 puestos de trabajo registrados, una disminuci\u00f3n del 2,77% del total de la masa laboral.<\/strong> El sector m\u00e1s afectado en t\u00e9rminos absolutos fue la administraci\u00f3n p\u00fablica, con 130.149 bajas, seguido por la industria manufacturera y la construcci\u00f3n, esta \u00faltima con una ca\u00edda relativa del 15%.<\/p>\n\n\n\n<p>En cuanto a los rubros comerciales, transporte y almacenamiento encabez\u00f3 la lista de desaparici\u00f3n de empleadores con una baja del 13,3%. Detr\u00e1s se ubicaron el comercio mayorista y minorista, los servicios inmobiliarios y los servicios profesionales, <strong>consolidando una tendencia de retroceso que promedia los 400 empleos menos por d\u00eda.<\/strong><\/p>\n\n\n\n<p>Finalmente, <strong>el segmento de casas particulares perdi\u00f3 26.792 puestos <\/strong>en el periodo analizado, funcionando como un indicador cr\u00edtico de la econom\u00eda dom\u00e9stica. Desde el CEPA se\u00f1alaron que este sector \u201ces un term\u00f3metro sensible\u201d y que su ca\u00edda es se\u00f1al de que los hogares ajustan gastos, aumentando la informalidad como mecanismo de subsistencia.<\/p>\n","protected":false},"excerpt":{"rendered":"<p>Desde la asunci\u00f3n del presidente Javier Milei, el entramado empresarial argentino sufri\u00f3 una marcada retracci\u00f3n que result\u00f3 en la desaparici\u00f3n de 21.938 empresas. Seg\u00fan cifras oficiales de la Superintendencia de Riesgos del Trabajo (SRT), el n\u00famero de empleadores con trabajadores registrados cay\u00f3 de 512.357 en noviembre de 2023 a 490.419 en el mismo mes de&hellip;<\/p>\n","protected":false},"author":1,"featured_media":143022,"comment_status":"open","ping_status":"open","sticky":false,"template":"","format":"standard","meta":{"footnotes":""},"categories":[9,25],"tags":[53,2450,22023,2105,28812,125],"class_list":["post-143021","post","type-post","status-publish","format-standard","has-post-thumbnail","hentry","category-economia","category-sociedad","tag-despidos","tag-diario-el-sindical","tag-economia","tag-empresas","tag-javier-milei","tag-trabajadores"],"_links":{"self":[{"href":"https:\/\/www.elsindical.com.ar\/notas\/wp-json\/wp\/v2\/posts\/143021","targetHints":{"allow":["GET"]}}],"collection":[{"href":"https:\/\/www.elsindical.com.ar\/notas\/wp-json\/wp\/v2\/posts"}],"about":[{"href":"https:\/\/www.elsindical.com.ar\/notas\/wp-json\/wp\/v2\/types\/post"}],"author":[{"embeddable":true,"href":"https:\/\/www.elsindical.com.ar\/notas\/wp-json\/wp\/v2\/users\/1"}],"replies":[{"embeddable":true,"href":"https:\/\/www.elsindical.com.ar\/notas\/wp-json\/wp\/v2\/comments?post=143021"}],"version-history":[{"count":1,"href":"https:\/\/www.elsindical.com.ar\/notas\/wp-json\/wp\/v2\/posts\/143021\/revisions"}],"predecessor-version":[{"id":143023,"href":"https:\/\/www.elsindical.com.ar\/notas\/wp-json\/wp\/v2\/posts\/143021\/revisions\/143023"}],"wp:featuredmedia":[{"embeddable":true,"href":"https:\/\/www.elsindical.com.ar\/notas\/wp-json\/wp\/v2\/media\/143022"}],"wp:attachment":[{"href":"https:\/\/www.elsindical.com.ar\/notas\/wp-json\/wp\/v2\/media?parent=143021"}],"wp:term":[{"taxonomy":"category","embeddable":true,"href":"https:\/\/www.elsindical.com.ar\/notas\/wp-json\/wp\/v2\/categories?post=143021"},{"taxonomy":"post_tag","embeddable":true,"href":"https:\/\/www.elsindical.com.ar\/notas\/wp-json\/wp\/v2\/tags?post=143021"}],"curies":[{"name":"wp","href":"https:\/\/api.w.org\/{rel}","templated":true}]}}