{"id":143010,"date":"2026-02-23T20:10:35","date_gmt":"2026-02-23T23:10:35","guid":{"rendered":"https:\/\/www.elsindical.com.ar\/notas\/?p=143010"},"modified":"2026-02-23T20:26:42","modified_gmt":"2026-02-23T23:26:42","slug":"el-dfi-detuvo-a-una-mujer-por-defraudacion-y-administracion-fraudulenta-en-concurso-real-con-falsa-denuncia","status":"publish","type":"post","link":"https:\/\/www.elsindical.com.ar\/notas\/el-dfi-detuvo-a-una-mujer-por-defraudacion-y-administracion-fraudulenta-en-concurso-real-con-falsa-denuncia\/","title":{"rendered":"El DFI detuvo a una mujer por defraudaci\u00f3n y administraci\u00f3n fraudulenta en concurso real con falsa denuncia"},"content":{"rendered":"<div class=\"wp-block-image\">\n<figure class=\"aligncenter size-large is-resized\"><a href=\"https:\/\/www.elsindical.com.ar\/notas\/var\/www\/html\/notas\/wp-content\/uploads\/2026\/02\/PFA-detenida-por-defraudacion-23-febrero-26-1.jpeg\"><img loading=\"lazy\" decoding=\"async\" width=\"768\" height=\"1024\" src=\"https:\/\/www.elsindical.com.ar\/notas\/var\/www\/html\/notas\/wp-content\/uploads\/2026\/02\/PFA-detenida-por-defraudacion-23-febrero-26-1-768x1024.jpeg\" alt=\"\" class=\"wp-image-143011\" style=\"width:570px;height:auto\" srcset=\"https:\/\/www.elsindical.com.ar\/notas\/var\/www\/html\/notas\/wp-content\/uploads\/2026\/02\/PFA-detenida-por-defraudacion-23-febrero-26-1-768x1024.jpeg 768w, https:\/\/www.elsindical.com.ar\/notas\/var\/www\/html\/notas\/wp-content\/uploads\/2026\/02\/PFA-detenida-por-defraudacion-23-febrero-26-1-225x300.jpeg 225w, https:\/\/www.elsindical.com.ar\/notas\/var\/www\/html\/notas\/wp-content\/uploads\/2026\/02\/PFA-detenida-por-defraudacion-23-febrero-26-1.jpeg 960w\" sizes=\"auto, (max-width: 768px) 100vw, 768px\" \/><\/a><\/figure>\n<\/div>\n\n\n<p>En el marco de un procedimiento coordinado por el Ministerio de Seguridad Nacional, efectivos del Departamento Federal de Investigaciones (DFI) de la Polic\u00eda Federal Argentina (PFA) concretaron la detenci\u00f3n de una mujer sobre quien pesaba un pedido de captura nacional e internacional vigente por el delito de \u201cdefraudaci\u00f3n por administraci\u00f3n fraudulenta en concurso real con falsa denuncia\u201d.<\/p>\n\n\n\n<p>A la imputada se le atribuye un hecho ocurrido el d\u00eda 1\u00b0 de agosto de 2023, oportunidad en la que, desempe\u00f1\u00e1ndose como vendedora, cobradora y encargada de caja en un comercio del tipo maxikiosco que brindaba servicios de cobranza de distintos impuestos, y teniendo a su cargo la gesti\u00f3n y administraci\u00f3n de los fondos provenientes de ambas actividades, con la finalidad de obtener para s\u00ed un beneficio econ\u00f3mico indebido, habr\u00eda lesionado los intereses confiados por su empleadora al apropiarse de una suma millonaria de dinero correspondiente a pagos realizados mediante dicho sistema de cobros de servicios y ventas del local, importes que deb\u00edan ser depositados en las cajas de seguridad del comercio.<\/p>\n\n\n\n<p>Posteriormente, se hizo presente en la Comisar\u00eda Oeste 1\u00aa de La Matanza, dependiente de la Polic\u00eda de la Provincia de Buenos Aires, donde denunci\u00f3 falsamente haber sido v\u00edctima, por parte de varios individuos de sexo masculino, de la sustracci\u00f3n de la totalidad de la recaudaci\u00f3n del comercio mencionado, cuando en realidad dicho suceso nunca ocurri\u00f3, formulando la denuncia con el prop\u00f3sito de evitar ser descubierta en relaci\u00f3n con la defraudaci\u00f3n perpetrada.<\/p>\n\n\n\n<p>Radicada la correspondiente denuncia, la Unidad Funcional de Instrucci\u00f3n y Juicio N\u00b0 6, a cargo de la Dra. Marian Teresa Sogio, solicit\u00f3 la carga de la notificaci\u00f3n roja a Interpol, en raz\u00f3n de existir riesgo de fuga hacia el exterior del pa\u00eds, encomendando posteriormente la investigaci\u00f3n a los detectives de la Divisi\u00f3n B\u00fasqueda de Pr\u00f3fugos de la PFA.<\/p>\n\n\n\n<p>A partir de arduas tareas investigativas, los efectivos federales determinaron que la pr\u00f3fuga se trasladar\u00eda desde la Terminal de \u00d3mnibus de Liniers, en esta Ciudad Aut\u00f3noma de Buenos Aires, hacia la ciudad de Mar del Plata, dado que hab\u00eda adquirido un pasaje de micro de larga distancia con ese recorrido.<\/p>\n\n\n\n<p>Con la anuencia del Juzgado de Garant\u00edas N\u00b0 3 del Departamento Judicial de La Matanza, a cargo del Dr. Rub\u00e9n Norberto Ochipinti, se dispuso la implementaci\u00f3n de una vigilancia discreta en el lugar, a partir de la cual se logr\u00f3 observar a una persona cuyas caracter\u00edsticas fison\u00f3micas coincid\u00edan con las de la pr\u00f3fuga, motivo por el cual se procedi\u00f3 a su identificaci\u00f3n positiva y a la concreci\u00f3n de su detenci\u00f3n.<\/p>\n\n\n\n<p>La detenida, de nacionalidad argentina y 21 a\u00f1os de edad, qued\u00f3 a disposici\u00f3n del magistrado interventor, imputada por el delito de \u201cdefraudaci\u00f3n por administraci\u00f3n fraudulenta en concurso real con falsa denuncia\u201d, a la espera de las actuaciones procesales de rigor.<\/p>\n\n\n<div class=\"wp-block-image\">\n<figure class=\"aligncenter size-large\"><a href=\"https:\/\/www.elsindical.com.ar\/notas\/var\/www\/html\/notas\/wp-content\/uploads\/2026\/02\/PFA-detenida-por-defraudacion-23-febrero-26-2.jpeg\"><img loading=\"lazy\" decoding=\"async\" width=\"1024\" height=\"943\" src=\"https:\/\/www.elsindical.com.ar\/notas\/var\/www\/html\/notas\/wp-content\/uploads\/2026\/02\/PFA-detenida-por-defraudacion-23-febrero-26-2-1024x943.jpeg\" alt=\"\" class=\"wp-image-143012\" srcset=\"https:\/\/www.elsindical.com.ar\/notas\/var\/www\/html\/notas\/wp-content\/uploads\/2026\/02\/PFA-detenida-por-defraudacion-23-febrero-26-2-1024x943.jpeg 1024w, https:\/\/www.elsindical.com.ar\/notas\/var\/www\/html\/notas\/wp-content\/uploads\/2026\/02\/PFA-detenida-por-defraudacion-23-febrero-26-2-300x276.jpeg 300w, https:\/\/www.elsindical.com.ar\/notas\/var\/www\/html\/notas\/wp-content\/uploads\/2026\/02\/PFA-detenida-por-defraudacion-23-febrero-26-2-768x708.jpeg 768w, https:\/\/www.elsindical.com.ar\/notas\/var\/www\/html\/notas\/wp-content\/uploads\/2026\/02\/PFA-detenida-por-defraudacion-23-febrero-26-2.jpeg 1257w\" sizes=\"auto, (max-width: 1024px) 100vw, 1024px\" \/><\/a><\/figure>\n<\/div>\n\n\n<figure class=\"wp-block-embed is-type-video is-provider-youtube wp-block-embed-youtube wp-embed-aspect-16-9 wp-has-aspect-ratio\"><div class=\"wp-block-embed__wrapper\">\n<iframe loading=\"lazy\" title=\"La DFI detuvo a una mujer pr\u00f3fuga por estafa, defraudaci\u00f3n y falsa denuncia\" width=\"700\" height=\"394\" src=\"https:\/\/www.youtube.com\/embed\/j-vH_oY_MkQ?feature=oembed\" frameborder=\"0\" allow=\"accelerometer; autoplay; clipboard-write; encrypted-media; gyroscope; picture-in-picture; web-share\" referrerpolicy=\"strict-origin-when-cross-origin\" allowfullscreen><\/iframe>\n<\/div><\/figure>\n","protected":false},"excerpt":{"rendered":"<p>En el marco de un procedimiento coordinado por el Ministerio de Seguridad Nacional, efectivos del Departamento Federal de Investigaciones (DFI) de la Polic\u00eda Federal Argentina (PFA) concretaron la detenci\u00f3n de una mujer sobre quien pesaba un pedido de captura nacional e internacional vigente por el delito de \u201cdefraudaci\u00f3n por administraci\u00f3n fraudulenta en concurso real con&hellip;<\/p>\n","protected":false},"author":1,"featured_media":143011,"comment_status":"open","ping_status":"open","sticky":false,"template":"","format":"standard","meta":{"footnotes":""},"categories":[22],"tags":[237,45569,2450,46819,1401,698],"class_list":["post-143010","post","type-post","status-publish","format-standard","has-post-thumbnail","hentry","category-policiales","tag-detenida","tag-dfi","tag-diario-el-sindical","tag-fiscal-marian-teresa-sogio","tag-la-matanza","tag-pfa"],"_links":{"self":[{"href":"https:\/\/www.elsindical.com.ar\/notas\/wp-json\/wp\/v2\/posts\/143010","targetHints":{"allow":["GET"]}}],"collection":[{"href":"https:\/\/www.elsindical.com.ar\/notas\/wp-json\/wp\/v2\/posts"}],"about":[{"href":"https:\/\/www.elsindical.com.ar\/notas\/wp-json\/wp\/v2\/types\/post"}],"author":[{"embeddable":true,"href":"https:\/\/www.elsindical.com.ar\/notas\/wp-json\/wp\/v2\/users\/1"}],"replies":[{"embeddable":true,"href":"https:\/\/www.elsindical.com.ar\/notas\/wp-json\/wp\/v2\/comments?post=143010"}],"version-history":[{"count":2,"href":"https:\/\/www.elsindical.com.ar\/notas\/wp-json\/wp\/v2\/posts\/143010\/revisions"}],"predecessor-version":[{"id":143014,"href":"https:\/\/www.elsindical.com.ar\/notas\/wp-json\/wp\/v2\/posts\/143010\/revisions\/143014"}],"wp:featuredmedia":[{"embeddable":true,"href":"https:\/\/www.elsindical.com.ar\/notas\/wp-json\/wp\/v2\/media\/143011"}],"wp:attachment":[{"href":"https:\/\/www.elsindical.com.ar\/notas\/wp-json\/wp\/v2\/media?parent=143010"}],"wp:term":[{"taxonomy":"category","embeddable":true,"href":"https:\/\/www.elsindical.com.ar\/notas\/wp-json\/wp\/v2\/categories?post=143010"},{"taxonomy":"post_tag","embeddable":true,"href":"https:\/\/www.elsindical.com.ar\/notas\/wp-json\/wp\/v2\/tags?post=143010"}],"curies":[{"name":"wp","href":"https:\/\/api.w.org\/{rel}","templated":true}]}}