{"id":142998,"date":"2026-02-22T23:05:10","date_gmt":"2026-02-23T02:05:10","guid":{"rendered":"https:\/\/www.elsindical.com.ar\/notas\/?p=142998"},"modified":"2026-02-22T23:18:23","modified_gmt":"2026-02-23T02:18:23","slug":"pinamar-2050-los-negociados-de-la-corrupcion-y-justicia-por-fausto-presente","status":"publish","type":"post","link":"https:\/\/www.elsindical.com.ar\/notas\/pinamar-2050-los-negociados-de-la-corrupcion-y-justicia-por-fausto-presente\/","title":{"rendered":"Pinamar 2050 los negociados de la corrupci\u00f3n y justicia por Fausto presente"},"content":{"rendered":"<div class=\"wp-block-image\">\n<figure class=\"aligncenter size-large is-resized\"><a href=\"https:\/\/www.elsindical.com.ar\/notas\/var\/www\/html\/notas\/wp-content\/uploads\/2026\/02\/Pinamar-2050-proyecto.jpeg\"><img loading=\"lazy\" decoding=\"async\" width=\"822\" height=\"1024\" src=\"https:\/\/www.elsindical.com.ar\/notas\/var\/www\/html\/notas\/wp-content\/uploads\/2026\/02\/Pinamar-2050-proyecto-822x1024.jpeg\" alt=\"\" class=\"wp-image-143001\" style=\"width:518px;height:auto\" srcset=\"https:\/\/www.elsindical.com.ar\/notas\/var\/www\/html\/notas\/wp-content\/uploads\/2026\/02\/Pinamar-2050-proyecto-822x1024.jpeg 822w, https:\/\/www.elsindical.com.ar\/notas\/var\/www\/html\/notas\/wp-content\/uploads\/2026\/02\/Pinamar-2050-proyecto-241x300.jpeg 241w, https:\/\/www.elsindical.com.ar\/notas\/var\/www\/html\/notas\/wp-content\/uploads\/2026\/02\/Pinamar-2050-proyecto-768x957.jpeg 768w, https:\/\/www.elsindical.com.ar\/notas\/var\/www\/html\/notas\/wp-content\/uploads\/2026\/02\/Pinamar-2050-proyecto.jpeg 1024w\" sizes=\"auto, (max-width: 822px) 100vw, 822px\" \/><\/a><\/figure>\n<\/div>\n\n\n<p>   Como era de esperar en un cobarde, el intendente <strong>Juan Manuel Ibarguren<\/strong>, no se hizo presente en la audiencia p\u00fablica para debatir importantes cambios en la diagramaci\u00f3n de la ciudad de Pinamar, un hecho de suma importancia porque es lo que va a definir no solo la estructura de la ciudad, la est\u00e9tica, la forma de negocios inmobiliarios y de alguna manera esto repercute en la recaudaci\u00f3n municipal o por lo menos deber\u00eda hacerlo.<\/p>\n\n\n\n<p>Se promete mucho con el plan Pinamar 2050, su objetivo es equilibrar el desarrollo econ\u00f3mico, la preservaci\u00f3n ambiental y la calidad de vida de la ciudad, todo muy lindo en frases, pero la realidad es muy distinta, habla de preservaci\u00f3n ambiental un gobierno denunciado varias veces por contaminar los suelos de Pinamar y de General Madariaga al ser incapaz de controlar los piletones de excrementos, con una obra demorada por a\u00f1os y que reci\u00e9n ahora prometen realizar, pero sin certezas de plazos y tampoco hay un estudio si va a ser suficiente para lo que se propone en este nuevo ordenamiento.<\/p>\n\n\n\n<p>El gobierno municipal simula un inter\u00e9s genuino en los vecinos, cuando la historia nos muestra que los \u00fanicos beneficiados han sido los pol\u00edticos locales, los empresarios que llegan con inversiones millonarias y la precarizaci\u00f3n laboral permitida por los gobiernos tanto del municipio como de la gobernaci\u00f3n.<\/p>\n\n\n\n<p>El negocio inmobiliario es un para\u00edso en Pinamar, se construye sin muchos requisitos, con mucho menos controles, se paga mano de obra barata y se vende caro.<\/p>\n\n\n\n<p>Ni siquiera se pagan las v\u00edctimas heridas o muertas en las obras donde es m\u00e1s barato pagar la coima a la <strong>UOCRA<\/strong>, que cumplir con todas las medidas de seguridad.<\/p>\n\n\n\n<p>Es incre\u00edble que la \u00fanica voz que se escucha pidiendo justicia y tratando de evitar m\u00e1s muertes sea la de la mam\u00e1 de Fausto, subestimado por los pol\u00edticos, empezando por el intendente, que ahora se siente fuerte con un HCD donde todos los concejales tienen v\u00ednculos con los negocios de forma directa o indirecta, pero todos con intenciones de hacer negocios m\u00e1s que legislar por los vecinos.<\/p>\n\n\n\n<p>En ese punto habr\u00e1 que pensar \u00bfqu\u00e9 votan los vecinos?<\/p>\n\n\n\n<h2 class=\"wp-block-heading\">Public\u00f3 Carina Zabala<\/h2>\n\n\n\n<p>Audiencia p\u00fablica Pinamar 2050<\/p>\n\n\n\n<p>Si van a llevar a cabo este proyecto como realizaron la audiencia , estaremos peor q la foto ilustrativa.<\/p>\n\n\n\n<p>Una audiencia p\u00fablica donde los ciudadanos fuimos citados a las 9 hs para acreditarnos . Tendr\u00edamos 5 minutos cada uno para exponer preguntas o inquietudes sobre el proyecto.<\/p>\n\n\n\n<p>Pero la participaci\u00f3n ciudadana fue un circo ,una puesta en escena donde los funcionarios de la secretar\u00eda de planeamiento se adue\u00f1aron del tiempo : monopolizaron la palabra. Dos horas y media donde tuvimos que permanecer sentados y \u00abcalladitos\u00bb porque la concejala se enojaba y con mala cara te ordenaba callar. Escuchamos sobre impacto ecol\u00f3gico, recuperaci\u00f3n h\u00eddrica , para<\/p>\n\n\n\n<p>\u00abjustificar el negocio inmobiliario Pinamar 2050\u00bb<\/p>\n\n\n\n<p>Por momentos sent\u00ed que me vend\u00edan espejitos de colores , espejitos que un habitante de Saturno comprar\u00eda, pero yo soy una pinamarense que vive la realidad .<\/p>\n\n\n\n<p>Las fotos que nos mostraban nada ten\u00edan que ver con la gesti\u00f3n que veo en la calle. En una vi una m\u00e1quina para limpiar las playas de escombros , eso era el aval de que cuidan el medio ambiente!<\/p>\n\n\n\n<p>Los escuchaba y pensaba Y EL RECURSO HUMANO, Y LA SEGURIDAD?<\/p>\n\n\n\n<p>Algunos ciudadanos pidieron que terminar\u00e1n la exposici\u00f3n y permitieran al \u00abpueblo hacer lo prometido : hablar\u00bb<\/p>\n\n\n\n<p>Menos de 10 ciudadanos pudieron hacer uso de la palabra , entre ellos, algunos que se han visto \u00abbeneficiados por el poder pol\u00edtico desde hace d\u00e9cadas en Pinamar; obviamente estos tiraron flores al municipio y al proyecto.<\/p>\n\n\n\n<p>La tensi\u00f3n y la impaciencia de los presentes se hizo sentir , agrav\u00e1ndose por el antip\u00e1tico trato de la concejala Llamazares que con micr\u00f3fono en mano levantaba la voz a ciudadanos para los cuales ella deber\u00eda trabajar d\u00eda a d\u00eda como funcionaria.<\/p>\n\n\n\n<p>Una vez m\u00e1s observ\u00e9 como funcionarios de creen monarqu\u00eda.<\/p>\n\n\n\n<p>La cosa se puso tensa y listo chau 13:15 finaliz\u00f3.<\/p>\n\n\n\n<p>El lunes deberemos concurrir nuevamente.<\/p>\n\n\n\n<p>Detallito: ellos recalcaban estar contentos por la concurrencia, fingen demencia , y pretenden no ver qu\u00e9 la gente fue porque est\u00e1 harta !<\/p>\n\n\n\n<p>En cuanto a lo que fui, a nadie le importa la seguridad de los pinamarenses, hablan de edificios , de construcciones , de progreso , pero ni cerca , consideran a los trabajadores que d\u00eda a d\u00eda hacen Pinamar.<\/p>\n\n\n\n<p>CONTINUAR\u00c1&#8230;<\/p>\n\n\n\n<p><a href=\"https:\/\/www.facebook.com\/hashtag\/justiciaporfausto?__cft__[0]=AZZkehL1FQVP3JrgXfE3I27P9qIzdcadsRXmgZysLK-9fyETjnqHQ25CHrsX6jM2dHItTzdoDc-hybnWY-Xdhxy9XrU-gB_3n8D2LDHHLwznSr9btCs-P4BnWR4VEPonhFqIKlmSEzX-9x25EOdLk8Gy_DlY2qdTSM_stPwcFe1iWLbqybX3WkLkcNGZGJTe5Zw&amp;__tn__=*NK-R\">#JusticiaPorFausto<\/a><\/p>\n\n\n<div class=\"wp-block-image\">\n<figure class=\"aligncenter size-full\"><a href=\"https:\/\/www.elsindical.com.ar\/notas\/var\/www\/html\/notas\/wp-content\/uploads\/2026\/02\/Pinamar-2050.jpg\"><img loading=\"lazy\" decoding=\"async\" width=\"515\" height=\"640\" src=\"https:\/\/www.elsindical.com.ar\/notas\/var\/www\/html\/notas\/wp-content\/uploads\/2026\/02\/Pinamar-2050.jpg\" alt=\"\" class=\"wp-image-143000\" srcset=\"https:\/\/www.elsindical.com.ar\/notas\/var\/www\/html\/notas\/wp-content\/uploads\/2026\/02\/Pinamar-2050.jpg 515w, https:\/\/www.elsindical.com.ar\/notas\/var\/www\/html\/notas\/wp-content\/uploads\/2026\/02\/Pinamar-2050-241x300.jpg 241w\" sizes=\"auto, (max-width: 515px) 100vw, 515px\" \/><\/a><\/figure>\n<\/div>\n\n\n<h2 class=\"wp-block-heading\">Ibarguren ausente.<\/h2>\n\n\n\n<p>Mucha gente se hizo presente porque es alto el nivel de hartazgo .<\/p>\n\n\n\n<p>\u00c9ramos aproximadamente 50 ciudadanos los que est\u00e1bamos anotados para hacer uso de la palabra. Pero la audiencia p\u00fablica , no fue tan p\u00fablica , la palabra tuvo due\u00f1os: los funcionarios de planeamiento queriendo justificar ,con su relato, lo injustificable.<\/p>\n\n\n\n<p>De los 50, s\u00f3lo 10 pudieron hablar. El resto ? Qui\u00e9n sabe &#8230; Tal vez el lunes podamos expresarnos . Y digo tal vez , porque esta \u00abgente que gobierna\u00bb no se maneja dentro de lo que establece la ley, hace lo que se le antoja.<\/p>\n\n\n\n<p>Lunes 23 , desde las 9 hs en el centro cultural de Ostende , nos volveremos a ver&#8230;<\/p>\n\n\n\n<p><a href=\"https:\/\/www.facebook.com\/watch\/hashtag\/justiciaporfausto\/?__cft__[0]=AZZXf5o8y7g2n5Do_JBrHdA59OEFBDvEhBzH92VQcTORIR89vXiclpon4SnN2HgyaXGabWb25sy4RrO_G53YBhMwl-ko67ZYLk1IqAZbcc3xaat6PxQLtbAdZAk9ycPMpK1_SXkqyAXb_td71ywlgj7xR_Yl8oCSJWQeNhxKKiZj9UnLphq9DeZYz7DTUIIumVz3H0wWIKTXrjZUikkTXrMV&amp;__tn__=*NK-R\">#justiciaPorFausto<\/a><\/p>\n\n\n\n<p><a href=\"https:\/\/www.facebook.com\/watch\/hashtag\/ordenanzafausto\/?__cft__[0]=AZZXf5o8y7g2n5Do_JBrHdA59OEFBDvEhBzH92VQcTORIR89vXiclpon4SnN2HgyaXGabWb25sy4RrO_G53YBhMwl-ko67ZYLk1IqAZbcc3xaat6PxQLtbAdZAk9ycPMpK1_SXkqyAXb_td71ywlgj7xR_Yl8oCSJWQeNhxKKiZj9UnLphq9DeZYz7DTUIIumVz3H0wWIKTXrjZUikkTXrMV&amp;__tn__=*NK-R\">#ordenanzafausto<\/a><\/p>\n\n\n\n<p><a href=\"https:\/\/www.facebook.com\/watch\/hashtag\/seguridadobrasenconstruccion\/?__cft__[0]=AZZXf5o8y7g2n5Do_JBrHdA59OEFBDvEhBzH92VQcTORIR89vXiclpon4SnN2HgyaXGabWb25sy4RrO_G53YBhMwl-ko67ZYLk1IqAZbcc3xaat6PxQLtbAdZAk9ycPMpK1_SXkqyAXb_td71ywlgj7xR_Yl8oCSJWQeNhxKKiZj9UnLphq9DeZYz7DTUIIumVz3H0wWIKTXrjZUikkTXrMV&amp;__tn__=*NK-R\">#seguridadobrasenconstruccion<\/a><\/p>\n\n\n\n<figure class=\"wp-block-embed is-type-video is-provider-youtube wp-block-embed-youtube wp-embed-aspect-16-9 wp-has-aspect-ratio\"><div class=\"wp-block-embed__wrapper\">\n<iframe loading=\"lazy\" title=\"Pinamar 2050 por Carina Zabala\" width=\"700\" height=\"394\" src=\"https:\/\/www.youtube.com\/embed\/tTyN1DUa3bI?feature=oembed\" frameborder=\"0\" allow=\"accelerometer; autoplay; clipboard-write; encrypted-media; gyroscope; picture-in-picture; web-share\" referrerpolicy=\"strict-origin-when-cross-origin\" allowfullscreen><\/iframe>\n<\/div><\/figure>\n\n\n\n<h2 class=\"wp-block-heading\">Los 103 sirenazos tuvieron efecto!<\/h2>\n\n\n\n<p>As\u00ed esta el edificio vac\u00edo!<\/p>\n\n\n\n<p>En estos dos a\u00f1os esta lucha tuvo consecuencias:<\/p>\n\n\n\n<p>detenci\u00f3n ilegal, hostigamiento judicial, intentos de silenciarme y hasta un ofrecimiento econ\u00f3mico en abril de 2025 para que dejara de hablar.<\/p>\n\n\n\n<p>Incluso mis ex abogados me presionaron para aceptar un acuerdo extrajudicial.<\/p>\n\n\n\n<p>Yo eleg\u00ed cambiar de camino y seguir de pie.<\/p>\n\n\n\n<p>Mi silencio no tiene precio.<\/p>\n\n\n\n<p>Lo \u00fanico que busco es Justicia y fiscalizaci\u00f3n real en las obras para que ninguna familia m\u00e1s pase por lo que pasamos nosotros.<\/p>\n\n\n\n<p>Lo que les indigna no es mi voz.<\/p>\n\n\n\n<p>Lo que les indigna es no poder comprar el silencio de una madre.<\/p>\n\n\n\n<p>Y que no me arrodillo ante el poder.<\/p>\n\n\n\n<p><a href=\"https:\/\/www.facebook.com\/watch\/hashtag\/justiciaporfausto\/?__cft__[0]=AZbPaTvRZ_PcAO45eSzSF7esPWwE7UTyyYId339OofIHgODM_QUrDG3R-2bOsbttbnif4jLVy2Bzyr0DYqcWgrI-rmrY4UQKaT3QO786ytVOyKWhs0QkoTOZrU7oO8TBXuCQQVXDC3nt1t6XMmg3Y--wNciySFH6kEbv1vJsbF-c7f4uI4e2kcCAzKOuKRDvDAYpa6eP2ZJWAmlqzF5XqTkD&amp;__tn__=*NK-R\">#JusticiaPorFausto<\/a><\/p>\n\n\n\n<p><a href=\"https:\/\/www.facebook.com\/watch\/hashtag\/ordenanzafausto\/?__cft__[0]=AZbPaTvRZ_PcAO45eSzSF7esPWwE7UTyyYId339OofIHgODM_QUrDG3R-2bOsbttbnif4jLVy2Bzyr0DYqcWgrI-rmrY4UQKaT3QO786ytVOyKWhs0QkoTOZrU7oO8TBXuCQQVXDC3nt1t6XMmg3Y--wNciySFH6kEbv1vJsbF-c7f4uI4e2kcCAzKOuKRDvDAYpa6eP2ZJWAmlqzF5XqTkD&amp;__tn__=*NK-R\">#ordenanzaFausto<\/a><\/p>\n\n\n\n<p><a href=\"https:\/\/www.facebook.com\/watch\/hashtag\/seguridadobrasenconstruccion\/?__cft__[0]=AZbPaTvRZ_PcAO45eSzSF7esPWwE7UTyyYId339OofIHgODM_QUrDG3R-2bOsbttbnif4jLVy2Bzyr0DYqcWgrI-rmrY4UQKaT3QO786ytVOyKWhs0QkoTOZrU7oO8TBXuCQQVXDC3nt1t6XMmg3Y--wNciySFH6kEbv1vJsbF-c7f4uI4e2kcCAzKOuKRDvDAYpa6eP2ZJWAmlqzF5XqTkD&amp;__tn__=*NK-R\">#seguridadobrasenconstruccion<\/a><\/p>\n\n\n\n<figure class=\"wp-block-embed is-type-video is-provider-youtube wp-block-embed-youtube wp-embed-aspect-16-9 wp-has-aspect-ratio\"><div class=\"wp-block-embed__wrapper\">\n<iframe loading=\"lazy\" title=\"Pinamar sirenazo 103 Positive Tower 3 &amp; 4\" width=\"700\" height=\"394\" src=\"https:\/\/www.youtube.com\/embed\/NCtmVKHTqcQ?feature=oembed\" frameborder=\"0\" allow=\"accelerometer; autoplay; clipboard-write; encrypted-media; gyroscope; picture-in-picture; web-share\" referrerpolicy=\"strict-origin-when-cross-origin\" allowfullscreen><\/iframe>\n<\/div><\/figure>\n\n\n\n<p>Por Marcelo Ricardo Hawrylciw<\/p>\n","protected":false},"excerpt":{"rendered":"<p>Como era de esperar en un cobarde, el intendente Juan Manuel Ibarguren, no se hizo presente en la audiencia p\u00fablica para debatir importantes cambios en la diagramaci\u00f3n de la ciudad de Pinamar, un hecho de suma importancia porque es lo que va a definir no solo la estructura de la ciudad, la est\u00e9tica, la forma&hellip;<\/p>\n","protected":false},"author":1,"featured_media":143001,"comment_status":"open","ping_status":"open","sticky":false,"template":"","format":"standard","meta":{"footnotes":""},"categories":[1],"tags":[8343,44666,1451,2450,44811,44708,46818,46817,1228,4214],"class_list":["post-142998","post","type-post","status-publish","format-standard","has-post-thumbnail","hentry","category-destacadas","tag-audiencia-publica","tag-carina-zabala","tag-corrupcion","tag-diario-el-sindical","tag-juan-manuel-ibarguren","tag-justicia-por-fausto","tag-ordenamiento-urbano","tag-pinamar-2050","tag-uocra","tag-walter-correa"],"_links":{"self":[{"href":"https:\/\/www.elsindical.com.ar\/notas\/wp-json\/wp\/v2\/posts\/142998","targetHints":{"allow":["GET"]}}],"collection":[{"href":"https:\/\/www.elsindical.com.ar\/notas\/wp-json\/wp\/v2\/posts"}],"about":[{"href":"https:\/\/www.elsindical.com.ar\/notas\/wp-json\/wp\/v2\/types\/post"}],"author":[{"embeddable":true,"href":"https:\/\/www.elsindical.com.ar\/notas\/wp-json\/wp\/v2\/users\/1"}],"replies":[{"embeddable":true,"href":"https:\/\/www.elsindical.com.ar\/notas\/wp-json\/wp\/v2\/comments?post=142998"}],"version-history":[{"count":3,"href":"https:\/\/www.elsindical.com.ar\/notas\/wp-json\/wp\/v2\/posts\/142998\/revisions"}],"predecessor-version":[{"id":143004,"href":"https:\/\/www.elsindical.com.ar\/notas\/wp-json\/wp\/v2\/posts\/142998\/revisions\/143004"}],"wp:featuredmedia":[{"embeddable":true,"href":"https:\/\/www.elsindical.com.ar\/notas\/wp-json\/wp\/v2\/media\/143001"}],"wp:attachment":[{"href":"https:\/\/www.elsindical.com.ar\/notas\/wp-json\/wp\/v2\/media?parent=142998"}],"wp:term":[{"taxonomy":"category","embeddable":true,"href":"https:\/\/www.elsindical.com.ar\/notas\/wp-json\/wp\/v2\/categories?post=142998"},{"taxonomy":"post_tag","embeddable":true,"href":"https:\/\/www.elsindical.com.ar\/notas\/wp-json\/wp\/v2\/tags?post=142998"}],"curies":[{"name":"wp","href":"https:\/\/api.w.org\/{rel}","templated":true}]}}