{"id":142992,"date":"2026-02-22T11:52:58","date_gmt":"2026-02-22T14:52:58","guid":{"rendered":"https:\/\/www.elsindical.com.ar\/notas\/?p=142992"},"modified":"2026-02-22T11:53:04","modified_gmt":"2026-02-22T14:53:04","slug":"pilar-detuvieron-a-el-puro-acusado-de-narcomenudeo","status":"publish","type":"post","link":"https:\/\/www.elsindical.com.ar\/notas\/pilar-detuvieron-a-el-puro-acusado-de-narcomenudeo\/","title":{"rendered":"Pilar: Detuvieron a El Puro acusado de narcomenudeo"},"content":{"rendered":"\n<figure class=\"wp-block-image size-full\"><a href=\"https:\/\/www.elsindical.com.ar\/notas\/var\/www\/html\/notas\/wp-content\/uploads\/2026\/02\/Pilar-detencion-de-ElPuro.jpeg\"><img loading=\"lazy\" decoding=\"async\" width=\"960\" height=\"720\" src=\"https:\/\/www.elsindical.com.ar\/notas\/var\/www\/html\/notas\/wp-content\/uploads\/2026\/02\/Pilar-detencion-de-ElPuro.jpeg\" alt=\"\" class=\"wp-image-142993\" srcset=\"https:\/\/www.elsindical.com.ar\/notas\/var\/www\/html\/notas\/wp-content\/uploads\/2026\/02\/Pilar-detencion-de-ElPuro.jpeg 960w, https:\/\/www.elsindical.com.ar\/notas\/var\/www\/html\/notas\/wp-content\/uploads\/2026\/02\/Pilar-detencion-de-ElPuro-300x225.jpeg 300w, https:\/\/www.elsindical.com.ar\/notas\/var\/www\/html\/notas\/wp-content\/uploads\/2026\/02\/Pilar-detencion-de-ElPuro-768x576.jpeg 768w\" sizes=\"auto, (max-width: 960px) 100vw, 960px\" \/><\/a><\/figure>\n\n\n\n<p>Un joven de 26 a\u00f1os, identificado como Brian Ernesto Dami\u00e1n Ibarra y conocido en el ambiente delictivo como \u201cEl Puro\u201d, fue detenido en el partido bonaerense de Pilar, acusado de regentear varios puntos de venta de droga en el conurbano bonaerense. La captura se concret\u00f3 en el marco de una investigaci\u00f3n por infracci\u00f3n a la Ley de Drogas N\u00b0 23.737.<\/p>\n\n\n\n<p>Seg\u00fan indicaron fuentes policiales, la pesquisa se ven\u00eda desarrollando desde hace varias semanas e inclu\u00eda tareas de inteligencia, seguimientos encubiertos y recolecci\u00f3n de pruebas sobre la presunta organizaci\u00f3n que liderar\u00eda Ibarra. El sospechoso habr\u00eda operado como responsable de la distribuci\u00f3n y comercializaci\u00f3n de estupefacientes en distintos barrios, utilizando veh\u00edculos de alta gama y tel\u00e9fonos celulares para intentar eludir el accionar policial.<\/p>\n\n\n\n<p>El operativo que deriv\u00f3 en la detenci\u00f3n fue llevado adelante por efectivos de la Polic\u00eda Bonaerense sobre la Ruta Nacional 8 y la intersecci\u00f3n con la calle Centenera, en la localidad de Pilar. All\u00ed, los uniformados interceptaron una camioneta Jeep Renegade negra, dominio AH-232-PQ, en la que se desplazaba el acusado. Tras identificarlo y confirmar el pedido de captura vigente, se procedi\u00f3 a su aprehensi\u00f3n.<\/p>\n\n\n\n<p>Durante el procedimiento se secuestraron el veh\u00edculo y un tel\u00e9fono celular iPhone, elementos que ser\u00e1n sometidos a peritajes con el objetivo de obtener m\u00e1s informaci\u00f3n sobre posibles rutas de distribuci\u00f3n, contactos y movimientos vinculados al narcomenudeo en la regi\u00f3n. Los investigadores no descartan nuevas detenciones en el marco de la misma causa.<\/p>\n\n\n\n<h3 class=\"wp-block-heading\">Intervenci\u00f3n judicial y seguimiento de la causa<\/h3>\n\n\n\n<p>Ibarra qued\u00f3 a disposici\u00f3n del Juzgado Federal en lo Criminal y Correccional N\u00b0 2 de San Mart\u00edn, a cargo de la jueza Alicia Vence, quien entiende en la investigaci\u00f3n por presunta infracci\u00f3n a la Ley 23.737. En esta etapa, la magistrada deber\u00e1 evaluar el material reunido por la polic\u00eda, las declaraciones de los efectivos que participaron en la vigilancia y el an\u00e1lisis de los dispositivos secuestrados.<\/p>\n\n\n\n<ul class=\"wp-block-list\">\n<li>El detenido tiene 26 a\u00f1os y era buscado por infracci\u00f3n a la Ley de Drogas.<\/li>\n\n\n\n<li>La captura se concret\u00f3 en Ruta 8 y Centenera, en el partido de Pilar.<\/li>\n\n\n\n<li>Se secuestraron una Jeep Renegade negra y un celular iPhone.<\/li>\n\n\n\n<li>La causa tramita en el Juzgado Federal N\u00b0 2 de San Mart\u00edn, a cargo de Alicia Vence.<\/li>\n<\/ul>\n\n\n\n<p>Con la detenci\u00f3n de \u201cEl Puro\u201d, las autoridades buscan avanzar en la identificaci\u00f3n de la red de complicidades que le habr\u00eda permitido sostener los puntos de venta en distintas zonas del conurbano. La investigaci\u00f3n continuar\u00e1 en los pr\u00f3ximos d\u00edas con el an\u00e1lisis de la informaci\u00f3n secuestrada y la eventual ampliaci\u00f3n de imputaciones a otros involucrados.<\/p>\n","protected":false},"excerpt":{"rendered":"<p>Un joven de 26 a\u00f1os, identificado como Brian Ernesto Dami\u00e1n Ibarra y conocido en el ambiente delictivo como \u201cEl Puro\u201d, fue detenido en el partido bonaerense de Pilar, acusado de regentear varios puntos de venta de droga en el conurbano bonaerense. La captura se concret\u00f3 en el marco de una investigaci\u00f3n por infracci\u00f3n a la&hellip;<\/p>\n","protected":false},"author":1,"featured_media":142993,"comment_status":"open","ping_status":"open","sticky":false,"template":"","format":"standard","meta":{"footnotes":""},"categories":[22],"tags":[46815,2450,20248,26145,1411,28268,820],"class_list":["post-142992","post","type-post","status-publish","format-standard","has-post-thumbnail","hentry","category-policiales","tag-brian-ernesto-damian-ibarra","tag-diario-el-sindical","tag-jueza-alicia-vence","tag-narcomenudeo","tag-pilar","tag-policia-bomaerense","tag-san-martin"],"_links":{"self":[{"href":"https:\/\/www.elsindical.com.ar\/notas\/wp-json\/wp\/v2\/posts\/142992","targetHints":{"allow":["GET"]}}],"collection":[{"href":"https:\/\/www.elsindical.com.ar\/notas\/wp-json\/wp\/v2\/posts"}],"about":[{"href":"https:\/\/www.elsindical.com.ar\/notas\/wp-json\/wp\/v2\/types\/post"}],"author":[{"embeddable":true,"href":"https:\/\/www.elsindical.com.ar\/notas\/wp-json\/wp\/v2\/users\/1"}],"replies":[{"embeddable":true,"href":"https:\/\/www.elsindical.com.ar\/notas\/wp-json\/wp\/v2\/comments?post=142992"}],"version-history":[{"count":1,"href":"https:\/\/www.elsindical.com.ar\/notas\/wp-json\/wp\/v2\/posts\/142992\/revisions"}],"predecessor-version":[{"id":142994,"href":"https:\/\/www.elsindical.com.ar\/notas\/wp-json\/wp\/v2\/posts\/142992\/revisions\/142994"}],"wp:featuredmedia":[{"embeddable":true,"href":"https:\/\/www.elsindical.com.ar\/notas\/wp-json\/wp\/v2\/media\/142993"}],"wp:attachment":[{"href":"https:\/\/www.elsindical.com.ar\/notas\/wp-json\/wp\/v2\/media?parent=142992"}],"wp:term":[{"taxonomy":"category","embeddable":true,"href":"https:\/\/www.elsindical.com.ar\/notas\/wp-json\/wp\/v2\/categories?post=142992"},{"taxonomy":"post_tag","embeddable":true,"href":"https:\/\/www.elsindical.com.ar\/notas\/wp-json\/wp\/v2\/tags?post=142992"}],"curies":[{"name":"wp","href":"https:\/\/api.w.org\/{rel}","templated":true}]}}