{"id":142987,"date":"2026-02-22T10:47:28","date_gmt":"2026-02-22T13:47:28","guid":{"rendered":"https:\/\/www.elsindical.com.ar\/notas\/?p=142987"},"modified":"2026-02-22T10:47:34","modified_gmt":"2026-02-22T13:47:34","slug":"la-reforma-es-para-barrer-el-modelo-sindical-argentino-que-garantiza-derechos-orlando-machado","status":"publish","type":"post","link":"https:\/\/www.elsindical.com.ar\/notas\/la-reforma-es-para-barrer-el-modelo-sindical-argentino-que-garantiza-derechos-orlando-machado\/","title":{"rendered":"\u201cLa reforma es para barrer el modelo sindical argentino que garantiza derechos\u201d Orlando Machado"},"content":{"rendered":"<div class=\"wp-block-image\">\n<figure class=\"aligncenter size-full\"><a href=\"https:\/\/www.elsindical.com.ar\/notas\/var\/www\/html\/notas\/wp-content\/uploads\/2022\/02\/machado-Plaza-Alsina.jpg\"><img loading=\"lazy\" decoding=\"async\" width=\"696\" height=\"722\" src=\"https:\/\/www.elsindical.com.ar\/notas\/var\/www\/html\/notas\/wp-content\/uploads\/2022\/02\/machado-Plaza-Alsina.jpg\" alt=\"\" class=\"wp-image-111559\" srcset=\"https:\/\/www.elsindical.com.ar\/notas\/var\/www\/html\/notas\/wp-content\/uploads\/2022\/02\/machado-Plaza-Alsina.jpg 696w, https:\/\/www.elsindical.com.ar\/notas\/var\/www\/html\/notas\/wp-content\/uploads\/2022\/02\/machado-Plaza-Alsina-289x300.jpg 289w\" sizes=\"auto, (max-width: 696px) 100vw, 696px\" \/><\/a><\/figure>\n<\/div>\n\n\n<p>El titular del SECLA, Orlando Machado, destac\u00f3 la adhesi\u00f3n al paro, critic\u00f3 duramente la norma que impulsa el gobierno nacional y dijo que si sale ser\u00e1 judicializada.<\/p>\n\n\n\n<p>\u201cA todas luces esta ley de reforma laboral es para tratar de barrer con el modelo sindical argentino que es quien garantiza los derechos de los trabajadores\u201d, opin\u00f3 el secretario General del sindicato de empleados de Comercio Lan\u00fas- Avellaneda (SECLA).<\/p>\n\n\n\n<p>En comunicaci\u00f3n con Tarde o Temprano (AM 1470), Orlando Machado observ\u00f3 una alta adhesi\u00f3n al paro, con calles desiertas y un pueblo que tom\u00f3 conciencia de lo que significa esta ley reforma laboral.<\/p>\n\n\n\n<p>\u201cLa ley es un esc\u00e1ndalo, no hay un solo art\u00edculo que beneficie a los trabajadores, los dirigentes del movimiento obrero desafiamos a los diputados a que nos digan qu\u00e9 art\u00edculo defiende a los trabajadores o estimule la creaci\u00f3n de nuevos puestos de trabajo. No existe\u201d, remarc\u00f3.<\/p>\n\n\n\n<p>Y cuestion\u00f3 las declaraciones del secretario de Trabajo: \u201cJulio Cordero dijo para qu\u00e9 quiere la gente trabajar menos, se ve que nunca trabaj\u00f3 el funcionario\u201d.<\/p>\n\n\n\n<p>Entonces, el referente gremial analizo la dif\u00edcil situaci\u00f3n del pa\u00eds con una apertura indiscriminada de las importaciones que solo da \u201cdesesperanza\u201d ya que no es posible competir contra China y el Gobierno no implementa ni una sola ley que fomente la creaci\u00f3n de puestos de trabajo. \u201cHay que hacer una reforma impositiva integral, eso es a favor de crear puestos de trabajo\u201d, consider\u00f3.<\/p>\n\n\n\n<p>Y habl\u00f3 de las m\u00e1s de 22 mil empresas cerradas desde que asumi\u00f3 Milei y el despido de muchos trabajadores.<\/p>\n\n\n\n<p>Por tanto, Machado apunt\u00f3 a resistir y tener mucha presencia en las calles. \u201cSi sale la ley ser\u00e1 judicializado, viene a recortar derechos de los trabajadores. La mal llamada industria del juicio no es culpa de los sindicatos ni de los trabajadores\u201d, cerr\u00f3.<\/p>\n\n\n\n<p><\/p>\n","protected":false},"excerpt":{"rendered":"<p>El titular del SECLA, Orlando Machado, destac\u00f3 la adhesi\u00f3n al paro, critic\u00f3 duramente la norma que impulsa el gobierno nacional y dijo que si sale ser\u00e1 judicializada. \u201cA todas luces esta ley de reforma laboral es para tratar de barrer con el modelo sindical argentino que es quien garantiza los derechos de los trabajadores\u201d, opin\u00f3&hellip;<\/p>\n","protected":false},"author":1,"featured_media":111559,"comment_status":"open","ping_status":"open","sticky":false,"template":"","format":"standard","meta":{"footnotes":""},"categories":[16],"tags":[46813,2450,18420,27276,13091],"class_list":["post-142987","post","type-post","status-publish","format-standard","has-post-thumbnail","hentry","category-gremiales","tag-derechos-labroales","tag-diario-el-sindical","tag-orlando-machado","tag-reforma-laboral","tag-secla"],"_links":{"self":[{"href":"https:\/\/www.elsindical.com.ar\/notas\/wp-json\/wp\/v2\/posts\/142987","targetHints":{"allow":["GET"]}}],"collection":[{"href":"https:\/\/www.elsindical.com.ar\/notas\/wp-json\/wp\/v2\/posts"}],"about":[{"href":"https:\/\/www.elsindical.com.ar\/notas\/wp-json\/wp\/v2\/types\/post"}],"author":[{"embeddable":true,"href":"https:\/\/www.elsindical.com.ar\/notas\/wp-json\/wp\/v2\/users\/1"}],"replies":[{"embeddable":true,"href":"https:\/\/www.elsindical.com.ar\/notas\/wp-json\/wp\/v2\/comments?post=142987"}],"version-history":[{"count":1,"href":"https:\/\/www.elsindical.com.ar\/notas\/wp-json\/wp\/v2\/posts\/142987\/revisions"}],"predecessor-version":[{"id":142988,"href":"https:\/\/www.elsindical.com.ar\/notas\/wp-json\/wp\/v2\/posts\/142987\/revisions\/142988"}],"wp:featuredmedia":[{"embeddable":true,"href":"https:\/\/www.elsindical.com.ar\/notas\/wp-json\/wp\/v2\/media\/111559"}],"wp:attachment":[{"href":"https:\/\/www.elsindical.com.ar\/notas\/wp-json\/wp\/v2\/media?parent=142987"}],"wp:term":[{"taxonomy":"category","embeddable":true,"href":"https:\/\/www.elsindical.com.ar\/notas\/wp-json\/wp\/v2\/categories?post=142987"},{"taxonomy":"post_tag","embeddable":true,"href":"https:\/\/www.elsindical.com.ar\/notas\/wp-json\/wp\/v2\/tags?post=142987"}],"curies":[{"name":"wp","href":"https:\/\/api.w.org\/{rel}","templated":true}]}}