{"id":142979,"date":"2026-02-21T16:27:16","date_gmt":"2026-02-21T19:27:16","guid":{"rendered":"https:\/\/www.elsindical.com.ar\/notas\/?p=142979"},"modified":"2026-02-21T16:46:04","modified_gmt":"2026-02-21T19:46:04","slug":"caba-buscan-a-un-infractor-que-se-transformo-n-delincuente","status":"publish","type":"post","link":"https:\/\/www.elsindical.com.ar\/notas\/caba-buscan-a-un-infractor-que-se-transformo-n-delincuente\/","title":{"rendered":"CABA: Buscan a un infractor que se transform\u00f3 n delincuente"},"content":{"rendered":"<div class=\"wp-block-image\">\n<figure class=\"aligncenter size-full\"><a href=\"https:\/\/www.elsindical.com.ar\/notas\/var\/www\/html\/notas\/wp-content\/uploads\/2026\/02\/Parque-Chacabuco-embiste-a-agentes-de-transito.jpg\"><img loading=\"lazy\" decoding=\"async\" width=\"750\" height=\"559\" src=\"https:\/\/www.elsindical.com.ar\/notas\/var\/www\/html\/notas\/wp-content\/uploads\/2026\/02\/Parque-Chacabuco-embiste-a-agentes-de-transito.jpg\" alt=\"\" class=\"wp-image-142980\" srcset=\"https:\/\/www.elsindical.com.ar\/notas\/var\/www\/html\/notas\/wp-content\/uploads\/2026\/02\/Parque-Chacabuco-embiste-a-agentes-de-transito.jpg 750w, https:\/\/www.elsindical.com.ar\/notas\/var\/www\/html\/notas\/wp-content\/uploads\/2026\/02\/Parque-Chacabuco-embiste-a-agentes-de-transito-300x224.jpg 300w\" sizes=\"auto, (max-width: 750px) 100vw, 750px\" \/><\/a><\/figure>\n<\/div>\n\n\n<p class=\"wp-block-paragraph\">El hecho se produjo al mediod\u00eda en la zona de Avenida Cobo y Viel. El infractor podr\u00eda recibir una pena de quince d\u00edas a un a\u00f1o de prisi\u00f3n por resistencia a la autoridad y por circular con un veh\u00edculo prohibido.<\/p>\n\n\n\n<p class=\"wp-block-paragraph\">Como si estuviera en la playa<\/p>\n\n\n\n<p class=\"wp-block-paragraph\">El sospechoso se mov\u00eda por Parque Chacabuco haciendo zigzag y realizando giros en medio del tr\u00e1fico. La escena qued\u00f3 registrada por el celular de dos amigos desde lejos. \u201cMal ah\u00ed\u201d, se lament\u00f3 uno de los testigos al ver que lo encerraban dos motos de tr\u00e1nsito y que el conductor se bajaba.<\/p>\n\n\n\n<p class=\"wp-block-paragraph\">Amague, choque y fuga<\/p>\n\n\n\n<p class=\"wp-block-paragraph\">Sin embargo, mientras los agentes le ped\u00edan documentos y le ordenaban detener el veh\u00edculo, el delincuente decidi\u00f3 avanzar, haciendo volcar a ambas motos, lo que provoc\u00f3 el festejo y la risa de qui\u00e9n filmaba. Para evitar que lo agarren se subi\u00f3 de costado y en un primer arranque casi se va contra la gente que miraba en la vereda. Lo buscan por infracci\u00f3n al art\u00edculo 239, atentado y resistencia a la autoridad, m\u00e1s todas las infracciones de tr\u00e1nsito cometidas.<\/p>\n\n\n\n<p class=\"wp-block-paragraph\">A pesar de que Jorge Macri promete mano dura en CABA, y que se jacta de tener todo monitoreado y la mejor polic\u00eda, el pr\u00f3fugo a\u00fan se encuentra en libertad.<\/p>\n\n\n\n<figure class=\"wp-block-embed is-type-video is-provider-youtube wp-block-embed-youtube wp-embed-aspect-16-9 wp-has-aspect-ratio\"><div class=\"wp-block-embed__wrapper\">\n<iframe loading=\"lazy\" title=\"CABA infractor se transforma en delincuente\" width=\"700\" height=\"394\" src=\"https:\/\/www.youtube.com\/embed\/RJuHiLX_Gg8?feature=oembed\" frameborder=\"0\" allow=\"accelerometer; autoplay; clipboard-write; encrypted-media; gyroscope; picture-in-picture; web-share\" referrerpolicy=\"strict-origin-when-cross-origin\" allowfullscreen><\/iframe>\n<\/div><\/figure>\n","protected":false},"excerpt":{"rendered":"<p>El hecho se produjo al mediod\u00eda en la zona de Avenida Cobo y Viel. El infractor podr\u00eda recibir una pena de quince d\u00edas a un a\u00f1o de prisi\u00f3n por resistencia a la autoridad y por circular con un veh\u00edculo prohibido. Como si estuviera en la playa El sospechoso se mov\u00eda por Parque Chacabuco haciendo zigzag&hellip;<\/p>\n","protected":false},"author":1,"featured_media":142980,"comment_status":"open","ping_status":"open","sticky":false,"template":"","format":"standard","meta":{"footnotes":""},"categories":[22],"tags":[2795,4284,9732,196,2450,13066,8725,42609,687],"class_list":["post-142979","post","type-post","status-publish","format-standard","has-post-thumbnail","hentry","category-policiales","tag-agentes-de-transito","tag-caba","tag-cuatriciclo","tag-delincuente","tag-diario-el-sindical","tag-infractor","tag-jorge-macri","tag-noticias-policiales","tag-parque-chacabuco"],"_links":{"self":[{"href":"https:\/\/www.elsindical.com.ar\/notas\/wp-json\/wp\/v2\/posts\/142979","targetHints":{"allow":["GET"]}}],"collection":[{"href":"https:\/\/www.elsindical.com.ar\/notas\/wp-json\/wp\/v2\/posts"}],"about":[{"href":"https:\/\/www.elsindical.com.ar\/notas\/wp-json\/wp\/v2\/types\/post"}],"author":[{"embeddable":true,"href":"https:\/\/www.elsindical.com.ar\/notas\/wp-json\/wp\/v2\/users\/1"}],"replies":[{"embeddable":true,"href":"https:\/\/www.elsindical.com.ar\/notas\/wp-json\/wp\/v2\/comments?post=142979"}],"version-history":[{"count":2,"href":"https:\/\/www.elsindical.com.ar\/notas\/wp-json\/wp\/v2\/posts\/142979\/revisions"}],"predecessor-version":[{"id":142982,"href":"https:\/\/www.elsindical.com.ar\/notas\/wp-json\/wp\/v2\/posts\/142979\/revisions\/142982"}],"wp:featuredmedia":[{"embeddable":true,"href":"https:\/\/www.elsindical.com.ar\/notas\/wp-json\/wp\/v2\/media\/142980"}],"wp:attachment":[{"href":"https:\/\/www.elsindical.com.ar\/notas\/wp-json\/wp\/v2\/media?parent=142979"}],"wp:term":[{"taxonomy":"category","embeddable":true,"href":"https:\/\/www.elsindical.com.ar\/notas\/wp-json\/wp\/v2\/categories?post=142979"},{"taxonomy":"post_tag","embeddable":true,"href":"https:\/\/www.elsindical.com.ar\/notas\/wp-json\/wp\/v2\/tags?post=142979"}],"curies":[{"name":"wp","href":"https:\/\/api.w.org\/{rel}","templated":true}]}}