{"id":142883,"date":"2026-02-15T13:12:10","date_gmt":"2026-02-15T16:12:10","guid":{"rendered":"https:\/\/www.elsindical.com.ar\/notas\/?p=142883"},"modified":"2026-02-15T13:12:21","modified_gmt":"2026-02-15T16:12:21","slug":"la-plata-absolvieron-a-un-subcomisario-procesado-por-asesinar-a-su-esposa-en-un-proceso-lleno-de-irregularidades","status":"publish","type":"post","link":"https:\/\/www.elsindical.com.ar\/notas\/la-plata-absolvieron-a-un-subcomisario-procesado-por-asesinar-a-su-esposa-en-un-proceso-lleno-de-irregularidades\/","title":{"rendered":"La Plata: Absolvieron a un Subcomisario procesado por asesinar a su esposa en un proceso lleno de irregularidades"},"content":{"rendered":"<div class=\"wp-block-image\">\n<figure class=\"aligncenter size-full\"><a href=\"https:\/\/www.elsindical.com.ar\/notas\/var\/www\/html\/notas\/wp-content\/uploads\/2026\/02\/Gabriela-Kenyeres-1.jpg\"><img loading=\"lazy\" decoding=\"async\" width=\"500\" height=\"500\" src=\"https:\/\/www.elsindical.com.ar\/notas\/var\/www\/html\/notas\/wp-content\/uploads\/2026\/02\/Gabriela-Kenyeres-1.jpg\" alt=\"\" class=\"wp-image-142885\" srcset=\"https:\/\/www.elsindical.com.ar\/notas\/var\/www\/html\/notas\/wp-content\/uploads\/2026\/02\/Gabriela-Kenyeres-1.jpg 500w, https:\/\/www.elsindical.com.ar\/notas\/var\/www\/html\/notas\/wp-content\/uploads\/2026\/02\/Gabriela-Kenyeres-1-300x300.jpg 300w, https:\/\/www.elsindical.com.ar\/notas\/var\/www\/html\/notas\/wp-content\/uploads\/2026\/02\/Gabriela-Kenyeres-1-150x150.jpg 150w, https:\/\/www.elsindical.com.ar\/notas\/var\/www\/html\/notas\/wp-content\/uploads\/2026\/02\/Gabriela-Kenyeres-1-50x50.jpg 50w\" sizes=\"auto, (max-width: 500px) 100vw, 500px\" \/><\/a><\/figure>\n<\/div>\n\n\n<p>El Tribunal Oral en lo Criminal N\u00b0 3 de La Plata dict\u00f3 la medida tras el retiro de la acusaci\u00f3n fiscal. El polic\u00eda hab\u00eda permanecido en prisi\u00f3n preventiva por la muerte de la oficial Gabriela Kenyeres<\/p>\n\n\n\n<p>El Tribunal Oral en lo Criminal N\u00b0 3 de La Plata absolvi\u00f3 al subcomisario de la Polic\u00eda bonaerense <strong>Alejandro Alberto Herrera<\/strong>, quien permaneci\u00f3 en prisi\u00f3n preventiva mientras era juzgado por la muerte de su esposa, la tambi\u00e9n oficial <strong>Gabriela Kenyeres<\/strong>. La decisi\u00f3n se conoci\u00f3 luego de que la fiscal de juicio, <strong>Leyla Aguilar<\/strong>, desistiera de la acusaci\u00f3n al considerar que no exist\u00edan <strong>pruebas suficientes <\/strong>para sostener la imputaci\u00f3n por homicidio agravado por el v\u00ednculo y por mediar violencia de g\u00e9nero.<\/p>\n\n\n\n<p>El veredicto fue dictado tras la jornada de alegatos por los jueces <strong>Ernesto Domenech, Santiago Paolini y Andr\u00e9s Vitali<\/strong>, integrantes del TOC N\u00b0 3. Herrera hab\u00eda llegado a debate oral por el hecho ocurrido el 22 de abril de 2019 en una vivienda de la localidad de <strong>City Bell<\/strong>, partido de La Plata.<\/p>\n\n\n\n<p>De acuerdo con la reconstrucci\u00f3n incorporada al expediente, ese d\u00eda <strong>personal policial <\/strong>acudi\u00f3 al domicilio despu\u00e9s de un un llamado al 911 que alertaba que una mujer hab\u00eda sido <strong>herida de bala<\/strong>. Kenyeres fue encontrada con un disparo en la cabeza y trasladada de urgencia por una ambulancia del <strong>SAME<\/strong> a un centro de salud. Permaneci\u00f3 internada con graves secuelas y falleci\u00f3 pasados casi dos a\u00f1os como consecuencia de esas lesiones. No se realiz\u00f3 autopsia, ya que el cuerpo fue cremado con autorizaci\u00f3n de la familia.<\/p>\n\n\n\n<p>Durante el juicio, la fiscal Aguilar sostuvo que no se contaba con elementos t\u00e9cnicos suficientes para acreditar la hip\u00f3tesis acusatoria. En su alegato, seg\u00fan publicaron medios locales este jueves, afirm\u00f3 que no hab\u00eda \u201cning\u00fan <strong>informe forense<\/strong> que describa la <strong>trayectoria del proyectil<\/strong>\u201d, lo que, a su criterio, imped\u00eda establecer con certeza la mec\u00e1nica del disparo que cas\u00f3 la muerte de la mujer.<\/p>\n\n\n\n<p>La representante del Ministerio P\u00fablico tambi\u00e9n advirti\u00f3 que la escena del hecho fue modificada antes de la llegada de la <strong>Polic\u00eda Cient\u00edfica<\/strong>. Seg\u00fan consider\u00f3, el arma reglamentaria de la v\u00edctima -con la que se efectu\u00f3 el disparo y que fue hallada a sus pies- fue movida por <strong>un superior policial<\/strong>. Asimismo, cuestion\u00f3 que la investigaci\u00f3n inicial hubiera estado a cargo de la misma fuerza a la que pertenec\u00edan la v\u00edctima y el imputado, es decir, la polic\u00eda de la provincia de Buenos Aires, y asever\u00f3 que debi\u00f3 intervenir una<strong> fuerza federal<\/strong> para garantizar mayor objetividad en la instrucci\u00f3n.<\/p>\n\n\n\n<p>En el domicilio se secuestraron cartas con frases como \u201cno puedo m\u00e1s\u201d y \u201ccuando ya no est\u00e9 m\u00e1s los voy a seguir cuidando\u201d, en referencia a los hijos de Kenyeres. Una <strong>pericia caligr\u00e1fica<\/strong> descart\u00f3 que esos escritos hubieran sido realizados por Herrera. Tambi\u00e9n se incorporaron al debate oral distintos mensajes de WhatsApp enviados por la mujer a un familiar en los que expresaba, entre otras cosas, \u201c<strong>sab\u00e9s cu\u00e1ntas veces me quise matar, no ten\u00e9s idea<\/strong>\u201d. De acuerdo con lo expuesto por la fiscal, esos intercambios y otros elementos daban cuenta de que la oficial atravesaba una <strong>crisis personal <\/strong>vinculada a la p\u00e9rdida de la tenencia de sus hijos y a problemas de <strong>consumo de alcohol<\/strong>, sin tratamiento psicol\u00f3gico o psiqui\u00e1trico.<\/p>\n\n\n\n<p>Cuando la causa fue elevada a juicio, Herrera estaba imputado inicialmente por el<strong> delito de homicidio agravado en grado de tentativa<\/strong>, dado que la v\u00edctima sobrevivi\u00f3 durante un tiempo prolongado tras el disparo. Luego del fallecimiento de la oficial bonaerense, la calificaci\u00f3n penal fue modificada a <strong>homicidio agravado por el v\u00ednculo<\/strong> y por mediar v<strong>iolencia de g\u00e9nero<\/strong>, un il\u00edcito que establece una pena de <strong>prisi\u00f3n perpetua<\/strong>.<\/p>\n\n\n\n<p>Ante el desistimiento de la acusaci\u00f3n por parte de la fiscal\u00eda, el tribunal resolvi\u00f3 absolver al imputado y disponer su inmediata libertad. Con esa decisi\u00f3n qued\u00f3 cerrado el proceso penal iniciado en abril de 2019.<\/p>\n","protected":false},"excerpt":{"rendered":"<p>El Tribunal Oral en lo Criminal N\u00b0 3 de La Plata dict\u00f3 la medida tras el retiro de la acusaci\u00f3n fiscal. El polic\u00eda hab\u00eda permanecido en prisi\u00f3n preventiva por la muerte de la oficial Gabriela Kenyeres El Tribunal Oral en lo Criminal N\u00b0 3 de La Plata absolvi\u00f3 al subcomisario de la Polic\u00eda bonaerense Alejandro&hellip;<\/p>\n","protected":false},"author":1,"featured_media":142885,"comment_status":"open","ping_status":"open","sticky":false,"template":"","format":"standard","meta":{"footnotes":""},"categories":[1],"tags":[],"class_list":["post-142883","post","type-post","status-publish","format-standard","has-post-thumbnail","hentry","category-destacadas"],"_links":{"self":[{"href":"https:\/\/www.elsindical.com.ar\/notas\/wp-json\/wp\/v2\/posts\/142883","targetHints":{"allow":["GET"]}}],"collection":[{"href":"https:\/\/www.elsindical.com.ar\/notas\/wp-json\/wp\/v2\/posts"}],"about":[{"href":"https:\/\/www.elsindical.com.ar\/notas\/wp-json\/wp\/v2\/types\/post"}],"author":[{"embeddable":true,"href":"https:\/\/www.elsindical.com.ar\/notas\/wp-json\/wp\/v2\/users\/1"}],"replies":[{"embeddable":true,"href":"https:\/\/www.elsindical.com.ar\/notas\/wp-json\/wp\/v2\/comments?post=142883"}],"version-history":[{"count":1,"href":"https:\/\/www.elsindical.com.ar\/notas\/wp-json\/wp\/v2\/posts\/142883\/revisions"}],"predecessor-version":[{"id":142886,"href":"https:\/\/www.elsindical.com.ar\/notas\/wp-json\/wp\/v2\/posts\/142883\/revisions\/142886"}],"wp:featuredmedia":[{"embeddable":true,"href":"https:\/\/www.elsindical.com.ar\/notas\/wp-json\/wp\/v2\/media\/142885"}],"wp:attachment":[{"href":"https:\/\/www.elsindical.com.ar\/notas\/wp-json\/wp\/v2\/media?parent=142883"}],"wp:term":[{"taxonomy":"category","embeddable":true,"href":"https:\/\/www.elsindical.com.ar\/notas\/wp-json\/wp\/v2\/categories?post=142883"},{"taxonomy":"post_tag","embeddable":true,"href":"https:\/\/www.elsindical.com.ar\/notas\/wp-json\/wp\/v2\/tags?post=142883"}],"curies":[{"name":"wp","href":"https:\/\/api.w.org\/{rel}","templated":true}]}}