{"id":142877,"date":"2026-02-15T12:34:43","date_gmt":"2026-02-15T15:34:43","guid":{"rendered":"https:\/\/www.elsindical.com.ar\/notas\/?p=142877"},"modified":"2026-02-15T12:54:04","modified_gmt":"2026-02-15T15:54:04","slug":"grabois-insistio-con-el-narcotest-a-funcionarios-y-fue-sorprendido-por-lilia-lemoine","status":"publish","type":"post","link":"https:\/\/www.elsindical.com.ar\/notas\/grabois-insistio-con-el-narcotest-a-funcionarios-y-fue-sorprendido-por-lilia-lemoine\/","title":{"rendered":"Grabois insisti\u00f3 con el narcotest a funcionarios y fue sorprendido por Lilia Lemoine"},"content":{"rendered":"<div class=\"wp-block-image\">\n<figure class=\"aligncenter size-full\"><a href=\"https:\/\/www.elsindical.com.ar\/notas\/var\/www\/html\/notas\/wp-content\/uploads\/2026\/02\/Grabois-narcotest.jpg\"><img loading=\"lazy\" decoding=\"async\" width=\"600\" height=\"409\" src=\"https:\/\/www.elsindical.com.ar\/notas\/var\/www\/html\/notas\/wp-content\/uploads\/2026\/02\/Grabois-narcotest.jpg\" alt=\"\" class=\"wp-image-142878\" srcset=\"https:\/\/www.elsindical.com.ar\/notas\/var\/www\/html\/notas\/wp-content\/uploads\/2026\/02\/Grabois-narcotest.jpg 600w, https:\/\/www.elsindical.com.ar\/notas\/var\/www\/html\/notas\/wp-content\/uploads\/2026\/02\/Grabois-narcotest-300x205.jpg 300w\" sizes=\"auto, (max-width: 600px) 100vw, 600px\" \/><\/a><\/figure>\n<\/div>\n\n\n<p>Juan Grabois (Uni\u00f3n por la Patria) subi\u00f3 la apuesta contra la dirigencia pol\u00edtica y reclam\u00f3 la implementaci\u00f3n de un \u201cnarcotest\u201d, lo que desat\u00f3 la llamativa furia de los legisladores de La Libertad Avanza (LLA) aunque no de todos.<\/p>\n\n\n\n<p>El l\u00edder del Movimiento de Trabajadores Excluidos (MTE) reclam\u00f3 el tratamiento de una iniciativa de su espacio para aplicar un \u201cnarcotest\u201d obligatorio a toda la c\u00fapula del poder, incluyendo al Presidente, ministros, legisladores y jueces de la Corte Suprema.<\/p>\n\n\n\n<p>\u201cHay que insistir con el proyecto de la diputada (Natalia) Zaracho. Todos los diputados, todos los senadores, jefes policiales, del presidente para abajo en el Gabinete, y jueces de la Corte, tengamos que hacernos un narcotest\u201d, plante\u00f3 Grabois.<\/p>\n\n\n\n<p>Mientras Grabois cuestionaba la eficacia de las pol\u00edticas contra el narcotr\u00e1fico con un discurso punzante, se produjo el hecho destacado por parte de algunos de los presentes: el gesto de Lilia Lemoine.<\/p>\n\n\n\n<p><strong>Lemoine<\/strong> lejos de abuchear como el resto de sus compa\u00f1eros, la diputada de La Libertad Avanza recibi\u00f3 la propuesta con una sonrisa y comenz\u00f3 a aplaudir con entusiasmo, movimiento.<\/p>\n\n\n\n<p>Ante la inesperada reacci\u00f3n, Grabois fren\u00f3 su embestida para agradecer p\u00fablicamente el gesto de la legisladora. \u201cHagamos un narcotest para ver qui\u00e9n financia a los narcos\u201d, reforz\u00f3 antes de cerrar.<\/p>\n\n\n\n<p>Pese a este breve consenso, la intervenci\u00f3n del referente de Patria Grande estuvo cargada de reproches por la actuaci\u00f3n policial durante la marcha contra la reforma laboral. Fue as\u00ed que acus\u00f3 a los ministros de Seguridad de \u201ccompetir para ver qui\u00e9n es m\u00e1s s\u00e1dico\u201d con los manifestantes.<\/p>\n\n\n\n<p>De esta manera, el diputado lanz\u00f3 una frase lapidaria al asegurar que el Gobierno \u201cse mete con la gente movilizada, pero a los narcos ya les firmaron un tratado de libre comercio\u201d.<\/p>\n\n\n\n<p>Durante gran parte de su alocuci\u00f3n, Grabois mantuvo un r\u00edspido cruce con el libertario \u00c1lvaro Mart\u00ednez, quien intent\u00f3 interrumpirlo en reiteradas ocasiones entre gritos y ademanes. Sin embargo, la imagen del d\u00eda termin\u00f3 siendo el inesperado punto de contacto entre el peronismo cr\u00edtico y el oficialismo por la transparencia \u201ctoxicol\u00f3gica\u201d de los funcionarios en este febrero de 2026.<\/p>\n\n\n\n<figure class=\"wp-block-embed is-type-video is-provider-youtube wp-block-embed-youtube wp-embed-aspect-16-9 wp-has-aspect-ratio\"><div class=\"wp-block-embed__wrapper\">\n<iframe loading=\"lazy\" title=\"Grabois sorprendido por Lemoine\" width=\"700\" height=\"394\" src=\"https:\/\/www.youtube.com\/embed\/NKbGXOsVQk8?feature=oembed\" frameborder=\"0\" allow=\"accelerometer; autoplay; clipboard-write; encrypted-media; gyroscope; picture-in-picture; web-share\" referrerpolicy=\"strict-origin-when-cross-origin\" allowfullscreen><\/iframe>\n<\/div><\/figure>\n","protected":false},"excerpt":{"rendered":"<p>Juan Grabois (Uni\u00f3n por la Patria) subi\u00f3 la apuesta contra la dirigencia pol\u00edtica y reclam\u00f3 la implementaci\u00f3n de un \u201cnarcotest\u201d, lo que desat\u00f3 la llamativa furia de los legisladores de La Libertad Avanza (LLA) aunque no de todos. El l\u00edder del Movimiento de Trabajadores Excluidos (MTE) reclam\u00f3 el tratamiento de una iniciativa de su espacio&hellip;<\/p>\n","protected":false},"author":1,"featured_media":142878,"comment_status":"open","ping_status":"open","sticky":false,"template":"","format":"standard","meta":{"footnotes":""},"categories":[13],"tags":[2450,2871,40899,36205,39579],"class_list":["post-142877","post","type-post","status-publish","format-standard","has-post-thumbnail","hentry","category-politica","tag-diario-el-sindical","tag-juan-grabois","tag-lilia-lemoine","tag-narcotest","tag-natalia-zaracho"],"_links":{"self":[{"href":"https:\/\/www.elsindical.com.ar\/notas\/wp-json\/wp\/v2\/posts\/142877","targetHints":{"allow":["GET"]}}],"collection":[{"href":"https:\/\/www.elsindical.com.ar\/notas\/wp-json\/wp\/v2\/posts"}],"about":[{"href":"https:\/\/www.elsindical.com.ar\/notas\/wp-json\/wp\/v2\/types\/post"}],"author":[{"embeddable":true,"href":"https:\/\/www.elsindical.com.ar\/notas\/wp-json\/wp\/v2\/users\/1"}],"replies":[{"embeddable":true,"href":"https:\/\/www.elsindical.com.ar\/notas\/wp-json\/wp\/v2\/comments?post=142877"}],"version-history":[{"count":2,"href":"https:\/\/www.elsindical.com.ar\/notas\/wp-json\/wp\/v2\/posts\/142877\/revisions"}],"predecessor-version":[{"id":142880,"href":"https:\/\/www.elsindical.com.ar\/notas\/wp-json\/wp\/v2\/posts\/142877\/revisions\/142880"}],"wp:featuredmedia":[{"embeddable":true,"href":"https:\/\/www.elsindical.com.ar\/notas\/wp-json\/wp\/v2\/media\/142878"}],"wp:attachment":[{"href":"https:\/\/www.elsindical.com.ar\/notas\/wp-json\/wp\/v2\/media?parent=142877"}],"wp:term":[{"taxonomy":"category","embeddable":true,"href":"https:\/\/www.elsindical.com.ar\/notas\/wp-json\/wp\/v2\/categories?post=142877"},{"taxonomy":"post_tag","embeddable":true,"href":"https:\/\/www.elsindical.com.ar\/notas\/wp-json\/wp\/v2\/tags?post=142877"}],"curies":[{"name":"wp","href":"https:\/\/api.w.org\/{rel}","templated":true}]}}