{"id":142846,"date":"2026-02-13T14:40:43","date_gmt":"2026-02-13T17:40:43","guid":{"rendered":"https:\/\/www.elsindical.com.ar\/notas\/?p=142846"},"modified":"2026-02-13T14:40:49","modified_gmt":"2026-02-13T17:40:49","slug":"el-secla-inauguro-3-canchas-de-padle-en-el-anexo-liones-messi","status":"publish","type":"post","link":"https:\/\/www.elsindical.com.ar\/notas\/el-secla-inauguro-3-canchas-de-padle-en-el-anexo-liones-messi\/","title":{"rendered":"El SECLA inaugur\u00f3 3 canchas de padle en el anexo Liones Messi"},"content":{"rendered":"<div class=\"wp-block-image\">\n<figure class=\"aligncenter size-large\"><a href=\"https:\/\/www.elsindical.com.ar\/notas\/var\/www\/html\/notas\/wp-content\/uploads\/2026\/02\/SECLA-canchas-padle-13-febrero-26-1.jpg\"><img loading=\"lazy\" decoding=\"async\" width=\"1024\" height=\"683\" src=\"https:\/\/www.elsindical.com.ar\/notas\/var\/www\/html\/notas\/wp-content\/uploads\/2026\/02\/SECLA-canchas-padle-13-febrero-26-1-1024x683.jpg\" alt=\"\" class=\"wp-image-142847\" srcset=\"https:\/\/www.elsindical.com.ar\/notas\/var\/www\/html\/notas\/wp-content\/uploads\/2026\/02\/SECLA-canchas-padle-13-febrero-26-1-1024x683.jpg 1024w, https:\/\/www.elsindical.com.ar\/notas\/var\/www\/html\/notas\/wp-content\/uploads\/2026\/02\/SECLA-canchas-padle-13-febrero-26-1-300x200.jpg 300w, https:\/\/www.elsindical.com.ar\/notas\/var\/www\/html\/notas\/wp-content\/uploads\/2026\/02\/SECLA-canchas-padle-13-febrero-26-1-768x512.jpg 768w, https:\/\/www.elsindical.com.ar\/notas\/var\/www\/html\/notas\/wp-content\/uploads\/2026\/02\/SECLA-canchas-padle-13-febrero-26-1.jpg 1296w\" sizes=\"auto, (max-width: 1024px) 100vw, 1024px\" \/><\/a><\/figure>\n<\/div>\n\n\n<p>El Secretario General Orlando Machado en conjunto con el intendente de Lan\u00fas, Juli\u00e1n \u00c1lvarez, encabezaron la inauguraci\u00f3n de tres nuevas canchas de p\u00e1del en el predio del Microestadio Lionel Messi ubicado dentro del Parque Central Las Colonias, una obra en beneficio de los afiliados y afiliadas del gremio de comercio de Lan\u00fas y Avellaneda y tambi\u00e9n para los lanusenses.<\/p>\n\n\n\n<p>Una iniciativa para seguir sumando disciplinas y actividades para disfrutar en el imponente predio ubicado en Salta y Purita de localidad de Remedios de Escalada.<\/p>\n\n\n\n<figure class=\"wp-block-gallery has-nested-images columns-default is-cropped wp-block-gallery-1 is-layout-flex wp-block-gallery-is-layout-flex\">\n<figure class=\"wp-block-image size-large\"><a href=\"https:\/\/www.elsindical.com.ar\/notas\/var\/www\/html\/notas\/wp-content\/uploads\/2026\/02\/SECLA-canchas-padle-13-febrero-26-2.jpg\"><img loading=\"lazy\" decoding=\"async\" width=\"1024\" height=\"683\" data-id=\"142848\" src=\"https:\/\/www.elsindical.com.ar\/notas\/var\/www\/html\/notas\/wp-content\/uploads\/2026\/02\/SECLA-canchas-padle-13-febrero-26-2-1024x683.jpg\" alt=\"\" class=\"wp-image-142848\" srcset=\"https:\/\/www.elsindical.com.ar\/notas\/var\/www\/html\/notas\/wp-content\/uploads\/2026\/02\/SECLA-canchas-padle-13-febrero-26-2-1024x683.jpg 1024w, https:\/\/www.elsindical.com.ar\/notas\/var\/www\/html\/notas\/wp-content\/uploads\/2026\/02\/SECLA-canchas-padle-13-febrero-26-2-300x200.jpg 300w, https:\/\/www.elsindical.com.ar\/notas\/var\/www\/html\/notas\/wp-content\/uploads\/2026\/02\/SECLA-canchas-padle-13-febrero-26-2-768x512.jpg 768w, https:\/\/www.elsindical.com.ar\/notas\/var\/www\/html\/notas\/wp-content\/uploads\/2026\/02\/SECLA-canchas-padle-13-febrero-26-2.jpg 1296w\" sizes=\"auto, (max-width: 1024px) 100vw, 1024px\" \/><\/a><\/figure>\n\n\n\n<figure class=\"wp-block-image size-large\"><a href=\"https:\/\/www.elsindical.com.ar\/notas\/var\/www\/html\/notas\/wp-content\/uploads\/2026\/02\/SECLA-canchas-padle-13-febrero-26-3.jpg\"><img loading=\"lazy\" decoding=\"async\" width=\"1024\" height=\"683\" data-id=\"142849\" src=\"https:\/\/www.elsindical.com.ar\/notas\/var\/www\/html\/notas\/wp-content\/uploads\/2026\/02\/SECLA-canchas-padle-13-febrero-26-3-1024x683.jpg\" alt=\"\" class=\"wp-image-142849\" srcset=\"https:\/\/www.elsindical.com.ar\/notas\/var\/www\/html\/notas\/wp-content\/uploads\/2026\/02\/SECLA-canchas-padle-13-febrero-26-3-1024x683.jpg 1024w, https:\/\/www.elsindical.com.ar\/notas\/var\/www\/html\/notas\/wp-content\/uploads\/2026\/02\/SECLA-canchas-padle-13-febrero-26-3-300x200.jpg 300w, https:\/\/www.elsindical.com.ar\/notas\/var\/www\/html\/notas\/wp-content\/uploads\/2026\/02\/SECLA-canchas-padle-13-febrero-26-3-768x512.jpg 768w, https:\/\/www.elsindical.com.ar\/notas\/var\/www\/html\/notas\/wp-content\/uploads\/2026\/02\/SECLA-canchas-padle-13-febrero-26-3.jpg 1296w\" sizes=\"auto, (max-width: 1024px) 100vw, 1024px\" \/><\/a><\/figure>\n<\/figure>\n","protected":false},"excerpt":{"rendered":"<p>El Secretario General Orlando Machado en conjunto con el intendente de Lan\u00fas, Juli\u00e1n \u00c1lvarez, encabezaron la inauguraci\u00f3n de tres nuevas canchas de p\u00e1del en el predio del Microestadio Lionel Messi ubicado dentro del Parque Central Las Colonias, una obra en beneficio de los afiliados y afiliadas del gremio de comercio de Lan\u00fas y Avellaneda y&hellip;<\/p>\n","protected":false},"author":1,"featured_media":142847,"comment_status":"open","ping_status":"open","sticky":false,"template":"","format":"standard","meta":{"footnotes":""},"categories":[16],"tags":[461,2450,209,46775,18420,46776,6272,13091],"class_list":["post-142846","post","type-post","status-publish","format-standard","has-post-thumbnail","hentry","category-gremiales","tag-avellaneda","tag-diario-el-sindical","tag-lanus","tag-microestadio-lionel-messi","tag-orlando-machado","tag-parque-central-las-colonias","tag-remedios-de-escalada","tag-secla"],"_links":{"self":[{"href":"https:\/\/www.elsindical.com.ar\/notas\/wp-json\/wp\/v2\/posts\/142846","targetHints":{"allow":["GET"]}}],"collection":[{"href":"https:\/\/www.elsindical.com.ar\/notas\/wp-json\/wp\/v2\/posts"}],"about":[{"href":"https:\/\/www.elsindical.com.ar\/notas\/wp-json\/wp\/v2\/types\/post"}],"author":[{"embeddable":true,"href":"https:\/\/www.elsindical.com.ar\/notas\/wp-json\/wp\/v2\/users\/1"}],"replies":[{"embeddable":true,"href":"https:\/\/www.elsindical.com.ar\/notas\/wp-json\/wp\/v2\/comments?post=142846"}],"version-history":[{"count":1,"href":"https:\/\/www.elsindical.com.ar\/notas\/wp-json\/wp\/v2\/posts\/142846\/revisions"}],"predecessor-version":[{"id":142850,"href":"https:\/\/www.elsindical.com.ar\/notas\/wp-json\/wp\/v2\/posts\/142846\/revisions\/142850"}],"wp:featuredmedia":[{"embeddable":true,"href":"https:\/\/www.elsindical.com.ar\/notas\/wp-json\/wp\/v2\/media\/142847"}],"wp:attachment":[{"href":"https:\/\/www.elsindical.com.ar\/notas\/wp-json\/wp\/v2\/media?parent=142846"}],"wp:term":[{"taxonomy":"category","embeddable":true,"href":"https:\/\/www.elsindical.com.ar\/notas\/wp-json\/wp\/v2\/categories?post=142846"},{"taxonomy":"post_tag","embeddable":true,"href":"https:\/\/www.elsindical.com.ar\/notas\/wp-json\/wp\/v2\/tags?post=142846"}],"curies":[{"name":"wp","href":"https:\/\/api.w.org\/{rel}","templated":true}]}}