{"id":142841,"date":"2026-02-13T12:08:19","date_gmt":"2026-02-13T15:08:19","guid":{"rendered":"https:\/\/www.elsindical.com.ar\/notas\/?p=142841"},"modified":"2026-02-13T12:08:51","modified_gmt":"2026-02-13T15:08:51","slug":"vialidad-nacional-stvyara-declaro-el-estado-de-alerta-maxima-por-presunto-vaciamiento-del-organismo","status":"publish","type":"post","link":"https:\/\/www.elsindical.com.ar\/notas\/vialidad-nacional-stvyara-declaro-el-estado-de-alerta-maxima-por-presunto-vaciamiento-del-organismo\/","title":{"rendered":"Vialidad Nacional: STVyARA declar\u00f3 el \u201cestado de alerta m\u00e1xima\u201d por presunto vaciamiento del organismo"},"content":{"rendered":"<div class=\"wp-block-image\">\n<figure class=\"aligncenter size-full\"><a href=\"https:\/\/www.elsindical.com.ar\/notas\/var\/www\/html\/notas\/wp-content\/uploads\/2015\/10\/Vialidad-Nacional.jpg\"><img loading=\"lazy\" decoding=\"async\" width=\"600\" height=\"424\" src=\"https:\/\/www.elsindical.com.ar\/notas\/var\/www\/html\/notas\/wp-content\/uploads\/2015\/10\/Vialidad-Nacional.jpg\" alt=\"\" class=\"wp-image-54457\" srcset=\"https:\/\/www.elsindical.com.ar\/notas\/var\/www\/html\/notas\/wp-content\/uploads\/2015\/10\/Vialidad-Nacional.jpg 600w, https:\/\/www.elsindical.com.ar\/notas\/var\/www\/html\/notas\/wp-content\/uploads\/2015\/10\/Vialidad-Nacional-300x212.jpg 300w, https:\/\/www.elsindical.com.ar\/notas\/var\/www\/html\/notas\/wp-content\/uploads\/2015\/10\/Vialidad-Nacional-425x300.jpg 425w\" sizes=\"auto, (max-width: 600px) 100vw, 600px\" \/><\/a><\/figure>\n<\/div>\n\n\n<p>El sindicato que agrupa a los trabajadores viales denunci\u00f3 un \u201cproceso deliberado y silencioso\u201d de vaciamiento en la Direcci\u00f3n Nacional de Vialidad tras el nuevo organigrama impulsado por el Gobierno y apunt\u00f3 contra Federico Sturzenegger y funcionarios del \u00e1rea de Transformaci\u00f3n del Estado.<\/p>\n\n\n\n<p>El <strong>Sindicato de Trabajadores Viales y Afines (STVyARA)<\/strong> declar\u00f3 el \u201cestado de alerta m\u00e1xima\u201d ante lo que consider\u00f3 un proceso de vaciamiento en <strong>Vialidad Nacional<\/strong>, a partir del nuevo organigrama que, seg\u00fan el gremio, reconfigura el rol hist\u00f3rico del organismo. La organizaci\u00f3n sindical sostuvo que las modificaciones responden a los lineamientos del ministro de Desregulaci\u00f3n, <strong>Federico Sturzenegger<\/strong>, y advirti\u00f3 que la medida implicar\u00eda un retiro del Estado en la ejecuci\u00f3n directa de obras viales.<\/p>\n\n\n\n<p>La secretaria general del gremio, <strong>Graciela Ale\u00f1\u00e1<\/strong>, asegur\u00f3 que el caso de Vialidad \u201cdemuestra la violaci\u00f3n taxativa, impune y total que tiene el Gobierno de Milei de los poderes del Estado y la Constituci\u00f3n Nacional\u201d. Seg\u00fan expres\u00f3, pese a que la Justicia y sectores del Congreso se habr\u00edan pronunciado en contra de avanzar con la disoluci\u00f3n del organismo, el Ejecutivo contin\u00faa con \u201cacciones administrativas\u201d que modificar\u00edan su estructura y funciones.<\/p>\n\n\n\n<p>De acuerdo con un informe interno al que accedi\u00f3 el sindicato, la <strong>Direcci\u00f3n Nacional de Vialidad <\/strong>se encuentra en un proceso de \u201creorientaci\u00f3n institucional\u201d que, en los hechos, implicar\u00eda abandonar la ejecuci\u00f3n directa de obras y tareas operativas para reconvertirse en un ente enfocado exclusivamente en planificaci\u00f3n, control y fiscalizaci\u00f3n de concesiones. Para el gremio, esto supone que \u201cel Estado deja de construir, mantener y conservar las rutas nacionales\u201d, con impacto potencial sobre millones de usuarios de la red vial.<\/p>\n\n\n\n<p>En ese marco, <strong>STVyARA<\/strong> envi\u00f3 cartas documento a Sturzenegger y al secretario de Transformaci\u00f3n del Estado y Funci\u00f3n P\u00fablica, Maximiliano Fari\u00f1a, para que se abstengan de impulsar medidas que, directa o indirectamente, tiendan al \u201cvaciamiento, desnaturalizaci\u00f3n o desaparici\u00f3n\u201d de la <strong>Direcci\u00f3n Nacional de Vialidad<\/strong>. El sindicato advirti\u00f3 que este tipo de decisiones podr\u00edan generar consecuencias institucionales, patrimoniales, laborales y sociales, y dej\u00f3 abierta la posibilidad de avanzar con acciones administrativas, sindicales y judiciales.<\/p>\n","protected":false},"excerpt":{"rendered":"<p>El sindicato que agrupa a los trabajadores viales denunci\u00f3 un \u201cproceso deliberado y silencioso\u201d de vaciamiento en la Direcci\u00f3n Nacional de Vialidad tras el nuevo organigrama impulsado por el Gobierno y apunt\u00f3 contra Federico Sturzenegger y funcionarios del \u00e1rea de Transformaci\u00f3n del Estado. El Sindicato de Trabajadores Viales y Afines (STVyARA) declar\u00f3 el \u201cestado de&hellip;<\/p>\n","protected":false},"author":1,"featured_media":54457,"comment_status":"open","ping_status":"open","sticky":false,"template":"","format":"standard","meta":{"footnotes":""},"categories":[16],"tags":[2450,46115,2928,39529,29620,29621],"class_list":["post-142841","post","type-post","status-publish","format-standard","has-post-thumbnail","hentry","category-gremiales","tag-diario-el-sindical","tag-estado-de-emergencia","tag-federico-sturzanegger","tag-graciela-alena-2","tag-stvyara","tag-vialidad-naciona"],"_links":{"self":[{"href":"https:\/\/www.elsindical.com.ar\/notas\/wp-json\/wp\/v2\/posts\/142841","targetHints":{"allow":["GET"]}}],"collection":[{"href":"https:\/\/www.elsindical.com.ar\/notas\/wp-json\/wp\/v2\/posts"}],"about":[{"href":"https:\/\/www.elsindical.com.ar\/notas\/wp-json\/wp\/v2\/types\/post"}],"author":[{"embeddable":true,"href":"https:\/\/www.elsindical.com.ar\/notas\/wp-json\/wp\/v2\/users\/1"}],"replies":[{"embeddable":true,"href":"https:\/\/www.elsindical.com.ar\/notas\/wp-json\/wp\/v2\/comments?post=142841"}],"version-history":[{"count":1,"href":"https:\/\/www.elsindical.com.ar\/notas\/wp-json\/wp\/v2\/posts\/142841\/revisions"}],"predecessor-version":[{"id":142842,"href":"https:\/\/www.elsindical.com.ar\/notas\/wp-json\/wp\/v2\/posts\/142841\/revisions\/142842"}],"wp:featuredmedia":[{"embeddable":true,"href":"https:\/\/www.elsindical.com.ar\/notas\/wp-json\/wp\/v2\/media\/54457"}],"wp:attachment":[{"href":"https:\/\/www.elsindical.com.ar\/notas\/wp-json\/wp\/v2\/media?parent=142841"}],"wp:term":[{"taxonomy":"category","embeddable":true,"href":"https:\/\/www.elsindical.com.ar\/notas\/wp-json\/wp\/v2\/categories?post=142841"},{"taxonomy":"post_tag","embeddable":true,"href":"https:\/\/www.elsindical.com.ar\/notas\/wp-json\/wp\/v2\/tags?post=142841"}],"curies":[{"name":"wp","href":"https:\/\/api.w.org\/{rel}","templated":true}]}}