{"id":142837,"date":"2026-02-12T21:40:51","date_gmt":"2026-02-13T00:40:51","guid":{"rendered":"https:\/\/www.elsindical.com.ar\/notas\/?p=142837"},"modified":"2026-02-12T21:40:57","modified_gmt":"2026-02-13T00:40:57","slug":"patentes-se-pagara-todos-los-meses-en-la-provincia-de-buenos-aires","status":"publish","type":"post","link":"https:\/\/www.elsindical.com.ar\/notas\/patentes-se-pagara-todos-los-meses-en-la-provincia-de-buenos-aires\/","title":{"rendered":"Patentes se pagar\u00e1 todos los meses en la Provincia de Buenos Aires"},"content":{"rendered":"\n<figure class=\"wp-block-image size-large\"><a href=\"https:\/\/www.elsindical.com.ar\/notas\/var\/www\/html\/notas\/wp-content\/uploads\/2024\/03\/patentes.jpg\"><img loading=\"lazy\" decoding=\"async\" width=\"1024\" height=\"576\" src=\"https:\/\/www.elsindical.com.ar\/notas\/var\/www\/html\/notas\/wp-content\/uploads\/2024\/03\/patentes-1024x576.jpg\" alt=\"\" class=\"wp-image-129153\" srcset=\"https:\/\/www.elsindical.com.ar\/notas\/var\/www\/html\/notas\/wp-content\/uploads\/2024\/03\/patentes-1024x576.jpg 1024w, https:\/\/www.elsindical.com.ar\/notas\/var\/www\/html\/notas\/wp-content\/uploads\/2024\/03\/patentes-300x169.jpg 300w, https:\/\/www.elsindical.com.ar\/notas\/var\/www\/html\/notas\/wp-content\/uploads\/2024\/03\/patentes-768x432.jpg 768w, https:\/\/www.elsindical.com.ar\/notas\/var\/www\/html\/notas\/wp-content\/uploads\/2024\/03\/patentes-500x281.jpg 500w, https:\/\/www.elsindical.com.ar\/notas\/var\/www\/html\/notas\/wp-content\/uploads\/2024\/03\/patentes-460x260.jpg 460w, https:\/\/www.elsindical.com.ar\/notas\/var\/www\/html\/notas\/wp-content\/uploads\/2024\/03\/patentes.jpg 1140w\" sizes=\"auto, (max-width: 1024px) 100vw, 1024px\" \/><\/a><\/figure>\n\n\n\n<p class=\"wp-block-paragraph\">ARBA anunci\u00f3 que a partir de marzo, la patente se pagar\u00e1 mensualmente en lugar de hacerlo de forma bimestral como se liquida actualmente. <strong>El nuevo sistema tributario implicar\u00e1 que los propietarios de veh\u00edculos recibir\u00e1n diez facturas hasta diciembre, <\/strong>lo que facilitar\u00e1 la planificaci\u00f3n financiera. El nuevo m\u00e9todo tributario no modificar\u00e1 el monto total que se debe abonar.<\/p>\n\n\n\n<p class=\"wp-block-paragraph\">Desde el organismo de recaudaci\u00f3n bonaerense sostuvieron que la nueva ley impositiva beneficiar\u00e1 a los usuarios, ya que<strong> tres de cada cuatro due\u00f1os de autom\u00f3viles van a pagar nominalmente menos que en 2025.<\/strong><br>Cristian Girard, el director ejecutivo de ARBA, explic\u00f3 que el objetivo de la medida <strong>es ayudar a que las familias \u201cpuedan planificarse mejor financieramente\u201d,<\/strong> porque \u201calivia el problema\u201d de cuando llega una factura con la liquidaci\u00f3n de dos meses.<\/p>\n\n\n\n<p class=\"wp-block-paragraph\">El funcionario precis\u00f3 que hac\u00eda tiempo buscaban avanzar con esa medida pero que reci\u00e9n pudieron hacerlo luego de modernizar el sistema tecnol\u00f3gico de ARBA, que hasta ahora no lo permit\u00eda. Y adelant\u00f3 que<strong> el plan es hacer lo mismo con los inmobiliarios.<\/strong><\/p>\n\n\n\n<p class=\"wp-block-paragraph\">Girard<strong> admiti\u00f3 que en 2025 el Impuesto Automotor \u201caument\u00f3 mucho\u201d, <\/strong>pero record\u00f3 que eso ocurri\u00f3 porque la legislatura no aprob\u00f3 ese a\u00f1o la ley impositiva, lo que provoc\u00f3 un descalce entre las valuaciones de los veh\u00edculos y la al\u00edcuotas, que dispar\u00f3 la las al\u00edcuotas.<\/p>\n\n\n\n<p class=\"wp-block-paragraph\">\u201cNosotros lo avisamos, fue uno de los problemas de no haber tenido la ley \u201d, dijo Girard. Y agreg\u00f3 que este a\u00f1o \u201clogramos la aprobaci\u00f3n del proyecto que envi\u00f3 el Gobernador y tres de cada cuatro propietarios de veh\u00edculos va a pagar nominalmente menos que el a\u00f1o pasado\u201d. <strong>La excepci\u00f3n son, seg\u00fan el funcionario, los autos \u201cde mucha valuaci\u00f3n\u201d.<\/strong><\/p>\n","protected":false},"excerpt":{"rendered":"<p>ARBA anunci\u00f3 que a partir de marzo, la patente se pagar\u00e1 mensualmente en lugar de hacerlo de forma bimestral como se liquida actualmente. El nuevo sistema tributario implicar\u00e1 que los propietarios de veh\u00edculos recibir\u00e1n diez facturas hasta diciembre, lo que facilitar\u00e1 la planificaci\u00f3n financiera. El nuevo m\u00e9todo tributario no modificar\u00e1 el monto total que se&hellip;<\/p>\n","protected":false},"author":1,"featured_media":129153,"comment_status":"open","ping_status":"open","sticky":false,"template":"","format":"standard","meta":{"footnotes":""},"categories":[9,13],"tags":[2450,22023,1455,46774,43318,1466],"class_list":["post-142837","post","type-post","status-publish","format-standard","has-post-thumbnail","hentry","category-economia","category-politica","tag-diario-el-sindical","tag-economia","tag-noticias","tag-pago-de-patentes","tag-politica-2","tag-provincia-de-buenos-aires"],"_links":{"self":[{"href":"https:\/\/www.elsindical.com.ar\/notas\/wp-json\/wp\/v2\/posts\/142837","targetHints":{"allow":["GET"]}}],"collection":[{"href":"https:\/\/www.elsindical.com.ar\/notas\/wp-json\/wp\/v2\/posts"}],"about":[{"href":"https:\/\/www.elsindical.com.ar\/notas\/wp-json\/wp\/v2\/types\/post"}],"author":[{"embeddable":true,"href":"https:\/\/www.elsindical.com.ar\/notas\/wp-json\/wp\/v2\/users\/1"}],"replies":[{"embeddable":true,"href":"https:\/\/www.elsindical.com.ar\/notas\/wp-json\/wp\/v2\/comments?post=142837"}],"version-history":[{"count":1,"href":"https:\/\/www.elsindical.com.ar\/notas\/wp-json\/wp\/v2\/posts\/142837\/revisions"}],"predecessor-version":[{"id":142838,"href":"https:\/\/www.elsindical.com.ar\/notas\/wp-json\/wp\/v2\/posts\/142837\/revisions\/142838"}],"wp:featuredmedia":[{"embeddable":true,"href":"https:\/\/www.elsindical.com.ar\/notas\/wp-json\/wp\/v2\/media\/129153"}],"wp:attachment":[{"href":"https:\/\/www.elsindical.com.ar\/notas\/wp-json\/wp\/v2\/media?parent=142837"}],"wp:term":[{"taxonomy":"category","embeddable":true,"href":"https:\/\/www.elsindical.com.ar\/notas\/wp-json\/wp\/v2\/categories?post=142837"},{"taxonomy":"post_tag","embeddable":true,"href":"https:\/\/www.elsindical.com.ar\/notas\/wp-json\/wp\/v2\/tags?post=142837"}],"curies":[{"name":"wp","href":"https:\/\/api.w.org\/{rel}","templated":true}]}}