{"id":142834,"date":"2026-02-12T14:44:21","date_gmt":"2026-02-12T17:44:21","guid":{"rendered":"https:\/\/www.elsindical.com.ar\/notas\/?p=142834"},"modified":"2026-02-12T14:44:26","modified_gmt":"2026-02-12T17:44:26","slug":"la-reforma-laboral-es-antiobreraimproductiva-e-inviable","status":"publish","type":"post","link":"https:\/\/www.elsindical.com.ar\/notas\/la-reforma-laboral-es-antiobreraimproductiva-e-inviable\/","title":{"rendered":"\u00abLa Reforma Laboral es antiobrera,improductiva e inviable\u00bb"},"content":{"rendered":"\n<figure class=\"wp-block-image size-large\"><a href=\"https:\/\/www.elsindical.com.ar\/notas\/var\/www\/html\/notas\/wp-content\/uploads\/2026\/02\/Circulo-Socialista-Independiente.png\"><img loading=\"lazy\" decoding=\"async\" width=\"1024\" height=\"461\" src=\"https:\/\/www.elsindical.com.ar\/notas\/var\/www\/html\/notas\/wp-content\/uploads\/2026\/02\/Circulo-Socialista-Independiente-1024x461.png\" alt=\"\" class=\"wp-image-142835\" srcset=\"https:\/\/www.elsindical.com.ar\/notas\/var\/www\/html\/notas\/wp-content\/uploads\/2026\/02\/Circulo-Socialista-Independiente-1024x461.png 1024w, https:\/\/www.elsindical.com.ar\/notas\/var\/www\/html\/notas\/wp-content\/uploads\/2026\/02\/Circulo-Socialista-Independiente-300x135.png 300w, https:\/\/www.elsindical.com.ar\/notas\/var\/www\/html\/notas\/wp-content\/uploads\/2026\/02\/Circulo-Socialista-Independiente-768x346.png 768w, https:\/\/www.elsindical.com.ar\/notas\/var\/www\/html\/notas\/wp-content\/uploads\/2026\/02\/Circulo-Socialista-Independiente-1536x691.png 1536w, https:\/\/www.elsindical.com.ar\/notas\/var\/www\/html\/notas\/wp-content\/uploads\/2026\/02\/Circulo-Socialista-Independiente.png 1600w\" sizes=\"auto, (max-width: 1024px) 100vw, 1024px\" \/><\/a><\/figure>\n\n\n\n<p>Desde las d\u00e9cadas de los 80 y 90 del siglo XX, los liberal-conservadores vienen insistiendo con las mal llamadas \u00abreformas\u00bb que no son m\u00e1s paquetes legales de medidas ileg\u00edtimas y destructivas, regresivas e inaplicables, debido a que s\u00f3lo precarizan las condiciones laborales, vulneran derechos socio-laborales adquiridos, no mejoran la situaci\u00f3n de la producci\u00f3n econ\u00f3mico-material y, por ende, terminan quedando atrasadas y obsoletas.<\/p>\n\n\n\n<p>Los ejemplos m\u00e1s visibles al respecto han sido los experimentos liberal-conservadores en el sudeste asi\u00e1tico (Malasia, Filipinas y otros pa\u00edses de Indochina),cuyos resultados fueron una disoluci\u00f3n de la producci\u00f3n local, una sumisi\u00f3n a los intereses de las grandes potencias, una p\u00e9rdida del poder de consumo popular masivo, una destrucci\u00f3n de los tejidos socio-culturales aut\u00f3ctonos, una baja notable en la calidad de vida de gruesos sectores de la poblaci\u00f3n y un alza creciente de la conflictividad pol\u00edtico-social,lo cual,gener\u00f3 el abandono paulatino de tales medidas y, posteriormente, el restablecimiento de pol\u00edticas m\u00e1s progresistas y m\u00e1s inclusivas en aquellas regiones.<\/p>\n\n\n\n<p>El actual menemismo macri-mile\u00edsta y dem\u00e1s aliados (sectores del PJ, sectores de la UCR, sectores del \u00abdialoguismo\u00bb y varios grupos dispersos) pretenden retomar dicha agenda que agrava la ya muy da\u00f1ada situaci\u00f3n laboral, productiva y representativa de los sectores mayoritarios, lo cual, empuja a nuestro pa\u00eds a una \u00abolla a presi\u00f3n\u00bb que puede estallar en cualquier momento y ante cualquier provocaci\u00f3n.<\/p>\n\n\n\n<p>La despiadada p\u00e9rdida del poder adquisitivo, la destrucci\u00f3n de las fuentes de trabajo, la carest\u00eda del nivel de vida masivo,las alzas en los impuestos,en las cuentas y en las deudas que sufre nuestra poblaci\u00f3n para sobrevivir, la pulverizaci\u00f3n brutal de salarios, de jubilaciones y de pensiones, sumado al desfinanciamiento en sectores claves como en la Salud, en la Educaci\u00f3n, en la Seguridad, y la falta total de inversiones locales y externas para suplir tal destructividad, no son muestras de un ruinoso \u00e1mbito que es totalmente inapropiado para semejantes \u00abaprietes\u00bb contra las mayor\u00edas obreras y populares de Argentina, tal como lo es esta mal llamada \u00abReforma Laboral\u00bb.<\/p>\n\n\n\n<p>Queda en claro que,tal \u00abReforma Laboral\u00bb del menemismo macri-mile\u00edsta y sus c\u00f3mplices resulta ser antiobrera,improductiva y,por lo tanto, practicamente inviable.<\/p>\n\n\n\n<p>En tal sentido, desde el Socialismo Democr\u00e1tico, se\u00f1alamos que es preciso bregar por resistir a semejantes embates y, como contrapartida, proponer y debatir posibles alternativas que surjan desde los mismos trabajadores, desde las mismas bases laboriosas, desde los mismos sectores de la Producci\u00f3n, desde los mismos sectores que impulsan a nuestra Argentina a su desarrollo y a su transformaci\u00f3n democr\u00e1tica y participativa, amplia y plural, con ideas y experiencias en com\u00fan, orientados a objetivos de bienestar y crecimiento, con inclusi\u00f3n y equidad socio-cultural, es decir: todo lo que las medidas liberal-conservadoras del actual macri-mile\u00edsmo desprecian y destruyen.<\/p>\n\n\n\n<p>Fernando Adri\u00e1n Zapata,<\/p>\n\n\n\n<p>profesor de Lengua y Literatura,gremialista y escritor,<\/p>\n\n\n\n<p>miembro del Socialismo Democr\u00e1tico,<\/p>\n\n\n\n<p>Concordia,Entre R\u00edos,Argentina,2026.<\/p>\n","protected":false},"excerpt":{"rendered":"<p>Desde las d\u00e9cadas de los 80 y 90 del siglo XX, los liberal-conservadores vienen insistiendo con las mal llamadas \u00abreformas\u00bb que no son m\u00e1s paquetes legales de medidas ileg\u00edtimas y destructivas, regresivas e inaplicables, debido a que s\u00f3lo precarizan las condiciones laborales, vulneran derechos socio-laborales adquiridos, no mejoran la situaci\u00f3n de la producci\u00f3n econ\u00f3mico-material y,&hellip;<\/p>\n","protected":false},"author":1,"featured_media":142835,"comment_status":"open","ping_status":"open","sticky":false,"template":"","format":"standard","meta":{"footnotes":""},"categories":[21],"tags":[2450,42546,1455,8408,27276],"class_list":["post-142834","post","type-post","status-publish","format-standard","has-post-thumbnail","hentry","category-opinion","tag-diario-el-sindical","tag-fernando-adrian-zapata","tag-noticias","tag-opinion-2","tag-reforma-laboral"],"_links":{"self":[{"href":"https:\/\/www.elsindical.com.ar\/notas\/wp-json\/wp\/v2\/posts\/142834","targetHints":{"allow":["GET"]}}],"collection":[{"href":"https:\/\/www.elsindical.com.ar\/notas\/wp-json\/wp\/v2\/posts"}],"about":[{"href":"https:\/\/www.elsindical.com.ar\/notas\/wp-json\/wp\/v2\/types\/post"}],"author":[{"embeddable":true,"href":"https:\/\/www.elsindical.com.ar\/notas\/wp-json\/wp\/v2\/users\/1"}],"replies":[{"embeddable":true,"href":"https:\/\/www.elsindical.com.ar\/notas\/wp-json\/wp\/v2\/comments?post=142834"}],"version-history":[{"count":1,"href":"https:\/\/www.elsindical.com.ar\/notas\/wp-json\/wp\/v2\/posts\/142834\/revisions"}],"predecessor-version":[{"id":142836,"href":"https:\/\/www.elsindical.com.ar\/notas\/wp-json\/wp\/v2\/posts\/142834\/revisions\/142836"}],"wp:featuredmedia":[{"embeddable":true,"href":"https:\/\/www.elsindical.com.ar\/notas\/wp-json\/wp\/v2\/media\/142835"}],"wp:attachment":[{"href":"https:\/\/www.elsindical.com.ar\/notas\/wp-json\/wp\/v2\/media?parent=142834"}],"wp:term":[{"taxonomy":"category","embeddable":true,"href":"https:\/\/www.elsindical.com.ar\/notas\/wp-json\/wp\/v2\/categories?post=142834"},{"taxonomy":"post_tag","embeddable":true,"href":"https:\/\/www.elsindical.com.ar\/notas\/wp-json\/wp\/v2\/tags?post=142834"}],"curies":[{"name":"wp","href":"https:\/\/api.w.org\/{rel}","templated":true}]}}