{"id":142813,"date":"2026-02-11T13:02:21","date_gmt":"2026-02-11T16:02:21","guid":{"rendered":"https:\/\/www.elsindical.com.ar\/notas\/?p=142813"},"modified":"2026-02-11T13:02:26","modified_gmt":"2026-02-11T16:02:26","slug":"la-cgt-y-las-cta-marchan-al-congreso-para-rechazar-el-proyecto-en-el-senado","status":"publish","type":"post","link":"https:\/\/www.elsindical.com.ar\/notas\/la-cgt-y-las-cta-marchan-al-congreso-para-rechazar-el-proyecto-en-el-senado\/","title":{"rendered":"la CGT y las CTA marchan al Congreso para rechazar el proyecto en el Senado"},"content":{"rendered":"<div class=\"wp-block-image\">\n<figure class=\"aligncenter size-large\"><a href=\"https:\/\/www.elsindical.com.ar\/notas\/var\/www\/html\/notas\/wp-content\/uploads\/2026\/02\/marcha-gremios-al-Congreso-7.jpg\"><img loading=\"lazy\" decoding=\"async\" width=\"1024\" height=\"683\" src=\"https:\/\/www.elsindical.com.ar\/notas\/var\/www\/html\/notas\/wp-content\/uploads\/2026\/02\/marcha-gremios-al-Congreso-7-1024x683.jpg\" alt=\"\" class=\"wp-image-142814\" srcset=\"https:\/\/www.elsindical.com.ar\/notas\/var\/www\/html\/notas\/wp-content\/uploads\/2026\/02\/marcha-gremios-al-Congreso-7-1024x683.jpg 1024w, https:\/\/www.elsindical.com.ar\/notas\/var\/www\/html\/notas\/wp-content\/uploads\/2026\/02\/marcha-gremios-al-Congreso-7-300x200.jpg 300w, https:\/\/www.elsindical.com.ar\/notas\/var\/www\/html\/notas\/wp-content\/uploads\/2026\/02\/marcha-gremios-al-Congreso-7-768x512.jpg 768w, https:\/\/www.elsindical.com.ar\/notas\/var\/www\/html\/notas\/wp-content\/uploads\/2026\/02\/marcha-gremios-al-Congreso-7.jpg 1200w\" sizes=\"auto, (max-width: 1024px) 100vw, 1024px\" \/><\/a><\/figure>\n<\/div>\n\n\n<p>La reforma laboral impulsada por el Gobierno enfrentar\u00e1 este mi\u00e9rcoles una masiva movilizaci\u00f3n de la CGT y las dos CTA frente al Congreso. Sin paro general, pero con cese de actividades desde las 13, el sindicalismo buscar\u00e1 mostrar fuerza mientras el Senado debate la iniciativa.<\/p>\n\n\n\n<p>La reforma laboral ser\u00e1 el eje de una <strong>nueva jornada de protesta convocada por la CGT y las dos CTA, que se concentrar\u00e1n desde las 14.30 frente al Congreso para rechazar el proyecto que el Gobierno intenta convertir en ley en el Senado. <\/strong>Aunque no habr\u00e1 paro general, la conducci\u00f3n sindical dispuso un cese de actividades a partir de las 13 como se\u00f1al de advertencia ante lo que consideran un avance sobre derechos hist\u00f3ricos de los trabajadores.<\/p>\n\n\n\n<p><strong>La movilizaci\u00f3n se inscribe en una serie de jornadas de lucha que ya tuvieron r\u00e9plicas en C\u00f3rdoba y Rosario<\/strong>, donde m\u00e1s de un centenar de gremios marcharon contra la iniciativa oficial. En la central obrera sostienen que <strong>la reforma implica \u201cun retroceso en materia de derechos laborales\u201d y anticipan que la protesta contar\u00e1 tambi\u00e9n con el respaldo de organizaciones pol\u00edticas y sociales.<\/strong><\/p>\n\n\n\n<p>El n\u00facleo del rechazo a la reforma laboral apunta a los cambios en las condiciones de contrataci\u00f3n y despido, la ampliaci\u00f3n del per\u00edodo de prueba y la reducci\u00f3n de indemnizaciones. Tambi\u00e9n cuestionan la promoci\u00f3n de esquemas de \u201cfondo de cese\u201d en reemplazo de la indemnizaci\u00f3n tradicional, as\u00ed como la flexibilizaci\u00f3n de convenios colectivos y la posibilidad de acuerdos individuales que, seg\u00fan advierten, debilitan la negociaci\u00f3n colectiva y el poder de representaci\u00f3n gremial.<\/p>\n\n\n\n<p>Desde la conducci\u00f3n cegetista remarcaron que la iniciativa<strong> \u201cno es modernizaci\u00f3n, es ajuste\u201d <\/strong>y alertaron que abre la puerta a relaciones laborales m\u00e1s precarias. Mientras el Ministerio de Capital Humano dict\u00f3 la conciliaci\u00f3n obligatoria en el conflicto con la UTA \u2014lo que garantiza el funcionamiento normal de los colectivos\u2014, otros sectores sentir\u00e1n el impacto: los Metrodelegados suspender\u00e1n el servicio de subte y premetro desde las 21, pilotos y aeronavegantes paralizar\u00e1n vuelos y habr\u00e1 cese de actividades en el \u00e1mbito mar\u00edtimo, portuario y vial. La CGT, en tanto, mantiene en reserva la posibilidad de un paro general si la reforma laboral avanza a Diputados.<\/p>\n","protected":false},"excerpt":{"rendered":"<p>La reforma laboral impulsada por el Gobierno enfrentar\u00e1 este mi\u00e9rcoles una masiva movilizaci\u00f3n de la CGT y las dos CTA frente al Congreso. Sin paro general, pero con cese de actividades desde las 13, el sindicalismo buscar\u00e1 mostrar fuerza mientras el Senado debate la iniciativa. La reforma laboral ser\u00e1 el eje de una nueva jornada&hellip;<\/p>\n","protected":false},"author":1,"featured_media":142814,"comment_status":"open","ping_status":"open","sticky":false,"template":"","format":"standard","meta":{"footnotes":""},"categories":[16,13],"tags":[910,1481,184,2450,1455,27276],"class_list":["post-142813","post","type-post","status-publish","format-standard","has-post-thumbnail","hentry","category-gremiales","category-politica","tag-cgt","tag-congreso-de-la-nacion","tag-cta","tag-diario-el-sindical","tag-noticias","tag-reforma-laboral"],"_links":{"self":[{"href":"https:\/\/www.elsindical.com.ar\/notas\/wp-json\/wp\/v2\/posts\/142813","targetHints":{"allow":["GET"]}}],"collection":[{"href":"https:\/\/www.elsindical.com.ar\/notas\/wp-json\/wp\/v2\/posts"}],"about":[{"href":"https:\/\/www.elsindical.com.ar\/notas\/wp-json\/wp\/v2\/types\/post"}],"author":[{"embeddable":true,"href":"https:\/\/www.elsindical.com.ar\/notas\/wp-json\/wp\/v2\/users\/1"}],"replies":[{"embeddable":true,"href":"https:\/\/www.elsindical.com.ar\/notas\/wp-json\/wp\/v2\/comments?post=142813"}],"version-history":[{"count":1,"href":"https:\/\/www.elsindical.com.ar\/notas\/wp-json\/wp\/v2\/posts\/142813\/revisions"}],"predecessor-version":[{"id":142815,"href":"https:\/\/www.elsindical.com.ar\/notas\/wp-json\/wp\/v2\/posts\/142813\/revisions\/142815"}],"wp:featuredmedia":[{"embeddable":true,"href":"https:\/\/www.elsindical.com.ar\/notas\/wp-json\/wp\/v2\/media\/142814"}],"wp:attachment":[{"href":"https:\/\/www.elsindical.com.ar\/notas\/wp-json\/wp\/v2\/media?parent=142813"}],"wp:term":[{"taxonomy":"category","embeddable":true,"href":"https:\/\/www.elsindical.com.ar\/notas\/wp-json\/wp\/v2\/categories?post=142813"},{"taxonomy":"post_tag","embeddable":true,"href":"https:\/\/www.elsindical.com.ar\/notas\/wp-json\/wp\/v2\/tags?post=142813"}],"curies":[{"name":"wp","href":"https:\/\/api.w.org\/{rel}","templated":true}]}}